{"id":12278,"date":"2025-09-30T07:10:54","date_gmt":"2025-09-30T07:10:54","guid":{"rendered":"https:\/\/jointophat.com\/?p=12278"},"modified":"2025-10-10T08:23:12","modified_gmt":"2025-10-10T08:23:12","slug":"las-gorras-de-camionero-protegen-del-sol","status":"publish","type":"post","link":"https:\/\/jointophat.com\/es\/blog\/las-gorras-de-camionero-protegen-del-sol\/","title":{"rendered":"\u00bfLas gorras de camionero te protegen del sol?"},"content":{"rendered":"<div data-elementor-type=\"wp-post\" data-elementor-id=\"12278\" class=\"elementor elementor-12278\" data-elementor-post-type=\"post\">\n\t\t\t\t<div class=\"elementor-element elementor-element-eac5086 e-flex e-con-boxed e-con e-parent\" data-id=\"eac5086\" data-element_type=\"container\">\n\t\t\t\t\t<div class=\"e-con-inner\">\n\t\t\t\t<div class=\"elementor-element elementor-element-7ee49b8 elementor-widget elementor-widget-text-editor\" data-id=\"7ee49b8\" data-element_type=\"widget\" data-widget_type=\"text-editor.default\">\n\t\t\t\t<div class=\"elementor-widget-container\">\n\t\t\t\t\t\t\t\t\t<p data-start=\"19\" data-end=\"351\">Pasar tiempo al aire libre implica pensar en algo m\u00e1s que la comodidad: tambi\u00e9n es necesario proteger la piel del sol. Muchas personas optan por... <strong data-start=\"159\" data-end=\"174\">gorra de camionero<\/strong> Porque es transpirable, ligero y elegante. Pero aqu\u00ed est\u00e1 la pregunta: <strong data-start=\"255\" data-end=\"349\">\u00bfLas gorras de camionero realmente te protegen del sol o son m\u00e1s una cuesti\u00f3n de est\u00e9tica que de seguridad?<\/strong><\/p><p><img fetchpriority=\"high\" decoding=\"async\" class=\"aligncenter wp-image-9739\" title=\"Plano medio de un hombre en el desierto con gorra de camionero\" src=\"https:\/\/jointophat.com\/wp-content\/uploads\/2025\/05\/medium-shot-man-desert-with-trucker-hat_compressed-scaled.webp\" alt=\"Plano medio de un hombre en el desierto con gorra de camionero\" width=\"500\" height=\"333\" srcset=\"https:\/\/jointophat.com\/wp-content\/uploads\/2025\/05\/medium-shot-man-desert-with-trucker-hat_compressed-scaled.webp 2560w, https:\/\/jointophat.com\/wp-content\/uploads\/2025\/05\/medium-shot-man-desert-with-trucker-hat_compressed-300x200.webp 300w, https:\/\/jointophat.com\/wp-content\/uploads\/2025\/05\/medium-shot-man-desert-with-trucker-hat_compressed-1024x683.webp 1024w, https:\/\/jointophat.com\/wp-content\/uploads\/2025\/05\/medium-shot-man-desert-with-trucker-hat_compressed-768x512.webp 768w, https:\/\/jointophat.com\/wp-content\/uploads\/2025\/05\/medium-shot-man-desert-with-trucker-hat_compressed-1536x1024.webp 1536w, https:\/\/jointophat.com\/wp-content\/uploads\/2025\/05\/medium-shot-man-desert-with-trucker-hat_compressed-2048x1365.webp 2048w, https:\/\/jointophat.com\/wp-content\/uploads\/2025\/05\/medium-shot-man-desert-with-trucker-hat_compressed-18x12.webp 18w\" sizes=\"(max-width: 500px) 100vw, 500px\" \/><\/p><p data-start=\"353\" data-end=\"725\">En esta gu\u00eda, explicaremos c\u00f3mo funciona la protecci\u00f3n solar, d\u00f3nde se quedan cortas las gorras de camionero y qu\u00e9 recomiendan los expertos. Aprender\u00e1 cu\u00e1ndo una gorra de camionero es suficiente, c\u00f3mo aumentar su protecci\u00f3n y c\u00f3mo se compara con las gorras de ala ancha y las gorras legionarias. Al final, sabr\u00e1 exactamente c\u00f3mo encontrar el equilibrio perfecto entre estilo, comodidad y protecci\u00f3n UV al elegir su pr\u00f3xima gorra. Para obtener detalles de construcci\u00f3n y opciones de personalizaci\u00f3n, consulte nuestra <a href=\"https:\/\/jointophat.com\/es\/fabricante-de-gorras\/gorra-de-camionero\/\"><strong data-start=\"338\" data-end=\"426\">Fabricante de gorras de camionero<\/strong><\/a> p\u00e1gina.<\/p><h2 data-start=\"0\" data-end=\"54\">Respuesta r\u00e1pida (Qu\u00e9 protege realmente una gorra de camionero)<\/h2><p><img decoding=\"async\" class=\"aligncenter wp-image-6018\" title=\"Hombre sonriente posando con gorra de camionero, plano medio\" src=\"https:\/\/jointophat.com\/wp-content\/uploads\/2025\/01\/smiley-man-posing-with-trucker-hat-medium-shot-scaled.webp\" alt=\"Hombre sonriente posando con gorra de camionero, plano medio\" width=\"500\" height=\"333\" srcset=\"https:\/\/jointophat.com\/wp-content\/uploads\/2025\/01\/smiley-man-posing-with-trucker-hat-medium-shot-scaled.webp 2560w, https:\/\/jointophat.com\/wp-content\/uploads\/2025\/01\/smiley-man-posing-with-trucker-hat-medium-shot-300x200.webp 300w, https:\/\/jointophat.com\/wp-content\/uploads\/2025\/01\/smiley-man-posing-with-trucker-hat-medium-shot-1024x683.webp 1024w, https:\/\/jointophat.com\/wp-content\/uploads\/2025\/01\/smiley-man-posing-with-trucker-hat-medium-shot-768x512.webp 768w, https:\/\/jointophat.com\/wp-content\/uploads\/2025\/01\/smiley-man-posing-with-trucker-hat-medium-shot-1536x1024.webp 1536w, https:\/\/jointophat.com\/wp-content\/uploads\/2025\/01\/smiley-man-posing-with-trucker-hat-medium-shot-2048x1365.webp 2048w, https:\/\/jointophat.com\/wp-content\/uploads\/2025\/01\/smiley-man-posing-with-trucker-hat-medium-shot-18x12.webp 18w\" sizes=\"(max-width: 500px) 100vw, 500px\" \/><\/p><p data-start=\"56\" data-end=\"273\">Las gorras de camionero dan <strong data-start=\"74\" data-end=\"96\">protecci\u00f3n parcial<\/strong> del sol. El <strong data-start=\"115\" data-end=\"129\">ala delantera<\/strong> te da sombra a los ojos y a la frente, pero la <strong data-start=\"169\" data-end=\"192\">Parte trasera y laterales de malla<\/strong> Deja pasar los rayos UV. Eso significa que tus orejas, mejillas y cuello siguen expuestos.<\/p><p data-start=\"275\" data-end=\"560\">Funcionan bien para salidas cortas o cuando se combinan con <strong data-start=\"330\" data-end=\"358\">protector solar y gafas de sol<\/strong>, pero no son suficientes si se est\u00e1 al aire libre durante per\u00edodos prolongados o bajo una luz solar intensa. Para una mejor cobertura, los grupos de dermatolog\u00eda recomiendan <strong data-start=\"495\" data-end=\"537\">sombreros o gorras de ala ancha con solapas en el cuello<\/strong> junto con bloqueador solar. Para obtener orientaci\u00f3n oficial sobre la cobertura de la ala y los l\u00edmites de la gorra, consulte <a href=\"https:\/\/www.cdc.gov\/skin-cancer\/sun-safety\/index.html\"><strong data-start=\"376\" data-end=\"470\">Recomendaci\u00f3n de los CDC sobre el uso de sombreros de protecci\u00f3n solar<\/strong><\/a>.<\/p><h2 data-start=\"0\" data-end=\"41\">C\u00f3mo funciona la protecci\u00f3n solar (UPF + sombra)<\/h2><p><img decoding=\"async\" class=\"aligncenter wp-image-11596\" title=\"Dos hombres con gorras de camionero al aire libre\" src=\"https:\/\/jointophat.com\/wp-content\/uploads\/2025\/09\/Two-men-wearing-trucker-caps-outdoors.webp\" alt=\"Dos hombres con gorras de camionero al aire libre\" width=\"500\" height=\"334\" srcset=\"https:\/\/jointophat.com\/wp-content\/uploads\/2025\/09\/Two-men-wearing-trucker-caps-outdoors.webp 1302w, https:\/\/jointophat.com\/wp-content\/uploads\/2025\/09\/Two-men-wearing-trucker-caps-outdoors-300x200.webp 300w, https:\/\/jointophat.com\/wp-content\/uploads\/2025\/09\/Two-men-wearing-trucker-caps-outdoors-1024x683.webp 1024w, https:\/\/jointophat.com\/wp-content\/uploads\/2025\/09\/Two-men-wearing-trucker-caps-outdoors-768x513.webp 768w, https:\/\/jointophat.com\/wp-content\/uploads\/2025\/09\/Two-men-wearing-trucker-caps-outdoors-18x12.webp 18w\" sizes=\"(max-width: 500px) 100vw, 500px\" \/><\/p><p data-start=\"43\" data-end=\"405\">En cuanto a la protecci\u00f3n solar, la tela juega un papel fundamental. La ropa y los sombreros se prueban con <strong data-start=\"133\" data-end=\"172\">UPF (factor de protecci\u00f3n ultravioleta)<\/strong>, que mide la eficacia del tejido para bloquear los rayos UV. Por ejemplo, un factor de protecci\u00f3n solar (UPF) de 50 significa que el material solo deja pasar unos 2% de rayos UV, lo que proporciona una protecci\u00f3n s\u00f3lida. Los sombreros sin UPF pueden bloquear algo del sol, pero no con la misma fiabilidad. Para obtener una explicaci\u00f3n m\u00e1s detallada sobre los tejidos y sus clasificaciones, lea <a href=\"https:\/\/jointophat.com\/es\/blog\/gorra-de-beisbol-impermeable-con-proteccion-uv\/\"><strong data-start=\"645\" data-end=\"762\">Gorra de b\u00e9isbol impermeable y con protecci\u00f3n UV<\/strong><\/a>.<\/p><p data-start=\"407\" data-end=\"742\">Tambi\u00e9n es importante saber que <strong data-start=\"440\" data-end=\"475\">La sombra no es una protecci\u00f3n completa<\/strong>. Incluso si un sombrero te da sombra en la cara, <strong data-start=\"509\" data-end=\"538\">UV difuso y reflectante<\/strong> A\u00fan puede llegar a tu piel desde los lados, por debajo o rebotando en superficies como la arena y el agua. De hecho, estudios demuestran que los sombreros por s\u00ed solos proporcionan un factor de protecci\u00f3n facial \u00f3ptimo de aproximadamente 76%, no 100%.<\/p><h2 data-start=\"0\" data-end=\"48\">D\u00f3nde se quedan cortas las gorras de camionero (en comparaci\u00f3n con las de ala ancha)<\/h2><p><img loading=\"lazy\" decoding=\"async\" class=\"aligncenter wp-image-11591\" title=\"un hombre con una gorra de camionero\" src=\"https:\/\/jointophat.com\/wp-content\/uploads\/2025\/09\/a-man-in-a-trucker-cap-e1757642231152.webp\" alt=\"un hombre con una gorra de camionero\" width=\"500\" height=\"375\" srcset=\"https:\/\/jointophat.com\/wp-content\/uploads\/2025\/09\/a-man-in-a-trucker-cap-e1757642231152.webp 736w, https:\/\/jointophat.com\/wp-content\/uploads\/2025\/09\/a-man-in-a-trucker-cap-e1757642231152-300x225.webp 300w, https:\/\/jointophat.com\/wp-content\/uploads\/2025\/09\/a-man-in-a-trucker-cap-e1757642231152-16x12.webp 16w\" sizes=\"(max-width: 500px) 100vw, 500px\" \/><\/p><p data-start=\"50\" data-end=\"338\">Las gorras de camionero pueden parecer elegantes, pero dejan mucha piel al descubierto. <strong data-start=\"125\" data-end=\"157\">Las orejas y el cuello permanecen expuestos.<\/strong>Por eso, los expertos en dermatolog\u00eda afirman que las gorras est\u00e1ndar no son ideales para protegerse del sol. Esto puede ser un problema durante actividades prolongadas al aire libre, donde la exposici\u00f3n a los rayos UV se acumula r\u00e1pidamente.<\/p><p data-start=\"340\" data-end=\"708\">La visera tambi\u00e9n limita la cobertura. Una gorra de camionero <strong data-start=\"387\" data-end=\"437\">El pico peque\u00f1o sombrea principalmente la nariz y la frente.<\/strong>, pero no protege las mejillas, la barbilla ni los lados de la cara. Observa c\u00f3mo la forma del ala cambia la cobertura en <a href=\"https:\/\/jointophat.com\/es\/blog\/gorras-de-camionero-con-ala-curva-o-ala-plana\/\"><strong data-start=\"968\" data-end=\"1083\">Gorras de camionero con ala curva o ala plana<\/strong><\/a>.Y debido a que los paneles traseros y laterales est\u00e1n hechos con <strong data-start=\"553\" data-end=\"580\">malla o espuma perforada<\/strong>Los rayos UV pasan f\u00e1cilmente. Esto significa que no puedes confiar en ellos para una protecci\u00f3n completa como la que ofrece un sombrero de ala ancha.<\/p><ul data-start=\"710\" data-end=\"909\"><li data-start=\"710\" data-end=\"778\"><p data-start=\"712\" data-end=\"778\"><strong data-start=\"712\" data-end=\"727\">Puntos d\u00e9biles:<\/strong> Las orejas, el cuello, las mejillas y la barbilla quedan desprotegidos.<\/p><\/li><li data-start=\"779\" data-end=\"839\"><p data-start=\"781\" data-end=\"839\"><strong data-start=\"781\" data-end=\"797\">Paneles de malla:<\/strong> dejar entrar la luz del sol en lugar de bloquearla.<\/p><\/li><li data-start=\"840\" data-end=\"909\"><p data-start=\"842\" data-end=\"909\"><strong data-start=\"842\" data-end=\"856\">Tama\u00f1o del ala:<\/strong> Los sombreros de ala m\u00e1s corta cubren menos \u00e1rea que los sombreros de ala ancha.<\/p><\/li><\/ul><h2 data-start=\"0\" data-end=\"63\">Lo que recomiendan las organizaciones de dermatolog\u00eda\u00a0<\/h2><p><img loading=\"lazy\" decoding=\"async\" class=\"aligncenter wp-image-11659\" title=\"Gorra de camionero vintage negra desgastada con parte trasera de malla\" src=\"https:\/\/jointophat.com\/wp-content\/uploads\/2025\/09\/Distressed-black-vintage-trucker-cap-with-mesh-back.webp\" alt=\"Gorra de camionero vintage negra desgastada con parte trasera de malla\" width=\"500\" height=\"343\" srcset=\"https:\/\/jointophat.com\/wp-content\/uploads\/2025\/09\/Distressed-black-vintage-trucker-cap-with-mesh-back.webp 1280w, https:\/\/jointophat.com\/wp-content\/uploads\/2025\/09\/Distressed-black-vintage-trucker-cap-with-mesh-back-300x206.webp 300w, https:\/\/jointophat.com\/wp-content\/uploads\/2025\/09\/Distressed-black-vintage-trucker-cap-with-mesh-back-1024x703.webp 1024w, https:\/\/jointophat.com\/wp-content\/uploads\/2025\/09\/Distressed-black-vintage-trucker-cap-with-mesh-back-768x527.webp 768w, https:\/\/jointophat.com\/wp-content\/uploads\/2025\/09\/Distressed-black-vintage-trucker-cap-with-mesh-back-18x12.webp 18w\" sizes=\"(max-width: 500px) 100vw, 500px\" \/><\/p><p data-start=\"65\" data-end=\"466\">Los expertos coinciden en que el dise\u00f1o adecuado del sombrero marca una gran diferencia en la protecci\u00f3n solar. <strong data-start=\"147\" data-end=\"173\">Fundaci\u00f3n contra el c\u00e1ncer de piel<\/strong> recomienda elegir un sombrero con un <strong data-start=\"207\" data-end=\"241\">ala ancha de al menos 3 pulgadas<\/strong> por todas partes. Si prefieres un estilo de gorra, busca una <strong data-start=\"292\" data-end=\"351\">pico de al menos 3 pulgadas de largo con una cortina de cuello permanente<\/strong> Para cubrir las orejas y la nuca. Estas medidas ayudan a bloquear los rayos UV m\u00e1s directos desde diferentes \u00e1ngulos.<\/p><p data-start=\"468\" data-end=\"866\">La elecci\u00f3n de la tela es tan importante como el tama\u00f1o del ala. Seg\u00fan <strong data-start=\"530\" data-end=\"548\">Salud de Harvard<\/strong>, de tejido apretado <strong data-start=\"564\" data-end=\"586\">poli\u00e9ster o nailon<\/strong> Las telas ofrecen mayor protecci\u00f3n UV que los tejidos abiertos o la paja suelta. Cuanto m\u00e1s densa sea la tela, menos rayos la atraviesan. Esto significa que los dise\u00f1os ligeros de malla o ventilados, como los de la mayor\u00eda de las gorras de camionero, no cumplen con las recomendaciones profesionales de protecci\u00f3n solar.<\/p><ul data-start=\"868\" data-end=\"1096\"><li data-start=\"868\" data-end=\"929\"><p data-start=\"870\" data-end=\"929\"><strong data-start=\"870\" data-end=\"892\">El tama\u00f1o del ala importa:<\/strong> Al menos 3 pulgadas de ancho por todos lados.<\/p><\/li><li data-start=\"930\" data-end=\"981\"><p data-start=\"932\" data-end=\"981\"><strong data-start=\"932\" data-end=\"948\">Actualizaci\u00f3n de la tapa:<\/strong> Visera de 3 pulgadas m\u00e1s una cortina para el cuello.<\/p><\/li><li data-start=\"982\" data-end=\"1045\"><p data-start=\"984\" data-end=\"1045\"><strong data-start=\"984\" data-end=\"1002\">Elecci\u00f3n de la tela:<\/strong> El poli\u00e9ster o el nailon densos bloquean m\u00e1s rayos UV.<\/p><\/li><li data-start=\"1046\" data-end=\"1096\"><p data-start=\"1048\" data-end=\"1096\"><strong data-start=\"1048\" data-end=\"1058\">Evitar:<\/strong> tejidos abiertos, paja o paneles de malla.<\/p><\/li><\/ul><h2 data-start=\"0\" data-end=\"51\">Cuando una gorra de camionero es suficiente (el contexto importa)<\/h2><p><img loading=\"lazy\" decoding=\"async\" class=\"aligncenter wp-image-9132\" title=\"Plano medio de amigos sonrientes con gorras de camionero\" src=\"https:\/\/jointophat.com\/wp-content\/uploads\/2025\/04\/medium-shot-smiley-friends-with-trucker-hats-scaled.webp\" alt=\"Plano medio de amigos sonrientes con gorras de camionero\" width=\"500\" height=\"333\" srcset=\"https:\/\/jointophat.com\/wp-content\/uploads\/2025\/04\/medium-shot-smiley-friends-with-trucker-hats-scaled.webp 2560w, https:\/\/jointophat.com\/wp-content\/uploads\/2025\/04\/medium-shot-smiley-friends-with-trucker-hats-300x200.webp 300w, https:\/\/jointophat.com\/wp-content\/uploads\/2025\/04\/medium-shot-smiley-friends-with-trucker-hats-1024x683.webp 1024w, https:\/\/jointophat.com\/wp-content\/uploads\/2025\/04\/medium-shot-smiley-friends-with-trucker-hats-768x512.webp 768w, https:\/\/jointophat.com\/wp-content\/uploads\/2025\/04\/medium-shot-smiley-friends-with-trucker-hats-1536x1024.webp 1536w, https:\/\/jointophat.com\/wp-content\/uploads\/2025\/04\/medium-shot-smiley-friends-with-trucker-hats-2048x1366.webp 2048w, https:\/\/jointophat.com\/wp-content\/uploads\/2025\/04\/medium-shot-smiley-friends-with-trucker-hats-18x12.webp 18w\" sizes=\"(max-width: 500px) 100vw, 500px\" \/><\/p><p data-start=\"53\" data-end=\"388\">Hay situaciones en las que una gorra de camionero puede ser \u00fatil. <strong data-start=\"106\" data-end=\"133\">protecci\u00f3n solar adecuada<\/strong>, especialmente si se combina con otras medidas. Por ejemplo, cuando el <strong data-start=\"207\" data-end=\"236\">El \u00edndice UV es bajo (por debajo de 3)<\/strong>El riesgo de sufrir da\u00f1os en la piel es mucho menor. En estos casos, el ala de una gorra de camionero puede ser suficiente para proteger los ojos y la frente en salidas cortas.<\/p><p data-start=\"390\" data-end=\"684\">Una gorra de camionero tambi\u00e9n puede funcionar si la combinas con <strong data-start=\"438\" data-end=\"463\">Otros h\u00e1bitos de protecci\u00f3n solar<\/strong>Aplicar protector solar en las zonas expuestas, usar gafas de sol con filtro UV y permanecer a la sombra durante las horas punta son medidas \u00fatiles. En conjunto, estas medidas compensan las deficiencias de cobertura que dejan la malla y el ala peque\u00f1a.<\/p><ul data-start=\"686\" data-end=\"893\"><li data-start=\"686\" data-end=\"736\"><p data-start=\"688\" data-end=\"736\"><strong data-start=\"688\" data-end=\"701\">Ideal para:<\/strong> breves descansos al aire libre o recados.<\/p><\/li><li data-start=\"737\" data-end=\"819\"><p data-start=\"739\" data-end=\"819\"><strong data-start=\"739\" data-end=\"756\">\u00cdndice UV bajo:<\/strong> momentos m\u00e1s seguros del d\u00eda, generalmente temprano en la ma\u00f1ana o al final de la tarde.<\/p><\/li><li data-start=\"820\" data-end=\"893\"><p data-start=\"822\" data-end=\"893\"><strong data-start=\"822\" data-end=\"840\">Soporte adicional:<\/strong> El protector solar, las gafas de sol y la sombra llenan los vac\u00edos.<\/p><\/li><\/ul><h2 data-start=\"0\" data-end=\"73\">C\u00f3mo maximizar la protecci\u00f3n solar con una gorra de camionero (complementos pr\u00e1cticos)<\/h2><p><img loading=\"lazy\" decoding=\"async\" class=\"aligncenter wp-image-8857\" title=\"Ver gorra de camionero con b\u00e9isbol comprimido\" src=\"https:\/\/jointophat.com\/wp-content\/uploads\/2025\/04\/view-trucker-hat-with-baseball_compressed-scaled.webp\" alt=\"Ver gorra de camionero con b\u00e9isbol\" width=\"500\" height=\"334\" srcset=\"https:\/\/jointophat.com\/wp-content\/uploads\/2025\/04\/view-trucker-hat-with-baseball_compressed-scaled.webp 2560w, https:\/\/jointophat.com\/wp-content\/uploads\/2025\/04\/view-trucker-hat-with-baseball_compressed-300x200.webp 300w, https:\/\/jointophat.com\/wp-content\/uploads\/2025\/04\/view-trucker-hat-with-baseball_compressed-1024x684.webp 1024w, https:\/\/jointophat.com\/wp-content\/uploads\/2025\/04\/view-trucker-hat-with-baseball_compressed-768x513.webp 768w, https:\/\/jointophat.com\/wp-content\/uploads\/2025\/04\/view-trucker-hat-with-baseball_compressed-1536x1025.webp 1536w, https:\/\/jointophat.com\/wp-content\/uploads\/2025\/04\/view-trucker-hat-with-baseball_compressed-2048x1367.webp 2048w, https:\/\/jointophat.com\/wp-content\/uploads\/2025\/04\/view-trucker-hat-with-baseball_compressed-18x12.webp 18w\" sizes=\"(max-width: 500px) 100vw, 500px\" \/><\/p><p data-start=\"75\" data-end=\"397\">Si te encanta usar gorras de camionero, hay maneras de hacerlas m\u00e1s seguras bajo el sol. Primero, busca <strong data-start=\"174\" data-end=\"200\">Paneles frontales con clasificaci\u00f3n UPF<\/strong> Que bloquean los rayos UV con mayor eficacia. Evite la espuma perforada o los materiales ligeros que dejan pasar la luz solar. Estas mejoras marcan una gran diferencia en la protecci\u00f3n que ofrece su casco. Para conocer las opciones de piezas y paneles que afectan la sombra, consulte <a href=\"https:\/\/jointophat.com\/es\/blog\/que-es-una-gorra-de-camionero\/\"><strong data-start=\"1930\" data-end=\"2014\">\u00bfQu\u00e9 es una gorra de camionero?<\/strong><\/a>.\u00a0<\/p><p data-start=\"399\" data-end=\"672\">El <strong data-start=\"403\" data-end=\"432\">longitud del pico y parte inferior<\/strong> Tambi\u00e9n importa. Una visera ligeramente m\u00e1s larga (alrededor de 7 a 7,5 cm) da m\u00e1s sombra a tu rostro. Elegir un sombrero con... <strong data-start=\"540\" data-end=\"559\">ala oscura<\/strong> Ayuda a reducir el deslumbramiento y la radiaci\u00f3n UV que llega a los ojos. Este peque\u00f1o detalle puede mejorar la comodidad y la protecci\u00f3n.<\/p><p data-start=\"674\" data-end=\"720\">Para una mayor cobertura, considere caracter\u00edsticas adicionales:<\/p><ul data-start=\"722\" data-end=\"941\"><li data-start=\"722\" data-end=\"804\"><p data-start=\"724\" data-end=\"804\"><strong data-start=\"724\" data-end=\"757\">Solapa de cuello con clip o incorporada<\/strong> (estilo legionario) para proteger las orejas y el cuello.<\/p><\/li><li data-start=\"805\" data-end=\"881\"><p data-start=\"807\" data-end=\"881\"><strong data-start=\"807\" data-end=\"835\">Protector solar de amplio espectro<\/strong> en toda la piel expuesta, vuelva a aplicar seg\u00fan las indicaciones.<\/p><\/li><li data-start=\"882\" data-end=\"941\"><p data-start=\"884\" data-end=\"941\"><strong data-start=\"884\" data-end=\"910\">Gafas de sol con protecci\u00f3n UV<\/strong> Para una protecci\u00f3n completa de los ojos.<\/p><\/li><\/ul><p data-start=\"943\" data-end=\"1072\">Estos sencillos complementos garantizan que su gorra de camionero funcione como parte de un <strong data-start=\"1007\" data-end=\"1042\">estrategia de protecci\u00f3n solar en capas<\/strong> en lugar de quedarse solo.<\/p><h2 data-start=\"0\" data-end=\"62\">Gorra de camionero vs. gorra para el sol vs. gorra de legionario (comparaci\u00f3n r\u00e1pida)<\/h2><p><img loading=\"lazy\" decoding=\"async\" class=\"aligncenter wp-image-11059\" title=\"Gorras de rendimiento estilo camionero apiladas y un tablero de ajedrez\" src=\"https:\/\/jointophat.com\/wp-content\/uploads\/2025\/08\/Stacked-trucker-style-performance-hats-and-a-chessboard-e1755047899126.webp\" alt=\"Gorras de rendimiento estilo camionero apiladas y un tablero de ajedrez\" width=\"500\" height=\"375\" srcset=\"https:\/\/jointophat.com\/wp-content\/uploads\/2025\/08\/Stacked-trucker-style-performance-hats-and-a-chessboard-e1755047899126.webp 768w, https:\/\/jointophat.com\/wp-content\/uploads\/2025\/08\/Stacked-trucker-style-performance-hats-and-a-chessboard-e1755047899126-300x225.webp 300w, https:\/\/jointophat.com\/wp-content\/uploads\/2025\/08\/Stacked-trucker-style-performance-hats-and-a-chessboard-e1755047899126-16x12.webp 16w\" sizes=\"(max-width: 500px) 100vw, 500px\" \/><\/p><p data-start=\"64\" data-end=\"271\">No todos los sombreros protegen del sol por igual. Cada estilo tiene sus propias ventajas y desventajas, y la elecci\u00f3n correcta depende de cu\u00e1nta cobertura necesites y de d\u00f3nde pasar\u00e1s tiempo al aire libre.<\/p><p data-start=\"273\" data-end=\"524\">A <strong data-start=\"275\" data-end=\"290\">gorra de camionero<\/strong> Es popular por su frescura y estilo, pero solo ofrece <strong data-start=\"344\" data-end=\"366\">sombra parcial del rostro<\/strong>La ala protege los ojos y la frente, pero deja las orejas y el cuello al descubierto. Esto la convierte en una mejor opci\u00f3n para uso casual que para una exposici\u00f3n prolongada al sol. \u00bfBuscas alternativas informales de ala ancha? Explora <a href=\"https:\/\/jointophat.com\/es\/blog\/las-mejores-marcas-de-sombreros-de-pescador\/\"><strong data-start=\"2545\" data-end=\"2643\">Marcas de sombreros de pescador para protecci\u00f3n solar<\/strong><\/a>.<\/p><p data-start=\"526\" data-end=\"816\">A <strong data-start=\"528\" data-end=\"568\">sombrero para el sol de ala ancha (3 pulgadas o m\u00e1s)<\/strong> proporciona el <strong data-start=\"582\" data-end=\"609\">la mejor protecci\u00f3n general<\/strong>Sombrea el rostro, las orejas y el cuello a la vez. Cuando se combina con <strong data-start=\"676\" data-end=\"697\">Tejidos con clasificaci\u00f3n UPF<\/strong>Cumple con los est\u00e1ndares de expertos en seguridad solar, lo que lo convierte en la opci\u00f3n m\u00e1s confiable para viajes a la playa, senderismo o jardiner\u00eda.<\/p><p data-start=\"818\" data-end=\"1099\">El <strong data-start=\"822\" data-end=\"863\">gorra de legionario o de corredor con capa<\/strong> es un compromiso inteligente. Combina una gorra normal con una <strong data-start=\"920\" data-end=\"942\">solapa de cuello incorporada<\/strong>Ofrece una cobertura port\u00e1til y ligera. Este dise\u00f1o es especialmente \u00fatil para deportes y actividades al aire libre donde se necesita protecci\u00f3n solar y comodidad.<\/p><ul data-start=\"1101\" data-end=\"1310\"><li data-start=\"1101\" data-end=\"1168\"><p data-start=\"1103\" data-end=\"1168\"><strong data-start=\"1103\" data-end=\"1119\">Gorra de camionero:<\/strong> fresco y transpirable, pero <strong data-start=\"1145\" data-end=\"1165\">cobertura limitada<\/strong>.<\/p><\/li><li data-start=\"1169\" data-end=\"1235\"><p data-start=\"1171\" data-end=\"1235\"><strong data-start=\"1171\" data-end=\"1193\">Sombrero para el sol de ala ancha:<\/strong> M\u00e1xima sombra para cara, orejas y cuello.<\/p><\/li><li data-start=\"1236\" data-end=\"1310\"><p data-start=\"1238\" data-end=\"1310\"><strong data-start=\"1238\" data-end=\"1258\">Gorra de legionario:<\/strong> Opci\u00f3n deportiva pr\u00e1ctica con <strong data-start=\"1288\" data-end=\"1307\">protecci\u00f3n del cuello<\/strong>.<\/p><\/li><\/ul><h2 data-start=\"0\" data-end=\"38\">Consejos sobre materiales y colores (selecciones r\u00e1pidas)<\/h2><p><img loading=\"lazy\" decoding=\"async\" class=\"aligncenter wp-image-6017\" title=\"Tres gorras de camionero en marr\u00f3n, burdeos y rosa con parte trasera de malla.\" src=\"https:\/\/jointophat.com\/wp-content\/uploads\/2025\/01\/Three-trucker-hats-in-brown_-burgundy_-and-pink-with-mesh-backs-scaled.webp\" alt=\"Tres gorras de camionero en marr\u00f3n, burdeos y rosa con parte trasera de malla.\" width=\"500\" height=\"334\" srcset=\"https:\/\/jointophat.com\/wp-content\/uploads\/2025\/01\/Three-trucker-hats-in-brown_-burgundy_-and-pink-with-mesh-backs-scaled.webp 2560w, https:\/\/jointophat.com\/wp-content\/uploads\/2025\/01\/Three-trucker-hats-in-brown_-burgundy_-and-pink-with-mesh-backs-300x200.webp 300w, https:\/\/jointophat.com\/wp-content\/uploads\/2025\/01\/Three-trucker-hats-in-brown_-burgundy_-and-pink-with-mesh-backs-1024x683.webp 1024w, https:\/\/jointophat.com\/wp-content\/uploads\/2025\/01\/Three-trucker-hats-in-brown_-burgundy_-and-pink-with-mesh-backs-768x512.webp 768w, https:\/\/jointophat.com\/wp-content\/uploads\/2025\/01\/Three-trucker-hats-in-brown_-burgundy_-and-pink-with-mesh-backs-1536x1025.webp 1536w, https:\/\/jointophat.com\/wp-content\/uploads\/2025\/01\/Three-trucker-hats-in-brown_-burgundy_-and-pink-with-mesh-backs-2048x1366.webp 2048w, https:\/\/jointophat.com\/wp-content\/uploads\/2025\/01\/Three-trucker-hats-in-brown_-burgundy_-and-pink-with-mesh-backs-18x12.webp 18w\" sizes=\"(max-width: 500px) 100vw, 500px\" \/><\/p><p data-start=\"40\" data-end=\"357\">El <strong data-start=\"44\" data-end=\"71\">densidad y tipo de tela<\/strong> El tama\u00f1o de tu sombrero juega un papel importante en la cantidad de sol que bloquea. Los tejidos densos y las fibras sint\u00e9ticas como <strong data-start=\"168\" data-end=\"190\">poli\u00e9ster o nailon<\/strong> Suelen ser m\u00e1s eficaces que el algod\u00f3n suelto o la paja. Los colores m\u00e1s oscuros, o incluso los m\u00e1s brillantes, absorben m\u00e1s rayos UV que los tonos claros, lo que a\u00f1ade una capa de protecci\u00f3n adicional. Si te importan los materiales ecol\u00f3gicos, explora nuestra... <a href=\"https:\/\/jointophat.com\/es\/blog\/gorras-de-camionero-sostenibles\/\"><strong data-start=\"2820\" data-end=\"2909\">gorras de camionero sostenibles<\/strong><\/a> descripci\u00f3n general.\u00a0<\/p><p data-start=\"359\" data-end=\"644\">Por otro lado, <strong data-start=\"378\" data-end=\"399\">dise\u00f1os de malla abierta<\/strong>Al igual que los laterales de la mayor\u00eda de las gorras de camionero, permiten el paso directo de los rayos UV. Si busca protecci\u00f3n solar, evite la malla o la espuma perforada. En su lugar, busque paneles s\u00f3lidos de tejido apretado para crear una barrera m\u00e1s fiable contra los rayos da\u00f1inos.<\/p><ul data-start=\"646\" data-end=\"823\"><li data-start=\"646\" data-end=\"703\"><p data-start=\"648\" data-end=\"703\"><strong data-start=\"648\" data-end=\"663\">Mejores selecciones:<\/strong> poli\u00e9ster, nailon, tejidos de algod\u00f3n densos.<\/p><\/li><li data-start=\"704\" data-end=\"760\"><p data-start=\"706\" data-end=\"760\"><strong data-start=\"706\" data-end=\"727\">Colores que ayudan:<\/strong> tonos oscuros o brillantes vibrantes.<\/p><\/li><li data-start=\"761\" data-end=\"823\"><p data-start=\"763\" data-end=\"823\"><strong data-start=\"763\" data-end=\"773\">Evitar:<\/strong> mallas abiertas o telas finas que dejan pasar la luz solar.<\/p><\/li><\/ul><h2 data-start=\"0\" data-end=\"49\">Situaciones que necesitan m\u00e1s que una gorra de camionero<\/h2><p><img loading=\"lazy\" decoding=\"async\" class=\"aligncenter wp-image-6749\" title=\"Hombre con una elegante gorra de camionero amarilla y blanca\" src=\"https:\/\/jointophat.com\/wp-content\/uploads\/2025\/02\/Man-wearing-a-stylish-yellow-and-white-trucker-cap.webp\" alt=\"Hombre con una elegante gorra de camionero amarilla y blanca\" width=\"500\" height=\"281\" srcset=\"https:\/\/jointophat.com\/wp-content\/uploads\/2025\/02\/Man-wearing-a-stylish-yellow-and-white-trucker-cap.webp 2240w, https:\/\/jointophat.com\/wp-content\/uploads\/2025\/02\/Man-wearing-a-stylish-yellow-and-white-trucker-cap-300x169.webp 300w, https:\/\/jointophat.com\/wp-content\/uploads\/2025\/02\/Man-wearing-a-stylish-yellow-and-white-trucker-cap-1024x576.webp 1024w, https:\/\/jointophat.com\/wp-content\/uploads\/2025\/02\/Man-wearing-a-stylish-yellow-and-white-trucker-cap-768x432.webp 768w, https:\/\/jointophat.com\/wp-content\/uploads\/2025\/02\/Man-wearing-a-stylish-yellow-and-white-trucker-cap-1536x864.webp 1536w, https:\/\/jointophat.com\/wp-content\/uploads\/2025\/02\/Man-wearing-a-stylish-yellow-and-white-trucker-cap-2048x1152.webp 2048w, https:\/\/jointophat.com\/wp-content\/uploads\/2025\/02\/Man-wearing-a-stylish-yellow-and-white-trucker-cap-18x10.webp 18w\" sizes=\"(max-width: 500px) 100vw, 500px\" \/><\/p><p data-start=\"51\" data-end=\"429\">Una gorra de camionero puede estar bien para obtener sombra r\u00e1pidamente, pero en ciertas situaciones, simplemente no es suficiente. <strong data-start=\"149\" data-end=\"163\">sol del mediod\u00eda<\/strong> (generalmente entre las 10 a. m. y las 4 p. m.) produce los niveles m\u00e1s altos de rayos UV, y una ala peque\u00f1a no cubrir\u00e1 los lados de la cara. En entornos reflectantes como <strong data-start=\"315\" data-end=\"339\">agua, nieve o arena<\/strong> Tambi\u00e9n rebotan los rayos UV hacia arriba, lo que hace que sea m\u00e1s f\u00e1cil quemarse incluso si llevas puesto un sombrero.<\/p><p data-start=\"431\" data-end=\"775\">Actividades prolongadas al aire libre o tiempo pasado en <strong data-start=\"472\" data-end=\"493\">ubicaciones con alta exposici\u00f3n a rayos UV<\/strong>\u2014como zonas tropicales, monta\u00f1osas o cerca del ecuador\u2014 requieren una protecci\u00f3n m\u00e1s fuerte. En estos casos, es mejor cambiar a un <strong data-start=\"621\" data-end=\"642\">sombrero para el sol de ala ancha<\/strong> o a\u00f1adir un <strong data-start=\"652\" data-end=\"668\">capa con clip<\/strong> para tu gorra de camionero. Siempre combina las gorras con <strong data-start=\"713\" data-end=\"741\">protector solar y gafas de sol<\/strong> Para cubrir la piel y los ojos expuestos.<\/p><ul data-start=\"777\" data-end=\"1006\"><li data-start=\"777\" data-end=\"836\"><p data-start=\"779\" data-end=\"836\"><strong data-start=\"779\" data-end=\"812\">Evite depender de las gorras de camionero<\/strong> durante las horas pico de rayos UV.<\/p><\/li><li data-start=\"837\" data-end=\"895\"><p data-start=\"839\" data-end=\"895\"><strong data-start=\"839\" data-end=\"861\">Protecci\u00f3n de actualizaci\u00f3n<\/strong> cuando est\u00e9 cerca del agua, la nieve o la arena.<\/p><\/li><li data-start=\"896\" data-end=\"949\"><p data-start=\"898\" data-end=\"949\"><strong data-start=\"898\" data-end=\"929\">Utilice sombreros de ala ancha o capas<\/strong> en zonas con alta exposici\u00f3n a rayos UV.<\/p><\/li><li data-start=\"950\" data-end=\"1006\"><p data-start=\"952\" data-end=\"1006\"><strong data-start=\"952\" data-end=\"985\">Combinar con gafas de sol SPF +<\/strong> Para una cobertura completa.<\/p><\/li><\/ul><h2 data-start=\"0\" data-end=\"26\">\u00bfListo para comenzar?<\/h2><p><img loading=\"lazy\" decoding=\"async\" class=\"aligncenter wp-image-6016\" title=\"Pareja de patinadores con gorra de camionero\" src=\"https:\/\/jointophat.com\/wp-content\/uploads\/2025\/01\/skater-couple-wearing-trucker-hat-scaled.webp\" alt=\"Pareja de patinadores con gorra de camionero\" width=\"500\" height=\"333\" srcset=\"https:\/\/jointophat.com\/wp-content\/uploads\/2025\/01\/skater-couple-wearing-trucker-hat-scaled.webp 2560w, https:\/\/jointophat.com\/wp-content\/uploads\/2025\/01\/skater-couple-wearing-trucker-hat-300x200.webp 300w, https:\/\/jointophat.com\/wp-content\/uploads\/2025\/01\/skater-couple-wearing-trucker-hat-1024x683.webp 1024w, https:\/\/jointophat.com\/wp-content\/uploads\/2025\/01\/skater-couple-wearing-trucker-hat-768x512.webp 768w, https:\/\/jointophat.com\/wp-content\/uploads\/2025\/01\/skater-couple-wearing-trucker-hat-1536x1024.webp 1536w, https:\/\/jointophat.com\/wp-content\/uploads\/2025\/01\/skater-couple-wearing-trucker-hat-2048x1365.webp 2048w, https:\/\/jointophat.com\/wp-content\/uploads\/2025\/01\/skater-couple-wearing-trucker-hat-18x12.webp 18w\" sizes=\"(max-width: 500px) 100vw, 500px\" \/><\/p><p data-start=\"28\" data-end=\"345\">Crear <strong data-start=\"35\" data-end=\"58\">gorras de camionero personalizadas<\/strong> que combinan estilo con una protecci\u00f3n solar m\u00e1s inteligente. Mejora los dise\u00f1os cl\u00e1sicos con <strong data-start=\"136\" data-end=\"195\">Telas con clasificaci\u00f3n UPF, alas m\u00e1s largas y solapas de cuello con clip<\/strong> Para equilibrar la transpirabilidad y la protecci\u00f3n UV. A\u00f1ade detalles como viseras oscuras, bandas que absorben el sudor y paneles ligeros para mayor comodidad al aire libre durante todo el d\u00eda.<\/p><p data-start=\"347\" data-end=\"678\">En <a href=\"https:\/\/jointophat.com\/es\/\"><strong data-start=\"350\" data-end=\"361\">\u00danase a Top<\/strong><\/a>Ofrecemos servicios OEM\/ODM completos con f\u00e1bricas asociadas en China, Bangladesh y Vietnam. Ofrecemos muestreo r\u00e1pido, precios justos y pedidos flexibles que se adaptan a las necesidades de su proyecto. <a href=\"https:\/\/jointophat.com\/es\/contactenos\/\"><strong data-start=\"545\" data-end=\"565\">Cont\u00e1ctenos hoy<\/strong><\/a> para solicitar muestras, explorar estilos protectores y comenzar su proyecto de gorra de camionero personalizada con confianza.<\/p>\t\t\t\t\t\t\t\t<\/div>\n\t\t\t\t<\/div>\n\t\t\t\t<div class=\"elementor-element elementor-element-12c9851 elementor-widget elementor-widget-heading\" data-id=\"12c9851\" data-element_type=\"widget\" data-widget_type=\"heading.default\">\n\t\t\t\t<div class=\"elementor-widget-container\">\n\t\t\t\t\t<h2 class=\"elementor-heading-title elementor-size-default\">Preguntas frecuentes<\/h2>\t\t\t\t<\/div>\n\t\t\t\t<\/div>\n\t\t\t\t<div class=\"elementor-element elementor-element-ceb339d elementor-widget elementor-widget-n-accordion\" data-id=\"ceb339d\" data-element_type=\"widget\" data-settings=\"{&quot;default_state&quot;:&quot;expanded&quot;,&quot;max_items_expended&quot;:&quot;one&quot;,&quot;n_accordion_animation_duration&quot;:{&quot;unit&quot;:&quot;ms&quot;,&quot;size&quot;:400,&quot;sizes&quot;:[]}}\" data-widget_type=\"nested-accordion.default\">\n\t\t\t\t<div class=\"elementor-widget-container\">\n\t\t\t\t\t\t\t<div class=\"e-n-accordion\" aria-label=\"Acorde\u00f3n. Abra los enlaces con Enter o Espacio, ci\u00e9rrelos con Escape y navegue con las teclas de flecha\">\n\t\t\t\t\t\t<details id=\"e-n-accordion-item-2160\" class=\"e-n-accordion-item\" open>\n\t\t\t\t<summary class=\"e-n-accordion-item-title\" data-accordion-index=\"1\" tabindex=\"0\" aria-expanded=\"true\" aria-controls=\"e-n-accordion-item-2160\" >\n\t\t\t\t\t<span class='e-n-accordion-item-title-header'><div class=\"e-n-accordion-item-title-text\"> \u00bfPuedo hacer que una gorra de camionero sea m\u00e1s protectora sin cambiar su apariencia? <\/div><\/span>\n\t\t\t\t\t\t\t<span class='e-n-accordion-item-title-icon'>\n\t\t\t<span class='e-opened' ><svg aria-hidden=\"true\" class=\"e-font-icon-svg e-fas-minus\" viewbox=\"0 0 448 512\" xmlns=\"http:\/\/www.w3.org\/2000\/svg\"><path d=\"M416 208H32c-17.67 0-32 14.33-32 32v32c0 17.67 14.33 32 32 32h384c17.67 0 32-14.33 32-32v-32c0-17.67-14.33-32-32-32z\"><\/path><\/svg><\/span>\n\t\t\t<span class='e-closed'><svg aria-hidden=\"true\" class=\"e-font-icon-svg e-fas-plus\" viewbox=\"0 0 448 512\" xmlns=\"http:\/\/www.w3.org\/2000\/svg\"><path d=\"M416 208H272V64c0-17.67-14.33-32-32-32h-32c-17.67 0-32 14.33-32 32v144H32c-17.67 0-32 14.33-32 32v32c0 17.67 14.33 32 32 32h144v144c0 17.67 14.33 32 32 32h32c17.67 0 32-14.33 32-32V304h144c17.67 0 32-14.33 32-32v-32c0-17.67-14.33-32-32-32z\"><\/path><\/svg><\/span>\n\t\t<\/span>\n\n\t\t\t\t\t\t<\/summary>\n\t\t\t\t<div role=\"region\" aria-labelledby=\"e-n-accordion-item-2160\" class=\"elementor-element elementor-element-3020779 e-con-full e-flex e-con e-child\" data-id=\"3020779\" data-element_type=\"container\">\n\t\t\t\t<div class=\"elementor-element elementor-element-a435fc3 elementor-widget elementor-widget-text-editor\" data-id=\"a435fc3\" data-element_type=\"widget\" data-widget_type=\"text-editor.default\">\n\t\t\t\t<div class=\"elementor-widget-container\">\n\t\t\t\t\t\t\t\t\t<p>S\u00ed. Puedes a\u00f1adir un clip. <strong data-start=\"113\" data-end=\"126\">solapa del cuello<\/strong>, usar <strong data-start=\"132\" data-end=\"152\">Paneles con clasificaci\u00f3n UPF<\/strong>Y elige una visera un poco m\u00e1s larga. Estas mejoras conservan el aspecto cl\u00e1sico y mejoran la protecci\u00f3n solar.<\/p>\t\t\t\t\t\t\t\t<\/div>\n\t\t\t\t<\/div>\n\t\t\t\t<\/div>\n\t\t\t\t\t<\/details>\n\t\t\t\t\t\t<details id=\"e-n-accordion-item-2161\" class=\"e-n-accordion-item\" >\n\t\t\t\t<summary class=\"e-n-accordion-item-title\" data-accordion-index=\"2\" tabindex=\"-1\" aria-expanded=\"false\" aria-controls=\"e-n-accordion-item-2161\" >\n\t\t\t\t\t<span class='e-n-accordion-item-title-header'><div class=\"e-n-accordion-item-title-text\"> \u00bfLos colores m\u00e1s oscuros siempre protegen mejor que los m\u00e1s claros? <\/div><\/span>\n\t\t\t\t\t\t\t<span class='e-n-accordion-item-title-icon'>\n\t\t\t<span class='e-opened' ><svg aria-hidden=\"true\" class=\"e-font-icon-svg e-fas-minus\" viewbox=\"0 0 448 512\" xmlns=\"http:\/\/www.w3.org\/2000\/svg\"><path d=\"M416 208H32c-17.67 0-32 14.33-32 32v32c0 17.67 14.33 32 32 32h384c17.67 0 32-14.33 32-32v-32c0-17.67-14.33-32-32-32z\"><\/path><\/svg><\/span>\n\t\t\t<span class='e-closed'><svg aria-hidden=\"true\" class=\"e-font-icon-svg e-fas-plus\" viewbox=\"0 0 448 512\" xmlns=\"http:\/\/www.w3.org\/2000\/svg\"><path d=\"M416 208H272V64c0-17.67-14.33-32-32-32h-32c-17.67 0-32 14.33-32 32v144H32c-17.67 0-32 14.33-32 32v32c0 17.67 14.33 32 32 32h144v144c0 17.67 14.33 32 32 32h32c17.67 0 32-14.33 32-32V304h144c17.67 0 32-14.33 32-32v-32c0-17.67-14.33-32-32-32z\"><\/path><\/svg><\/span>\n\t\t<\/span>\n\n\t\t\t\t\t\t<\/summary>\n\t\t\t\t<div role=\"region\" aria-labelledby=\"e-n-accordion-item-2161\" class=\"elementor-element elementor-element-4cfa636 e-con-full e-flex e-con e-child\" data-id=\"4cfa636\" data-element_type=\"container\">\n\t\t\t\t<div class=\"elementor-element elementor-element-201f38c elementor-widget elementor-widget-text-editor\" data-id=\"201f38c\" data-element_type=\"widget\" data-widget_type=\"text-editor.default\">\n\t\t\t\t<div class=\"elementor-widget-container\">\n\t\t\t\t\t\t\t\t\t<p>En general, los colores m\u00e1s oscuros o brillantes bloquean m\u00e1s los rayos UV que los tonos p\u00e1lidos. Pero la protecci\u00f3n tambi\u00e9n depende de <strong data-start=\"423\" data-end=\"451\">densidad y trama de la tela<\/strong>, no s\u00f3lo el color.<\/p>\t\t\t\t\t\t\t\t<\/div>\n\t\t\t\t<\/div>\n\t\t\t\t<\/div>\n\t\t\t\t\t<\/details>\n\t\t\t\t\t\t<details id=\"e-n-accordion-item-2162\" class=\"e-n-accordion-item\" >\n\t\t\t\t<summary class=\"e-n-accordion-item-title\" data-accordion-index=\"3\" tabindex=\"-1\" aria-expanded=\"false\" aria-controls=\"e-n-accordion-item-2162\" >\n\t\t\t\t\t<span class='e-n-accordion-item-title-header'><div class=\"e-n-accordion-item-title-text\"> \u00bfSon seguras las gorras de camionero para los ni\u00f1os bajo el sol fuerte? <\/div><\/span>\n\t\t\t\t\t\t\t<span class='e-n-accordion-item-title-icon'>\n\t\t\t<span class='e-opened' ><svg aria-hidden=\"true\" class=\"e-font-icon-svg e-fas-minus\" viewbox=\"0 0 448 512\" xmlns=\"http:\/\/www.w3.org\/2000\/svg\"><path d=\"M416 208H32c-17.67 0-32 14.33-32 32v32c0 17.67 14.33 32 32 32h384c17.67 0 32-14.33 32-32v-32c0-17.67-14.33-32-32-32z\"><\/path><\/svg><\/span>\n\t\t\t<span class='e-closed'><svg aria-hidden=\"true\" class=\"e-font-icon-svg e-fas-plus\" viewbox=\"0 0 448 512\" xmlns=\"http:\/\/www.w3.org\/2000\/svg\"><path d=\"M416 208H272V64c0-17.67-14.33-32-32-32h-32c-17.67 0-32 14.33-32 32v144H32c-17.67 0-32 14.33-32 32v32c0 17.67 14.33 32 32 32h144v144c0 17.67 14.33 32 32 32h32c17.67 0 32-14.33 32-32V304h144c17.67 0 32-14.33 32-32v-32c0-17.67-14.33-32-32-32z\"><\/path><\/svg><\/span>\n\t\t<\/span>\n\n\t\t\t\t\t\t<\/summary>\n\t\t\t\t<div role=\"region\" aria-labelledby=\"e-n-accordion-item-2162\" class=\"elementor-element elementor-element-818c3bf e-con-full e-flex e-con e-child\" data-id=\"818c3bf\" data-element_type=\"container\">\n\t\t\t\t<div class=\"elementor-element elementor-element-c6afe31 elementor-widget elementor-widget-text-editor\" data-id=\"c6afe31\" data-element_type=\"widget\" data-widget_type=\"text-editor.default\">\n\t\t\t\t<div class=\"elementor-widget-container\">\n\t\t\t\t\t\t\t\t\t<p>No por s\u00ed solos. La piel de los ni\u00f1os es m\u00e1s sensible a los rayos UV, as\u00ed que combina una gorra de camionero con <strong data-start=\"620\" data-end=\"656\">protector solar, gafas de sol y sombra<\/strong> o cambiar a un sombrero para el sol de ala ancha.<\/p>\t\t\t\t\t\t\t\t<\/div>\n\t\t\t\t<\/div>\n\t\t\t\t<\/div>\n\t\t\t\t\t<\/details>\n\t\t\t\t\t\t<details id=\"e-n-accordion-item-2163\" class=\"e-n-accordion-item\" >\n\t\t\t\t<summary class=\"e-n-accordion-item-title\" data-accordion-index=\"4\" tabindex=\"-1\" aria-expanded=\"false\" aria-controls=\"e-n-accordion-item-2163\" >\n\t\t\t\t\t<span class='e-n-accordion-item-title-header'><div class=\"e-n-accordion-item-title-text\"> \u00bfPueden producirse da\u00f1os por reflexi\u00f3n de los rayos UV incluso si me siento a la sombra? <\/div><\/span>\n\t\t\t\t\t\t\t<span class='e-n-accordion-item-title-icon'>\n\t\t\t<span class='e-opened' ><svg aria-hidden=\"true\" class=\"e-font-icon-svg e-fas-minus\" viewbox=\"0 0 448 512\" xmlns=\"http:\/\/www.w3.org\/2000\/svg\"><path d=\"M416 208H32c-17.67 0-32 14.33-32 32v32c0 17.67 14.33 32 32 32h384c17.67 0 32-14.33 32-32v-32c0-17.67-14.33-32-32-32z\"><\/path><\/svg><\/span>\n\t\t\t<span class='e-closed'><svg aria-hidden=\"true\" class=\"e-font-icon-svg e-fas-plus\" viewbox=\"0 0 448 512\" xmlns=\"http:\/\/www.w3.org\/2000\/svg\"><path d=\"M416 208H272V64c0-17.67-14.33-32-32-32h-32c-17.67 0-32 14.33-32 32v144H32c-17.67 0-32 14.33-32 32v32c0 17.67 14.33 32 32 32h144v144c0 17.67 14.33 32 32 32h32c17.67 0 32-14.33 32-32V304h144c17.67 0 32-14.33 32-32v-32c0-17.67-14.33-32-32-32z\"><\/path><\/svg><\/span>\n\t\t<\/span>\n\n\t\t\t\t\t\t<\/summary>\n\t\t\t\t<div role=\"region\" aria-labelledby=\"e-n-accordion-item-2163\" class=\"elementor-element elementor-element-c51f9f8 e-flex e-con-boxed e-con e-child\" data-id=\"c51f9f8\" data-element_type=\"container\">\n\t\t\t\t\t<div class=\"e-con-inner\">\n\t\t\t\t<div class=\"elementor-element elementor-element-b21635a elementor-widget elementor-widget-text-editor\" data-id=\"b21635a\" data-element_type=\"widget\" data-widget_type=\"text-editor.default\">\n\t\t\t\t<div class=\"elementor-widget-container\">\n\t\t\t\t\t\t\t\t\t<p>S\u00ed. Los rayos ultravioleta pueden <strong data-start=\"778\" data-end=\"817\">rebotar en la arena, el agua o el hormig\u00f3n<\/strong> y a\u00fan as\u00ed llegar a tu piel. Por eso, los sombreros, el protector solar y la ropa protectora funcionan mejor juntos.<\/p>\t\t\t\t\t\t\t\t<\/div>\n\t\t\t\t<\/div>\n\t\t\t\t\t<\/div>\n\t\t\t\t<\/div>\n\t\t\t\t\t<\/details>\n\t\t\t\t\t\t<details id=\"e-n-accordion-item-2164\" class=\"e-n-accordion-item\" >\n\t\t\t\t<summary class=\"e-n-accordion-item-title\" data-accordion-index=\"5\" tabindex=\"-1\" aria-expanded=\"false\" aria-controls=\"e-n-accordion-item-2164\" >\n\t\t\t\t\t<span class='e-n-accordion-item-title-header'><div class=\"e-n-accordion-item-title-text\"> \u00bfCon qu\u00e9 frecuencia debo volver a aplicar protector solar si uso sombrero? <\/div><\/span>\n\t\t\t\t\t\t\t<span class='e-n-accordion-item-title-icon'>\n\t\t\t<span class='e-opened' ><svg aria-hidden=\"true\" class=\"e-font-icon-svg e-fas-minus\" viewbox=\"0 0 448 512\" xmlns=\"http:\/\/www.w3.org\/2000\/svg\"><path d=\"M416 208H32c-17.67 0-32 14.33-32 32v32c0 17.67 14.33 32 32 32h384c17.67 0 32-14.33 32-32v-32c0-17.67-14.33-32-32-32z\"><\/path><\/svg><\/span>\n\t\t\t<span class='e-closed'><svg aria-hidden=\"true\" class=\"e-font-icon-svg e-fas-plus\" viewbox=\"0 0 448 512\" xmlns=\"http:\/\/www.w3.org\/2000\/svg\"><path d=\"M416 208H272V64c0-17.67-14.33-32-32-32h-32c-17.67 0-32 14.33-32 32v144H32c-17.67 0-32 14.33-32 32v32c0 17.67 14.33 32 32 32h144v144c0 17.67 14.33 32 32 32h32c17.67 0 32-14.33 32-32V304h144c17.67 0 32-14.33 32-32v-32c0-17.67-14.33-32-32-32z\"><\/path><\/svg><\/span>\n\t\t<\/span>\n\n\t\t\t\t\t\t<\/summary>\n\t\t\t\t<div role=\"region\" aria-labelledby=\"e-n-accordion-item-2164\" class=\"elementor-element elementor-element-a012f36 e-flex e-con-boxed e-con e-child\" data-id=\"a012f36\" data-element_type=\"container\">\n\t\t\t\t\t<div class=\"e-con-inner\">\n\t\t\t\t<div class=\"elementor-element elementor-element-b9e9a77 elementor-widget elementor-widget-text-editor\" data-id=\"b9e9a77\" data-element_type=\"widget\" data-widget_type=\"text-editor.default\">\n\t\t\t\t<div class=\"elementor-widget-container\">\n\t\t\t\t\t\t\t\t\t<p>Cada <strong data-start=\"992\" data-end=\"1005\">dos horas<\/strong>O con m\u00e1s frecuencia si sudas o nadas. Un sombrero reduce la exposici\u00f3n, pero sigue siendo necesario usar protector solar en las zonas descubiertas.<\/p>\t\t\t\t\t\t\t\t<\/div>\n\t\t\t\t<\/div>\n\t\t\t\t\t<\/div>\n\t\t\t\t<\/div>\n\t\t\t\t\t<\/details>\n\t\t\t\t\t<\/div>\n\t\t\t\t\t\t<\/div>\n\t\t\t\t<\/div>\n\t\t\t\t\t<\/div>\n\t\t\t\t<\/div>\n\t\t\t\t<\/div>","protected":false},"excerpt":{"rendered":"<p>Las gorras de camionero bloquean parte del sol con su ala frontal, pero dejan expuestas las orejas, el cuello y los costados. Para una protecci\u00f3n total contra los rayos UV, a\u00f1ade protector solar o usa estilos de ala ancha.<\/p>","protected":false},"author":3,"featured_media":9739,"comment_status":"open","ping_status":"open","sticky":false,"template":"","format":"standard","meta":{"_monsterinsights_skip_tracking":false,"_monsterinsights_sitenote_active":false,"_monsterinsights_sitenote_note":"","_monsterinsights_sitenote_category":0,"footnotes":""},"categories":[14],"tags":[16],"class_list":["post-12278","post","type-post","status-publish","format-standard","has-post-thumbnail","hentry","category-blog","tag-trucker-hats"],"_links":{"self":[{"href":"https:\/\/jointophat.com\/es\/wp-json\/wp\/v2\/posts\/12278","targetHints":{"allow":["GET"]}}],"collection":[{"href":"https:\/\/jointophat.com\/es\/wp-json\/wp\/v2\/posts"}],"about":[{"href":"https:\/\/jointophat.com\/es\/wp-json\/wp\/v2\/types\/post"}],"author":[{"embeddable":true,"href":"https:\/\/jointophat.com\/es\/wp-json\/wp\/v2\/users\/3"}],"replies":[{"embeddable":true,"href":"https:\/\/jointophat.com\/es\/wp-json\/wp\/v2\/comments?post=12278"}],"version-history":[{"count":32,"href":"https:\/\/jointophat.com\/es\/wp-json\/wp\/v2\/posts\/12278\/revisions"}],"predecessor-version":[{"id":12405,"href":"https:\/\/jointophat.com\/es\/wp-json\/wp\/v2\/posts\/12278\/revisions\/12405"}],"wp:featuredmedia":[{"embeddable":true,"href":"https:\/\/jointophat.com\/es\/wp-json\/wp\/v2\/media\/9739"}],"wp:attachment":[{"href":"https:\/\/jointophat.com\/es\/wp-json\/wp\/v2\/media?parent=12278"}],"wp:term":[{"taxonomy":"category","embeddable":true,"href":"https:\/\/jointophat.com\/es\/wp-json\/wp\/v2\/categories?post=12278"},{"taxonomy":"post_tag","embeddable":true,"href":"https:\/\/jointophat.com\/es\/wp-json\/wp\/v2\/tags?post=12278"}],"curies":[{"name":"Gracias","href":"https:\/\/api.w.org\/{rel}","templated":true}]}}