{"id":11026,"date":"2025-08-22T03:02:27","date_gmt":"2025-08-22T03:02:27","guid":{"rendered":"https:\/\/jointophat.com\/?p=11026"},"modified":"2025-08-25T02:23:59","modified_gmt":"2025-08-25T02:23:59","slug":"chapeaux-performants-classes-upf-pour-la-protection-solaire","status":"publish","type":"post","link":"https:\/\/jointophat.com\/fr\/blog\/chapeaux-performants-classes-upf-pour-la-protection-solaire\/","title":{"rendered":"Chapeaux performants avec protection solaire UPF"},"content":{"rendered":"<div data-elementor-type=\"wp-post\" data-elementor-id=\"11026\" class=\"elementor elementor-11026\" data-elementor-post-type=\"post\">\n\t\t\t\t<div class=\"elementor-element elementor-element-e776c6d e-flex e-con-boxed e-con e-parent\" data-id=\"e776c6d\" data-element_type=\"container\">\n\t\t\t\t\t<div class=\"e-con-inner\">\n\t\t\t\t<div class=\"elementor-element elementor-element-24f2045 elementor-widget elementor-widget-text-editor\" data-id=\"24f2045\" data-element_type=\"widget\" data-widget_type=\"text-editor.default\">\n\t\t\t\t<div class=\"elementor-widget-container\">\n\t\t\t\t\t\t\t\t\t<p>Passer du temps \u00e0 l&#039;ext\u00e9rieur est bon pour la sant\u00e9 et le bien-\u00eatre, mais trop de soleil peut ab\u00eemer la peau. La cr\u00e8me solaire est utile, mais elle oublie souvent les zones sensibles comme le cuir chevelu, les oreilles et le cou. C&#039;est l\u00e0 que \u00e7a se passe. <strong data-start=\"228\" data-end=\"277\"><a href=\"https:\/\/jointophat.com\/fr\/fabricant-de-casquettes\/chapeau-impermeable\/\">Chapeaux de performance class\u00e9s UPF<\/a> pour la protection solaire<\/strong> Entrez.<\/p><p><img fetchpriority=\"high\" decoding=\"async\" class=\"aligncenter wp-image-11099\" title=\"Chapeau noir UPF \u00e0 large bord et cravate\" src=\"https:\/\/jointophat.com\/wp-content\/uploads\/2025\/08\/Black-UPF-rated-hat-with-a-wide-brim-and-tie-e1755069940974.webp\" alt=\"Chapeau noir UPF \u00e0 large bord et cravate\" width=\"500\" height=\"269\" srcset=\"https:\/\/jointophat.com\/wp-content\/uploads\/2025\/08\/Black-UPF-rated-hat-with-a-wide-brim-and-tie-e1755069940974.webp 672w, https:\/\/jointophat.com\/wp-content\/uploads\/2025\/08\/Black-UPF-rated-hat-with-a-wide-brim-and-tie-e1755069940974-300x162.webp 300w, https:\/\/jointophat.com\/wp-content\/uploads\/2025\/08\/Black-UPF-rated-hat-with-a-wide-brim-and-tie-e1755069940974-18x10.webp 18w\" sizes=\"(max-width: 500px) 100vw, 500px\" \/><\/p><p data-start=\"112\" data-end=\"492\">Ces chapeaux sont fabriqu\u00e9s dans des tissus qui bloquent les rayons UV nocifs, ce qui les rend plus fiables que les couvre-chefs classiques. Ils offrent confort, <a href=\"https:\/\/jointophat.com\/fr\/fabricant-de-casquettes\/casquette-en-maille\/\">respirabilit\u00e9<\/a>, et du style tout en offrant une protection solaire efficace. Que vous couriez, randonniez, p\u00eachiez ou vous d\u00e9tendiez en plein air, un chapeau UPF est un choix judicieux pour une protection solaire quotidienne. Pour en savoir plus sur les styles et les coupes, consultez notre <a href=\"https:\/\/jointophat.com\/fr\/blog\/guide-des-chapeaux-de-performance\/\">Guide des chapeaux de performance<\/a>.<\/p><h2 data-start=\"0\" data-end=\"42\">Comprendre l&#039;UPF et son importance<\/h2><p><img decoding=\"async\" class=\"aligncenter wp-image-11098\" title=\"Un chapeau bleu clair class\u00e9 UPF avec un bord pliable\" src=\"https:\/\/jointophat.com\/wp-content\/uploads\/2025\/08\/A-light-blue-UPF-rated-hat-with-a-folding-brim-e1755069976783.webp\" alt=\"Un chapeau bleu clair class\u00e9 UPF avec un bord pliable\" width=\"500\" height=\"375\" srcset=\"https:\/\/jointophat.com\/wp-content\/uploads\/2025\/08\/A-light-blue-UPF-rated-hat-with-a-folding-brim-e1755069976783.webp 1200w, https:\/\/jointophat.com\/wp-content\/uploads\/2025\/08\/A-light-blue-UPF-rated-hat-with-a-folding-brim-e1755069976783-300x225.webp 300w, https:\/\/jointophat.com\/wp-content\/uploads\/2025\/08\/A-light-blue-UPF-rated-hat-with-a-folding-brim-e1755069976783-1024x768.webp 1024w, https:\/\/jointophat.com\/wp-content\/uploads\/2025\/08\/A-light-blue-UPF-rated-hat-with-a-folding-brim-e1755069976783-768x576.webp 768w, https:\/\/jointophat.com\/wp-content\/uploads\/2025\/08\/A-light-blue-UPF-rated-hat-with-a-folding-brim-e1755069976783-16x12.webp 16w\" sizes=\"(max-width: 500px) 100vw, 500px\" \/><\/p><p data-start=\"44\" data-end=\"316\"><strong data-start=\"44\" data-end=\"51\">Protection solaire UPF<\/strong>, ou <em data-start=\"56\" data-end=\"87\">Facteur de protection contre les ultraviolets<\/em>, mesure la capacit\u00e9 d&#039;un tissu \u00e0 bloquer les rayons UV du soleil. Contrairement \u00e0 <strong data-start=\"149\" data-end=\"156\">FPS<\/strong>, qui s&#039;applique aux cr\u00e8mes solaires et aux produits pour la peau, l&#039;indice UPF \u00e9value la protection int\u00e9gr\u00e9e aux v\u00eatements et aux chapeaux. Un UPF \u00e9lev\u00e9 signifie une meilleure protection contre les rayons nocifs.<\/p><p data-start=\"318\" data-end=\"350\">Voici comment les notes sont r\u00e9parties\u00a0:<\/p><ul data-start=\"351\" data-end=\"533\"><li data-start=\"351\" data-end=\"410\"><p data-start=\"353\" data-end=\"410\"><strong data-start=\"353\" data-end=\"366\">UPF 15\u201320<\/strong>:Protection minimale, bloque 93\u201395% des UV.<\/p><\/li><li data-start=\"411\" data-end=\"467\"><p data-start=\"413\" data-end=\"467\"><strong data-start=\"413\" data-end=\"426\">UPF 25\u201335<\/strong>:Bonne protection, bloque 96\u201397% des UV.<\/p><\/li><li data-start=\"468\" data-end=\"533\"><p data-start=\"470\" data-end=\"533\"><strong data-start=\"470\" data-end=\"484\">UPF 40\u201350+<\/strong>:Excellente protection, bloque 97,5\u201398%+ des UV.<\/p><\/li><\/ul><p data-start=\"535\" data-end=\"736\" data-is-last-node=\"\" data-is-only-node=\"\">Les chapeaux sont essentiels car ils prot\u00e8gent les zones \u00e0 haut risque : <strong data-start=\"590\" data-end=\"621\">visage, cuir chevelu, oreilles et cou<\/strong>\u2014 les zones o\u00f9 la cr\u00e8me solaire s&#039;estompe souvent ou s&#039;estompe rapidement. Elles constituent donc une premi\u00e8re ligne de d\u00e9fense efficace pour les journ\u00e9es ensoleill\u00e9es.<\/p><h2 data-start=\"0\" data-end=\"38\">Normes et certifications cl\u00e9s<\/h2><p><img decoding=\"async\" class=\"aligncenter wp-image-11100\" title=\"Chapeau de performance noir class\u00e9 UPF avec panneaux lat\u00e9raux perfor\u00e9s\" src=\"https:\/\/jointophat.com\/wp-content\/uploads\/2025\/08\/Black-UPF-rated-performance-hat-with-perforated-side-panels-e1755070019913.webp\" alt=\"Chapeau de performance noir class\u00e9 UPF avec panneaux lat\u00e9raux perfor\u00e9s\" width=\"500\" height=\"375\" srcset=\"https:\/\/jointophat.com\/wp-content\/uploads\/2025\/08\/Black-UPF-rated-performance-hat-with-perforated-side-panels-e1755070019913.webp 1000w, https:\/\/jointophat.com\/wp-content\/uploads\/2025\/08\/Black-UPF-rated-performance-hat-with-perforated-side-panels-e1755070019913-300x225.webp 300w, https:\/\/jointophat.com\/wp-content\/uploads\/2025\/08\/Black-UPF-rated-performance-hat-with-perforated-side-panels-e1755070019913-768x576.webp 768w, https:\/\/jointophat.com\/wp-content\/uploads\/2025\/08\/Black-UPF-rated-performance-hat-with-perforated-side-panels-e1755070019913-16x12.webp 16w\" sizes=\"(max-width: 500px) 100vw, 500px\" \/><\/p><p data-start=\"40\" data-end=\"183\">Lorsque vous achetez un chapeau performant avec un indice UPF, il est judicieux de conna\u00eetre les normes qui comptent vraiment. <strong data-start=\"143\" data-end=\"169\">Fondation contre le cancer de la peau<\/strong> recommande :<\/p><ul data-start=\"184\" data-end=\"317\"><li data-start=\"184\" data-end=\"231\"><p data-start=\"186\" data-end=\"231\"><strong data-start=\"186\" data-end=\"204\">Tissu UPF 50+<\/strong> pour un blocage UV maximal.<\/p><\/li><li data-start=\"232\" data-end=\"317\"><p data-start=\"234\" data-end=\"317\"><strong data-start=\"234\" data-end=\"269\">Largeur du bord d&#039;au moins 3 pouces<\/strong> ou une casquette avec un drap\u00e9 au niveau du cou pour une couverture compl\u00e8te.<\/p><\/li><\/ul><p data-start=\"319\" data-end=\"581\" data-is-last-node=\"\" data-is-only-node=\"\">Les indices UPF fiables proviennent de tests de laboratoire reconnus tels que <strong data-start=\"379\" data-end=\"388\">AATCC<\/strong> (Association am\u00e9ricaine des chimistes et coloristes du textile) et <strong data-start=\"450\" data-end=\"460\">AS\/NZS<\/strong> (Normes australiennes\/n\u00e9o-z\u00e9landaises). Ces m\u00e9thodes mesurent la capacit\u00e9 des tissus \u00e0 bloquer les rayons UV, m\u00eame apr\u00e8s usage et lavage.<\/p><h2 data-start=\"0\" data-end=\"47\">Caract\u00e9ristiques essentielles des chapeaux de performance<\/h2><p><img loading=\"lazy\" decoding=\"async\" class=\"aligncenter wp-image-11101\" title=\"Chapeau gris class\u00e9 UPF avec panneaux lat\u00e9raux en maille\" src=\"https:\/\/jointophat.com\/wp-content\/uploads\/2025\/08\/Gray-UPF-rated-hat-with-mesh-side-panels.webp\" alt=\"Chapeau gris class\u00e9 UPF avec panneaux lat\u00e9raux en maille\" width=\"500\" height=\"281\" srcset=\"https:\/\/jointophat.com\/wp-content\/uploads\/2025\/08\/Gray-UPF-rated-hat-with-mesh-side-panels.webp 1199w, https:\/\/jointophat.com\/wp-content\/uploads\/2025\/08\/Gray-UPF-rated-hat-with-mesh-side-panels-300x169.webp 300w, https:\/\/jointophat.com\/wp-content\/uploads\/2025\/08\/Gray-UPF-rated-hat-with-mesh-side-panels-1024x576.webp 1024w, https:\/\/jointophat.com\/wp-content\/uploads\/2025\/08\/Gray-UPF-rated-hat-with-mesh-side-panels-768x432.webp 768w, https:\/\/jointophat.com\/wp-content\/uploads\/2025\/08\/Gray-UPF-rated-hat-with-mesh-side-panels-18x10.webp 18w\" sizes=\"(max-width: 500px) 100vw, 500px\" \/><\/p><p data-start=\"49\" data-end=\"193\">Un bon chapeau performant avec indice UPF allie protection solaire, confort et praticit\u00e9. Recherchez des caract\u00e9ristiques adapt\u00e9es \u00e0 votre activit\u00e9 et au climat.<\/p><h3>Conception de la couverture<\/h3><p>\u00c0 large bord, <a href=\"https:\/\/jointophat.com\/fr\/fabricant-de-casquettes\/casquettes-de-seau\/\">seau<\/a>Les casquettes \u00e0 cape offrent une protection optimale et sont id\u00e9ales en cas de forte exposition aux UV. Les casquettes \u00e0 cape sont un choix plus l\u00e9ger qui prot\u00e8ge les oreilles et le cou sans ajouter de volume.<\/p><h3>Tissu et construction<\/h3><p>Les mati\u00e8res synth\u00e9tiques \u00e0 tissage serr\u00e9 sont id\u00e9ales pour bloquer les rayons UV et assurer la durabilit\u00e9 du chapeau. Un dessous de visi\u00e8re fonc\u00e9 r\u00e9duit l&#039;\u00e9blouissement, tandis que les tissus r\u00e9sistants \u00e0 l&#039;humidit\u00e9 assurent le confort du chapeau par temps chaud.<\/p><h3>Ventilation vs. protection<\/h3><p><a href=\"https:\/\/jointophat.com\/fr\/fabricant-de-casquettes\/casquette-en-maille\/\">Engrener<\/a> Les panneaux am\u00e9liorent la circulation de l&#039;air et vous gardent au frais pendant l&#039;activit\u00e9, mais peuvent r\u00e9duire la protection solaire. Un \u00e9quilibre entre mesh et tissu uni est optimal dans les zones \u00e0 fort taux d&#039;UV.<\/p><h3>Confort et stabilit\u00e9<\/h3><p>Un ajustement parfait fait toute la diff\u00e9rence pour les casquettes de performance. Fermetures r\u00e9glables, cordons de menton et <a href=\"https:\/\/jointophat.com\/fr\/fabricant-de-casquettes\/casquettes-de-sport\/\">\u00e9vacuant la transpiration<\/a> les bandeaux maintiennent le chapeau en place et confortable, m\u00eame lors d&#039;une longue utilisation en ext\u00e9rieur.<\/p><h3>Capacit\u00e9 de conditionnement<\/h3><p>Les chapeaux l\u00e9gers \u00e0 bord pliable sont faciles \u00e0 plier et \u00e0 ranger pour les voyages ou le sport. Ils reprennent rapidement leur forme, ce qui en fait un choix pratique pour les modes de vie actifs.<\/p><h2 data-start=\"0\" data-end=\"48\">Choisir le bon chapeau pour votre activit\u00e9<\/h2><p><img loading=\"lazy\" decoding=\"async\" class=\"aligncenter wp-image-11102\" title=\"Chapeau gris class\u00e9 UPF avec panneaux lat\u00e9raux perfor\u00e9s\" src=\"https:\/\/jointophat.com\/wp-content\/uploads\/2025\/08\/Gray-UPF-rated-hat-with-perforated-side-panels-e1755070076288.webp\" alt=\"Chapeau gris class\u00e9 UPF avec panneaux lat\u00e9raux perfor\u00e9s\" width=\"500\" height=\"375\" srcset=\"https:\/\/jointophat.com\/wp-content\/uploads\/2025\/08\/Gray-UPF-rated-hat-with-perforated-side-panels-e1755070076288.webp 1024w, https:\/\/jointophat.com\/wp-content\/uploads\/2025\/08\/Gray-UPF-rated-hat-with-perforated-side-panels-e1755070076288-300x225.webp 300w, https:\/\/jointophat.com\/wp-content\/uploads\/2025\/08\/Gray-UPF-rated-hat-with-perforated-side-panels-e1755070076288-768x576.webp 768w, https:\/\/jointophat.com\/wp-content\/uploads\/2025\/08\/Gray-UPF-rated-hat-with-perforated-side-panels-e1755070076288-16x12.webp 16w\" sizes=\"(max-width: 500px) 100vw, 500px\" \/><\/p><p data-start=\"50\" data-end=\"184\">Chaque activit\u00e9 n\u00e9cessite un mod\u00e8le de chapeau diff\u00e9rent. Choisir le bon mod\u00e8le vous garantit confort et protection.<\/p><ul data-start=\"186\" data-end=\"647\" data-is-last-node=\"\" data-is-only-node=\"\"><li data-start=\"186\" data-end=\"337\"><p data-start=\"188\" data-end=\"337\"><strong data-start=\"188\" data-end=\"205\">V\u00eatements de tous les jours<\/strong>:Allez pour <strong data-start=\"214\" data-end=\"228\">UPF 40\u201350+<\/strong> avec un bord d&#039;au moins 7,6 cm de large. Un chapeau \u00e9l\u00e9gant <a href=\"https:\/\/jointophat.com\/fr\/fabricant-de-chapeaux-de-paille\/chapeau-de-plage-en-paille\/\">\u00e0 large bord<\/a> ou le design fedora fonctionne bien pour la protection solaire quotidienne.<\/p><\/li><li data-start=\"338\" data-end=\"495\"><p data-start=\"340\" data-end=\"495\"><strong data-start=\"340\" data-end=\"362\">Course \u00e0 pied et sport<\/strong>: Choisissez des casquettes l\u00e9g\u00e8res avec <strong data-start=\"393\" data-end=\"404\">UPF 50+<\/strong>, des bandes \u00e9vacuant l&#039;humidit\u00e9 et des panneaux respirants pour vous garder au frais tout en restant prot\u00e9g\u00e9.<\/p><\/li><li data-start=\"496\" data-end=\"647\" data-is-last-node=\"\"><p data-start=\"498\" data-end=\"647\" data-is-last-node=\"\"><strong data-start=\"498\" data-end=\"530\">Randonn\u00e9e, navigation de plaisance et p\u00eache<\/strong>:Les styles \u00e0 large bord ou l\u00e9gionnaire avec cordons de menton g\u00e8rent le vent et offrent une couverture suppl\u00e9mentaire du cou pendant de longues heures \u00e0 l&#039;ext\u00e9rieur.<\/p><\/li><\/ul><h2 data-start=\"0\" data-end=\"24\">Soins et long\u00e9vit\u00e9<\/h2><p><img loading=\"lazy\" decoding=\"async\" class=\"aligncenter wp-image-11104\" title=\"Casquette de baseball multicolore class\u00e9e UPF avec c\u00f4t\u00e9s \u00e0 carreaux\" src=\"https:\/\/jointophat.com\/wp-content\/uploads\/2025\/08\/Multi-colored-UPF-rated-baseball-cap-with-checkered-sides-e1755070118857.webp\" alt=\"Casquette de baseball multicolore class\u00e9e UPF avec c\u00f4t\u00e9s \u00e0 carreaux\" width=\"500\" height=\"375\" srcset=\"https:\/\/jointophat.com\/wp-content\/uploads\/2025\/08\/Multi-colored-UPF-rated-baseball-cap-with-checkered-sides-e1755070118857.webp 800w, https:\/\/jointophat.com\/wp-content\/uploads\/2025\/08\/Multi-colored-UPF-rated-baseball-cap-with-checkered-sides-e1755070118857-300x225.webp 300w, https:\/\/jointophat.com\/wp-content\/uploads\/2025\/08\/Multi-colored-UPF-rated-baseball-cap-with-checkered-sides-e1755070118857-768x576.webp 768w, https:\/\/jointophat.com\/wp-content\/uploads\/2025\/08\/Multi-colored-UPF-rated-baseball-cap-with-checkered-sides-e1755070118857-16x12.webp 16w\" sizes=\"(max-width: 500px) 100vw, 500px\" \/><\/p><p data-start=\"26\" data-end=\"201\">Prendre soin de votre chapeau performant avec indice UPF lui permet de durer plus longtemps et de conserver sa protection solaire. Un nettoyage ou un \u00e9tirement excessif peut r\u00e9duire son efficacit\u00e9 \u00e0 long terme.<\/p><ul data-start=\"203\" data-end=\"513\" data-is-last-node=\"\" data-is-only-node=\"\"><li data-start=\"203\" data-end=\"278\"><p data-start=\"205\" data-end=\"278\"><a href=\"https:\/\/jointophat.com\/fr\/blog\/comment-laver-une-casquette-de-baseball\/\"><strong data-start=\"205\" data-end=\"220\">Laver d\u00e9licatement<\/strong><\/a>:Laver \u00e0 la main ou utiliser un cycle d\u00e9licat avec un d\u00e9tergent doux.<\/p><\/li><li data-start=\"279\" data-end=\"358\"><p data-start=\"281\" data-end=\"358\"><strong data-start=\"281\" data-end=\"305\">\u00c9vitez les \u00e9tirements excessifs<\/strong>:Cela peut affaiblir le tissage et r\u00e9duire l&#039;indice UPF.<\/p><\/li><li data-start=\"359\" data-end=\"415\"><p data-start=\"361\" data-end=\"415\"><strong data-start=\"361\" data-end=\"378\">S\u00e9cher naturellement<\/strong>: \u00c9vitez les temp\u00e9ratures \u00e9lev\u00e9es pour \u00e9viter tout dommage.<\/p><\/li><li data-start=\"416\" data-end=\"513\" data-is-last-node=\"\"><p data-start=\"418\" data-end=\"513\" data-is-last-node=\"\"><strong data-start=\"418\" data-end=\"441\">Remplacer si n\u00e9cessaire<\/strong>:Si le tissu s&#039;amincit, se d\u00e9colore ou perd sa forme, il est temps d&#039;acheter un nouveau chapeau.<\/p><\/li><\/ul><article class=\"text-token-text-primary w-full focus:outline-none scroll-mt-[calc(var(--header-height)+min(200px,max(70px,20svh)))]\" dir=\"auto\" data-turn-id=\"request-689adc69-b3fc-832b-9cbe-3c868d045034-6\" data-testid=\"conversation-turn-20\" data-scroll-anchor=\"true\" data-turn=\"assistant\"><div class=\"text-base my-auto mx-auto pb-10 [--thread-content-margin:--spacing(4)] @[37rem]:[--thread-content-margin:--spacing(6)] @[72rem]:[--thread-content-margin:--spacing(16)] px-(--thread-content-margin)\"><div class=\"[--thread-content-max-width:32rem] @[34rem]:[--thread-content-max-width:40rem] @[64rem]:[--thread-content-max-width:48rem] mx-auto max-w-(--thread-content-max-width) flex-1 group\/turn-messages focus-visible:outline-hidden relative flex w-full min-w-0 flex-col agent-turn\"><div class=\"flex max-w-full flex-col grow\"><div class=\"min-h-8 text-message relative flex w-full flex-col items-end gap-2 text-start break-words whitespace-normal [.text-message+&amp;]:mt-5\" dir=\"auto\" data-message-author-role=\"assistant\" data-message-id=\"49fa681f-2a88-42fe-8894-31d5f1707bbb\" data-message-model-slug=\"gpt-5\"><div class=\"flex w-full flex-col gap-1 empty:hidden first:pt-[3px]\"><div class=\"markdown prose dark:prose-invert w-full break-words dark markdown-new-styling\"><h2 data-start=\"0\" data-end=\"30\">Liste de contr\u00f4le d&#039;achat rapide<\/h2><p><img loading=\"lazy\" decoding=\"async\" class=\"aligncenter wp-image-11105\" title=\"Casquette de baseball noire unie avec protection solaire UPF\" src=\"https:\/\/jointophat.com\/wp-content\/uploads\/2025\/08\/Solid-black-UPF-rated-baseball-cap-for-sun-protection-e1755070294739.webp\" alt=\"Casquette de baseball noire unie avec protection solaire UPF\" width=\"500\" height=\"437\" srcset=\"https:\/\/jointophat.com\/wp-content\/uploads\/2025\/08\/Solid-black-UPF-rated-baseball-cap-for-sun-protection-e1755070294739.webp 300w, https:\/\/jointophat.com\/wp-content\/uploads\/2025\/08\/Solid-black-UPF-rated-baseball-cap-for-sun-protection-e1755070294739-14x12.webp 14w\" sizes=\"(max-width: 500px) 100vw, 500px\" \/><\/p><p data-start=\"32\" data-end=\"174\">Avant d&#039;acheter un chapeau performant class\u00e9 UPF, parcourez cette liste de contr\u00f4le pour vous assurer d&#039;obtenir une protection solaire maximale et un confort durable.<\/p><h3>Tissu certifi\u00e9 UPF 50+<\/h3><p>Les chapeaux fabriqu\u00e9s avec un tissu certifi\u00e9 UPF 50+ offrent le plus haut niveau de protection UV, bloquant plus de 97% de rayons nocifs et garantissant une s\u00e9curit\u00e9 solaire fiable.<\/p><h3>Bord d&#039;au moins 3 pouces<\/h3><p>Un bord d&#039;au moins trois pouces ou une casquette avec une protection suppl\u00e9mentaire pour le cou offre une couverture essentielle pour votre visage, vos oreilles et votre cou, o\u00f9 les dommages caus\u00e9s par le soleil sont les plus courants.<\/p><h3>Tissage serr\u00e9<\/h3><p>Un tissu \u00e0 tissage serr\u00e9 est essentiel, car il bloque davantage la lumi\u00e8re du soleil. \u00c9vitez les chapeaux \u00e0 mailles l\u00e2ches ou non doubl\u00e9es dans les zones expos\u00e9es au soleil pour une meilleure protection contre les UV.<\/p><h3>Coupe ajustable<\/h3><p>Des caract\u00e9ristiques de confort telles que des sangles r\u00e9glables, des cordons de menton et des bandeaux anti-transpiration garantissent que le chapeau s&#039;adapte bien, reste en place et est agr\u00e9able \u00e0 porter pendant une longue p\u00e9riode.<\/p><h2>Conclusion\u00a0<\/h2><p><img loading=\"lazy\" decoding=\"async\" class=\"aligncenter wp-image-11103\" title=\"Un homme portant un chapeau de randonn\u00e9e de couleur fonc\u00e9e avec protection UPF\" src=\"https:\/\/jointophat.com\/wp-content\/uploads\/2025\/08\/Man-wearing-a-dark-colored-UPF-rated-hiking-hat-e1755070206977.webp\" alt=\"Un homme portant un chapeau de randonn\u00e9e de couleur fonc\u00e9e avec protection UPF\" width=\"500\" height=\"375\" srcset=\"https:\/\/jointophat.com\/wp-content\/uploads\/2025\/08\/Man-wearing-a-dark-colored-UPF-rated-hiking-hat-e1755070206977.webp 853w, https:\/\/jointophat.com\/wp-content\/uploads\/2025\/08\/Man-wearing-a-dark-colored-UPF-rated-hiking-hat-e1755070206977-300x225.webp 300w, https:\/\/jointophat.com\/wp-content\/uploads\/2025\/08\/Man-wearing-a-dark-colored-UPF-rated-hiking-hat-e1755070206977-768x576.webp 768w, https:\/\/jointophat.com\/wp-content\/uploads\/2025\/08\/Man-wearing-a-dark-colored-UPF-rated-hiking-hat-e1755070206977-16x12.webp 16w\" sizes=\"(max-width: 500px) 100vw, 500px\" \/><\/p><p data-start=\"14\" data-end=\"360\">Des courses sur sentier aux journ\u00e9es \u00e0 la plage, <strong data-start=\"45\" data-end=\"94\">Chapeaux performants avec protection solaire UPF<\/strong> Rendez les heures ensoleill\u00e9es plus s\u00fbres et plus confortables. Ils prot\u00e8gent les zones \u00e0 risque tout en restant l\u00e9gers, respirants et faciles \u00e0 porter\u00a0: votre protection quotidienne contre les UV. Pour les longues sorties en ext\u00e9rieur, les tissus UPF 50+ et la forme adapt\u00e9e du bord offrent une protection r\u00e9elle et durable.<\/p><p data-start=\"362\" data-end=\"707\" data-is-last-node=\"\" data-is-only-node=\"\">\u00c0 <a href=\"https:\/\/jointophat.com\/fr\/\"><strong>Jointtop<\/strong><\/a>Nous fabriquons des chapeaux performants sur mesure, certifi\u00e9s UPF, gr\u00e2ce \u00e0 un support OEM\/ODM complet. Avec des usines locales \u00e0 <strong data-start=\"471\" data-end=\"504\">Chine, Bangladesh et Vietnam<\/strong>, nous prenons en charge un \u00e9chantillonnage rapide, des prix comp\u00e9titifs et des quantit\u00e9s de commande flexibles.<\/p><p data-start=\"362\" data-end=\"707\" data-is-last-node=\"\" data-is-only-node=\"\">Que vous ayez besoin de designs de marque ou d&#039;une production en gros, <a href=\"https:\/\/jointophat.com\/fr\/contactez-nous\/\"><strong>contactez notre \u00e9quipe<\/strong><\/a> pour donner vie \u00e0 vos couvre-chefs de protection solaire.<\/p><\/div><\/div><\/div><\/div><\/div><\/div><\/article>\t\t\t\t\t\t\t\t<\/div>\n\t\t\t\t<\/div>\n\t\t\t\t<div class=\"elementor-element elementor-element-6d30631 elementor-widget elementor-widget-heading\" data-id=\"6d30631\" data-element_type=\"widget\" data-widget_type=\"heading.default\">\n\t\t\t\t<div class=\"elementor-widget-container\">\n\t\t\t\t\t<h2 class=\"elementor-heading-title elementor-size-default\">FAQ<\/h2>\t\t\t\t<\/div>\n\t\t\t\t<\/div>\n\t\t\t\t<div class=\"elementor-element elementor-element-87a726c elementor-widget elementor-widget-n-accordion\" data-id=\"87a726c\" data-element_type=\"widget\" data-settings=\"{&quot;default_state&quot;:&quot;expanded&quot;,&quot;max_items_expended&quot;:&quot;one&quot;,&quot;n_accordion_animation_duration&quot;:{&quot;unit&quot;:&quot;ms&quot;,&quot;size&quot;:400,&quot;sizes&quot;:[]}}\" data-widget_type=\"nested-accordion.default\">\n\t\t\t\t<div class=\"elementor-widget-container\">\n\t\t\t\t\t\t\t<div class=\"e-n-accordion\" aria-label=\"Accord\u00e9on. Ouvrir les liens avec Entr\u00e9e ou Espace, fermer avec \u00c9chap et naviguer avec les touches fl\u00e9ch\u00e9es\">\n\t\t\t\t\t\t<details id=\"e-n-accordion-item-1420\" class=\"e-n-accordion-item\" open>\n\t\t\t\t<summary class=\"e-n-accordion-item-title\" data-accordion-index=\"1\" tabindex=\"0\" aria-expanded=\"true\" aria-controls=\"e-n-accordion-item-1420\" >\n\t\t\t\t\t<span class='e-n-accordion-item-title-header'><div class=\"e-n-accordion-item-title-text\"> Les chapeaux class\u00e9s UPF peuvent-ils perdre leur protection au fil du temps ? <\/div><\/span>\n\t\t\t\t\t\t\t<span class='e-n-accordion-item-title-icon'>\n\t\t\t<span class='e-opened' ><svg aria-hidden=\"true\" class=\"e-font-icon-svg e-fas-minus\" viewbox=\"0 0 448 512\" xmlns=\"http:\/\/www.w3.org\/2000\/svg\"><path d=\"M416 208H32c-17.67 0-32 14.33-32 32v32c0 17.67 14.33 32 32 32h384c17.67 0 32-14.33 32-32v-32c0-17.67-14.33-32-32-32z\"><\/path><\/svg><\/span>\n\t\t\t<span class='e-closed'><svg aria-hidden=\"true\" class=\"e-font-icon-svg e-fas-plus\" viewbox=\"0 0 448 512\" xmlns=\"http:\/\/www.w3.org\/2000\/svg\"><path d=\"M416 208H272V64c0-17.67-14.33-32-32-32h-32c-17.67 0-32 14.33-32 32v144H32c-17.67 0-32 14.33-32 32v32c0 17.67 14.33 32 32 32h144v144c0 17.67 14.33 32 32 32h32c17.67 0 32-14.33 32-32V304h144c17.67 0 32-14.33 32-32v-32c0-17.67-14.33-32-32-32z\"><\/path><\/svg><\/span>\n\t\t<\/span>\n\n\t\t\t\t\t\t<\/summary>\n\t\t\t\t<div role=\"region\" aria-labelledby=\"e-n-accordion-item-1420\" class=\"elementor-element elementor-element-4aa5b28 e-con-full e-flex e-con e-child\" data-id=\"4aa5b28\" data-element_type=\"container\">\n\t\t\t\t<div class=\"elementor-element elementor-element-0aa8725 elementor-widget elementor-widget-text-editor\" data-id=\"0aa8725\" data-element_type=\"widget\" data-widget_type=\"text-editor.default\">\n\t\t\t\t<div class=\"elementor-widget-container\">\n\t\t\t\t\t\t\t\t\t<p>Oui. Les lavages fr\u00e9quents, les \u00e9tirements et l&#039;exposition au soleil peuvent ab\u00eemer les fibres et r\u00e9duire l&#039;efficacit\u00e9 de l&#039;indice UPF. Remplacez votre chapeau s&#039;il est fin, d\u00e9color\u00e9 ou endommag\u00e9.<\/p>\t\t\t\t\t\t\t\t<\/div>\n\t\t\t\t<\/div>\n\t\t\t\t<\/div>\n\t\t\t\t\t<\/details>\n\t\t\t\t\t\t<details id=\"e-n-accordion-item-1421\" class=\"e-n-accordion-item\" >\n\t\t\t\t<summary class=\"e-n-accordion-item-title\" data-accordion-index=\"2\" tabindex=\"-1\" aria-expanded=\"false\" aria-controls=\"e-n-accordion-item-1421\" >\n\t\t\t\t\t<span class='e-n-accordion-item-title-header'><div class=\"e-n-accordion-item-title-text\"> Les chapeaux de couleur fonc\u00e9e sont-ils meilleurs pour se prot\u00e9ger du soleil ? <\/div><\/span>\n\t\t\t\t\t\t\t<span class='e-n-accordion-item-title-icon'>\n\t\t\t<span class='e-opened' ><svg aria-hidden=\"true\" class=\"e-font-icon-svg e-fas-minus\" viewbox=\"0 0 448 512\" xmlns=\"http:\/\/www.w3.org\/2000\/svg\"><path d=\"M416 208H32c-17.67 0-32 14.33-32 32v32c0 17.67 14.33 32 32 32h384c17.67 0 32-14.33 32-32v-32c0-17.67-14.33-32-32-32z\"><\/path><\/svg><\/span>\n\t\t\t<span class='e-closed'><svg aria-hidden=\"true\" class=\"e-font-icon-svg e-fas-plus\" viewbox=\"0 0 448 512\" xmlns=\"http:\/\/www.w3.org\/2000\/svg\"><path d=\"M416 208H272V64c0-17.67-14.33-32-32-32h-32c-17.67 0-32 14.33-32 32v144H32c-17.67 0-32 14.33-32 32v32c0 17.67 14.33 32 32 32h144v144c0 17.67 14.33 32 32 32h32c17.67 0 32-14.33 32-32V304h144c17.67 0 32-14.33 32-32v-32c0-17.67-14.33-32-32-32z\"><\/path><\/svg><\/span>\n\t\t<\/span>\n\n\t\t\t\t\t\t<\/summary>\n\t\t\t\t<div role=\"region\" aria-labelledby=\"e-n-accordion-item-1421\" class=\"elementor-element elementor-element-7cf2976 e-con-full e-flex e-con e-child\" data-id=\"7cf2976\" data-element_type=\"container\">\n\t\t\t\t<div class=\"elementor-element elementor-element-b891b78 elementor-widget elementor-widget-text-editor\" data-id=\"b891b78\" data-element_type=\"widget\" data-widget_type=\"text-editor.default\">\n\t\t\t\t<div class=\"elementor-widget-container\">\n\t\t\t\t\t\t\t\t\t<p>Les couleurs fonc\u00e9es bloquent g\u00e9n\u00e9ralement davantage les rayons UV, car elles absorbent davantage la lumi\u00e8re. Cependant, le tissage et l&#039;indice UPF du tissu sont plus importants que la couleur seule.<\/p>\t\t\t\t\t\t\t\t<\/div>\n\t\t\t\t<\/div>\n\t\t\t\t<\/div>\n\t\t\t\t\t<\/details>\n\t\t\t\t\t\t<details id=\"e-n-accordion-item-1422\" class=\"e-n-accordion-item\" >\n\t\t\t\t<summary class=\"e-n-accordion-item-title\" data-accordion-index=\"3\" tabindex=\"-1\" aria-expanded=\"false\" aria-controls=\"e-n-accordion-item-1422\" >\n\t\t\t\t\t<span class='e-n-accordion-item-title-header'><div class=\"e-n-accordion-item-title-text\"> Puis-je porter un chapeau avec protection UPF dans l\u2019eau ? <\/div><\/span>\n\t\t\t\t\t\t\t<span class='e-n-accordion-item-title-icon'>\n\t\t\t<span class='e-opened' ><svg aria-hidden=\"true\" class=\"e-font-icon-svg e-fas-minus\" viewbox=\"0 0 448 512\" xmlns=\"http:\/\/www.w3.org\/2000\/svg\"><path d=\"M416 208H32c-17.67 0-32 14.33-32 32v32c0 17.67 14.33 32 32 32h384c17.67 0 32-14.33 32-32v-32c0-17.67-14.33-32-32-32z\"><\/path><\/svg><\/span>\n\t\t\t<span class='e-closed'><svg aria-hidden=\"true\" class=\"e-font-icon-svg e-fas-plus\" viewbox=\"0 0 448 512\" xmlns=\"http:\/\/www.w3.org\/2000\/svg\"><path d=\"M416 208H272V64c0-17.67-14.33-32-32-32h-32c-17.67 0-32 14.33-32 32v144H32c-17.67 0-32 14.33-32 32v32c0 17.67 14.33 32 32 32h144v144c0 17.67 14.33 32 32 32h32c17.67 0 32-14.33 32-32V304h144c17.67 0 32-14.33 32-32v-32c0-17.67-14.33-32-32-32z\"><\/path><\/svg><\/span>\n\t\t<\/span>\n\n\t\t\t\t\t\t<\/summary>\n\t\t\t\t<div role=\"region\" aria-labelledby=\"e-n-accordion-item-1422\" class=\"elementor-element elementor-element-c162cbe e-con-full e-flex e-con e-child\" data-id=\"c162cbe\" data-element_type=\"container\">\n\t\t\t\t<div class=\"elementor-element elementor-element-45cc1dc elementor-widget elementor-widget-text-editor\" data-id=\"45cc1dc\" data-element_type=\"widget\" data-widget_type=\"text-editor.default\">\n\t\t\t\t<div class=\"elementor-widget-container\">\n\t\t\t\t\t\t\t\t\t<p>Oui, mais le chlore ou l&#039;eau sal\u00e9e peuvent r\u00e9duire la r\u00e9sistance du tissu au fil du temps. Rincez votre chapeau \u00e0 l&#039;eau douce et laissez-le s\u00e9cher \u00e0 l&#039;air libre pour le prot\u00e9ger.<\/p>\t\t\t\t\t\t\t\t<\/div>\n\t\t\t\t<\/div>\n\t\t\t\t<\/div>\n\t\t\t\t\t<\/details>\n\t\t\t\t\t\t<details id=\"e-n-accordion-item-1423\" class=\"e-n-accordion-item\" >\n\t\t\t\t<summary class=\"e-n-accordion-item-title\" data-accordion-index=\"4\" tabindex=\"-1\" aria-expanded=\"false\" aria-controls=\"e-n-accordion-item-1423\" >\n\t\t\t\t\t<span class='e-n-accordion-item-title-header'><div class=\"e-n-accordion-item-title-text\"> Est-ce que tous les chapeaux \u00e0 large bord ont un indice UPF ? <\/div><\/span>\n\t\t\t\t\t\t\t<span class='e-n-accordion-item-title-icon'>\n\t\t\t<span class='e-opened' ><svg aria-hidden=\"true\" class=\"e-font-icon-svg e-fas-minus\" viewbox=\"0 0 448 512\" xmlns=\"http:\/\/www.w3.org\/2000\/svg\"><path d=\"M416 208H32c-17.67 0-32 14.33-32 32v32c0 17.67 14.33 32 32 32h384c17.67 0 32-14.33 32-32v-32c0-17.67-14.33-32-32-32z\"><\/path><\/svg><\/span>\n\t\t\t<span class='e-closed'><svg aria-hidden=\"true\" class=\"e-font-icon-svg e-fas-plus\" viewbox=\"0 0 448 512\" xmlns=\"http:\/\/www.w3.org\/2000\/svg\"><path d=\"M416 208H272V64c0-17.67-14.33-32-32-32h-32c-17.67 0-32 14.33-32 32v144H32c-17.67 0-32 14.33-32 32v32c0 17.67 14.33 32 32 32h144v144c0 17.67 14.33 32 32 32h32c17.67 0 32-14.33 32-32V304h144c17.67 0 32-14.33 32-32v-32c0-17.67-14.33-32-32-32z\"><\/path><\/svg><\/span>\n\t\t<\/span>\n\n\t\t\t\t\t\t<\/summary>\n\t\t\t\t<div role=\"region\" aria-labelledby=\"e-n-accordion-item-1423\" class=\"elementor-element elementor-element-284e1c8 e-flex e-con-boxed e-con e-child\" data-id=\"284e1c8\" data-element_type=\"container\">\n\t\t\t\t\t<div class=\"e-con-inner\">\n\t\t\t\t<div class=\"elementor-element elementor-element-d6b1a09 elementor-widget elementor-widget-text-editor\" data-id=\"d6b1a09\" data-element_type=\"widget\" data-widget_type=\"text-editor.default\">\n\t\t\t\t<div class=\"elementor-widget-container\">\n\t\t\t\t\t\t\t\t\t<p>Non. La taille du bord contribue \u00e0 l&#039;ombre, mais seuls les chapeaux test\u00e9s et \u00e9tiquet\u00e9s avec un indice UPF garantissent une protection UV prouv\u00e9e. V\u00e9rifiez toujours l&#039;\u00e9tiquetage certifi\u00e9.<\/p>\t\t\t\t\t\t\t\t<\/div>\n\t\t\t\t<\/div>\n\t\t\t\t\t<\/div>\n\t\t\t\t<\/div>\n\t\t\t\t\t<\/details>\n\t\t\t\t\t\t<details id=\"e-n-accordion-item-1424\" class=\"e-n-accordion-item\" >\n\t\t\t\t<summary class=\"e-n-accordion-item-title\" data-accordion-index=\"5\" tabindex=\"-1\" aria-expanded=\"false\" aria-controls=\"e-n-accordion-item-1424\" >\n\t\t\t\t\t<span class='e-n-accordion-item-title-header'><div class=\"e-n-accordion-item-title-text\"> Un chapeau UPF 30 est-il suffisant pour un usage quotidien ? <\/div><\/span>\n\t\t\t\t\t\t\t<span class='e-n-accordion-item-title-icon'>\n\t\t\t<span class='e-opened' ><svg aria-hidden=\"true\" class=\"e-font-icon-svg e-fas-minus\" viewbox=\"0 0 448 512\" xmlns=\"http:\/\/www.w3.org\/2000\/svg\"><path d=\"M416 208H32c-17.67 0-32 14.33-32 32v32c0 17.67 14.33 32 32 32h384c17.67 0 32-14.33 32-32v-32c0-17.67-14.33-32-32-32z\"><\/path><\/svg><\/span>\n\t\t\t<span class='e-closed'><svg aria-hidden=\"true\" class=\"e-font-icon-svg e-fas-plus\" viewbox=\"0 0 448 512\" xmlns=\"http:\/\/www.w3.org\/2000\/svg\"><path d=\"M416 208H272V64c0-17.67-14.33-32-32-32h-32c-17.67 0-32 14.33-32 32v144H32c-17.67 0-32 14.33-32 32v32c0 17.67 14.33 32 32 32h144v144c0 17.67 14.33 32 32 32h32c17.67 0 32-14.33 32-32V304h144c17.67 0 32-14.33 32-32v-32c0-17.67-14.33-32-32-32z\"><\/path><\/svg><\/span>\n\t\t<\/span>\n\n\t\t\t\t\t\t<\/summary>\n\t\t\t\t<div role=\"region\" aria-labelledby=\"e-n-accordion-item-1424\" class=\"elementor-element elementor-element-8d06d26 e-flex e-con-boxed e-con e-child\" data-id=\"8d06d26\" data-element_type=\"container\">\n\t\t\t\t\t<div class=\"e-con-inner\">\n\t\t\t\t<div class=\"elementor-element elementor-element-0510591 elementor-widget elementor-widget-text-editor\" data-id=\"0510591\" data-element_type=\"widget\" data-widget_type=\"text-editor.default\">\n\t\t\t\t<div class=\"elementor-widget-container\">\n\t\t\t\t\t\t\t\t\t<p>Un indice UPF 30 offre une bonne protection pour les activit\u00e9s de plein air de courte dur\u00e9e. Pour une exposition prolong\u00e9e au soleil, notamment aux heures de pointe, un chapeau UPF 50+ est recommand\u00e9.<\/p>\t\t\t\t\t\t\t\t<\/div>\n\t\t\t\t<\/div>\n\t\t\t\t\t<\/div>\n\t\t\t\t<\/div>\n\t\t\t\t\t<\/details>\n\t\t\t\t\t<\/div>\n\t\t\t\t\t\t<\/div>\n\t\t\t\t<\/div>\n\t\t\t\t\t<\/div>\n\t\t\t\t<\/div>\n\t\t\t\t<\/div>","protected":false},"excerpt":{"rendered":"<p>D\u00e9couvrez comment les chapeaux de performance class\u00e9s UPF bloquent les rayons UV, les principales caract\u00e9ristiques \u00e0 rechercher et des conseils pour choisir la meilleure protection solaire pour toute activit\u00e9.<\/p>","protected":false},"author":3,"featured_media":11104,"comment_status":"open","ping_status":"open","sticky":false,"template":"","format":"standard","meta":{"_monsterinsights_skip_tracking":false,"_monsterinsights_sitenote_active":false,"_monsterinsights_sitenote_note":"","_monsterinsights_sitenote_category":0,"footnotes":""},"categories":[14],"tags":[24,44],"class_list":["post-11026","post","type-post","status-publish","format-standard","has-post-thumbnail","hentry","category-blog","tag-hats","tag-performance-hats"],"_links":{"self":[{"href":"https:\/\/jointophat.com\/fr\/wp-json\/wp\/v2\/posts\/11026","targetHints":{"allow":["GET"]}}],"collection":[{"href":"https:\/\/jointophat.com\/fr\/wp-json\/wp\/v2\/posts"}],"about":[{"href":"https:\/\/jointophat.com\/fr\/wp-json\/wp\/v2\/types\/post"}],"author":[{"embeddable":true,"href":"https:\/\/jointophat.com\/fr\/wp-json\/wp\/v2\/users\/3"}],"replies":[{"embeddable":true,"href":"https:\/\/jointophat.com\/fr\/wp-json\/wp\/v2\/comments?post=11026"}],"version-history":[{"count":29,"href":"https:\/\/jointophat.com\/fr\/wp-json\/wp\/v2\/posts\/11026\/revisions"}],"predecessor-version":[{"id":11167,"href":"https:\/\/jointophat.com\/fr\/wp-json\/wp\/v2\/posts\/11026\/revisions\/11167"}],"wp:featuredmedia":[{"embeddable":true,"href":"https:\/\/jointophat.com\/fr\/wp-json\/wp\/v2\/media\/11104"}],"wp:attachment":[{"href":"https:\/\/jointophat.com\/fr\/wp-json\/wp\/v2\/media?parent=11026"}],"wp:term":[{"taxonomy":"category","embeddable":true,"href":"https:\/\/jointophat.com\/fr\/wp-json\/wp\/v2\/categories?post=11026"},{"taxonomy":"post_tag","embeddable":true,"href":"https:\/\/jointophat.com\/fr\/wp-json\/wp\/v2\/tags?post=11026"}],"curies":[{"name":"wp","href":"https:\/\/api.w.org\/{rel}","templated":true}]}}