{"id":10163,"date":"2025-06-13T07:56:28","date_gmt":"2025-06-13T07:56:28","guid":{"rendered":"https:\/\/jointophat.com\/?p=10163"},"modified":"2025-06-13T07:56:33","modified_gmt":"2025-06-13T07:56:33","slug":"cappelli-da-camionista-con-visiera-curva-vs-visiera-piatta","status":"publish","type":"post","link":"https:\/\/jointophat.com\/it\/blog\/cappelli-da-camionista-con-visiera-curva-vs-visiera-piatta\/","title":{"rendered":"Cappelli da camionista con visiera curva e piatta a confronto"},"content":{"rendered":"<div data-elementor-type=\"wp-post\" data-elementor-id=\"10163\" class=\"elementor elementor-10163\" data-elementor-post-type=\"post\">\n\t\t\t\t<div class=\"elementor-element elementor-element-c3bf674 e-flex e-con-boxed e-con e-parent\" data-id=\"c3bf674\" data-element_type=\"container\">\n\t\t\t\t\t<div class=\"e-con-inner\">\n\t\t\t\t<div class=\"elementor-element elementor-element-30d6068 elementor-widget elementor-widget-text-editor\" data-id=\"30d6068\" data-element_type=\"widget\" data-widget_type=\"text-editor.default\">\n\t\t\t\t<div class=\"elementor-widget-container\">\n\t\t\t\t\t\t\t\t\t<p data-start=\"144\" data-end=\"405\">Quando si tratta di <a href=\"https:\/\/jointophat.com\/it\/blog\/i-migliori-cappelli-da-camionista-preferiti-nei-design-alla-moda\/\" target=\"_blank\" rel=\"noopener\"><strong>cappelli da camionista<\/strong><\/a>, IL <strong data-start=\"179\" data-end=\"193\">forma della tesa<\/strong> dice molto sul tuo stile personale. Alcuni preferiscono il <strong data-start=\"248\" data-end=\"265\">curva classica<\/strong>, mentre altri osano con un <strong data-start=\"295\" data-end=\"308\">tesa piatta<\/strong>Ma il dibattito non si limita solo all&#039;aspetto estetico: riguarda anche la comodit\u00e0, la vestibilit\u00e0 e l&#039;atmosfera generale.<\/p><p data-start=\"407\" data-end=\"692\" data-is-last-node=\"\" data-is-only-node=\"\">In questa guida, analizzeremo analiticamente <strong data-start=\"443\" data-end=\"509\">differenze principali tra cappelli da camionista con visiera curva e cappelli da camionista con visiera piatta<\/strong>Che tu scelga un look per tutti i giorni, un look da brand o una tendenza della moda, comprenderne i pro e i contro ti aiuter\u00e0 a scegliere lo stile pi\u00f9 adatto a te e al tuo stile di vita.<\/p><h2 data-start=\"135\" data-end=\"165\">Cosa definisce un cappello da camionista?<\/h2><p><img fetchpriority=\"high\" decoding=\"async\" class=\"aligncenter wp-image-8435\" title=\"uomo sorridente in primo piano che indossa un cappello da camionista\" src=\"https:\/\/jointophat.com\/wp-content\/uploads\/2025\/04\/medium-shot-smiley-man-wearing-trucker-hat_compressed-scaled.webp\" alt=\"uomo sorridente in primo piano che indossa un cappello da camionista\" width=\"500\" height=\"343\" srcset=\"https:\/\/jointophat.com\/wp-content\/uploads\/2025\/04\/medium-shot-smiley-man-wearing-trucker-hat_compressed-scaled.webp 2560w, https:\/\/jointophat.com\/wp-content\/uploads\/2025\/04\/medium-shot-smiley-man-wearing-trucker-hat_compressed-300x206.webp 300w, https:\/\/jointophat.com\/wp-content\/uploads\/2025\/04\/medium-shot-smiley-man-wearing-trucker-hat_compressed-1024x703.webp 1024w, https:\/\/jointophat.com\/wp-content\/uploads\/2025\/04\/medium-shot-smiley-man-wearing-trucker-hat_compressed-768x527.webp 768w, https:\/\/jointophat.com\/wp-content\/uploads\/2025\/04\/medium-shot-smiley-man-wearing-trucker-hat_compressed-1536x1054.webp 1536w, https:\/\/jointophat.com\/wp-content\/uploads\/2025\/04\/medium-shot-smiley-man-wearing-trucker-hat_compressed-2048x1406.webp 2048w, https:\/\/jointophat.com\/wp-content\/uploads\/2025\/04\/medium-shot-smiley-man-wearing-trucker-hat_compressed-18x12.webp 18w\" sizes=\"(max-width: 500px) 100vw, 500px\" \/><\/p><p data-start=\"167\" data-end=\"456\">UN <a href=\"https:\/\/jointophat.com\/it\/produttore-di-tappi\/berretto-da-camionista\/\" target=\"_blank\" rel=\"noopener\"><strong>cappello da camionista<\/strong><\/a> \u00e8 facilmente riconoscibile per il suo <strong data-start=\"209\" data-end=\"229\">fronte strutturato<\/strong>, <strong data-start=\"231\" data-end=\"244\">schiena in rete<\/strong>, E <strong data-start=\"250\" data-end=\"270\">chiusura a scatto<\/strong>Questa combinazione classica offre traspirabilit\u00e0, adattabilit\u00e0 e una forma audace che la rendono la scelta preferita sia per l&#039;abbigliamento casual che per il branding promozionale in diversi stili e sottoculture.<\/p><p data-start=\"458\" data-end=\"717\" data-is-last-node=\"\" data-is-only-node=\"\">Una delle caratteristiche pi\u00f9 importanti \u00e8 la <strong data-start=\"500\" data-end=\"508\">orlo<\/strong>. Che si tratti <strong data-start=\"523\" data-end=\"541\">curvo o piatto<\/strong>La tesa definisce l&#039;aspetto generale del cappello. Influenza la sua vestibilit\u00e0, il modo in cui valorizza il viso e l&#039;abbinamento con lo stile personale o con gli outfit quotidiani.<\/p><h2 data-start=\"458\" data-end=\"717\">Tabella comparativa: visiera curva vs visiera piatta<\/h2><p><img decoding=\"async\" class=\"aligncenter wp-image-6014\" title=\"set due cappelli da camionista con parte posteriore in rete\" src=\"https:\/\/jointophat.com\/wp-content\/uploads\/2025\/01\/set-two-trucker-hats-with-mesh-back-scaled.webp\" alt=\"set due cappelli da camionista con parte posteriore in rete\" width=\"500\" height=\"334\" srcset=\"https:\/\/jointophat.com\/wp-content\/uploads\/2025\/01\/set-two-trucker-hats-with-mesh-back-scaled.webp 2560w, https:\/\/jointophat.com\/wp-content\/uploads\/2025\/01\/set-two-trucker-hats-with-mesh-back-300x200.webp 300w, https:\/\/jointophat.com\/wp-content\/uploads\/2025\/01\/set-two-trucker-hats-with-mesh-back-1024x683.webp 1024w, https:\/\/jointophat.com\/wp-content\/uploads\/2025\/01\/set-two-trucker-hats-with-mesh-back-768x512.webp 768w, https:\/\/jointophat.com\/wp-content\/uploads\/2025\/01\/set-two-trucker-hats-with-mesh-back-1536x1025.webp 1536w, https:\/\/jointophat.com\/wp-content\/uploads\/2025\/01\/set-two-trucker-hats-with-mesh-back-2048x1366.webp 2048w, https:\/\/jointophat.com\/wp-content\/uploads\/2025\/01\/set-two-trucker-hats-with-mesh-back-18x12.webp 18w\" sizes=\"(max-width: 500px) 100vw, 500px\" \/><\/p><p>Vuoi una rapida occhiata a come questi due stili si confrontano? Ecco un&#039;analisi delle principali differenze tra loro. <strong data-start=\"327\" data-end=\"342\">tesa curva<\/strong> E <strong data-start=\"347\" data-end=\"373\">cappelli da camionista a tesa piatta<\/strong> per aiutarti a decidere quale sia la soluzione pi\u00f9 adatta alle tue esigenze.<\/p>\t\t\t\t\t\t\t\t<\/div>\n\t\t\t\t<\/div>\n\t\t\t\t<div class=\"elementor-element elementor-element-29da451 table elementor-widget elementor-widget-text-editor\" data-id=\"29da451\" data-element_type=\"widget\" id=\"table\" data-widget_type=\"text-editor.default\">\n\t\t\t\t<div class=\"elementor-widget-container\">\n\t\t\t\t\t\t\t\t\t<table><tbody><tr><td><p><strong>Caratteristica<\/strong><\/p><\/td><td><p><strong>Cappello a tesa curva<\/strong><\/p><\/td><td><p><strong>Cappello a tesa piatta<\/strong><\/p><\/td><\/tr><tr><td><p>Aspetto<\/p><\/td><td><p>Senza tempo e classico<\/p><\/td><td><p>Moderno e all&#039;avanguardia<\/p><\/td><\/tr><tr><td><p>Adatto<\/p><\/td><td><p>Comodo ed ergonomico<\/p><\/td><td><p>Piatto e rigido<\/p><\/td><\/tr><tr><td><p>Versatilit\u00e0<\/p><\/td><td><p>Alto (maggiore compatibilit\u00e0 con gli outfit)<\/p><\/td><td><p>Medio (focalizzato sullo streetwear)<\/p><\/td><\/tr><tr><td><p>Personalizzazione<\/p><\/td><td><p>Spazio limitato<\/p><\/td><td><p>Ampio spazio per loghi\/patch<\/p><\/td><\/tr><tr><td><p>Protezione solare<\/p><\/td><td><p>Migliore copertura<\/p><\/td><td><p>Minore protezione; soggetto ad abbagliamento<\/p><\/td><\/tr><\/tbody><\/table>\t\t\t\t\t\t\t\t<\/div>\n\t\t\t\t<\/div>\n\t\t\t\t<div class=\"elementor-element elementor-element-951b338 elementor-widget elementor-widget-text-editor\" data-id=\"951b338\" data-element_type=\"widget\" data-widget_type=\"text-editor.default\">\n\t\t\t\t<div class=\"elementor-widget-container\">\n\t\t\t\t\t\t\t\t\t<article class=\"text-token-text-primary w-full\" dir=\"auto\" data-testid=\"conversation-turn-34\" data-scroll-anchor=\"false\"><div class=\"text-base my-auto mx-auto py-5 [--thread-content-margin:--spacing(4)] @[37rem]:[--thread-content-margin:--spacing(6)] @[72rem]:[--thread-content-margin:--spacing(16)] px-(--thread-content-margin)\"><div class=\"[--thread-content-max-width:32rem] @[34rem]:[--thread-content-max-width:40rem] @[64rem]:[--thread-content-max-width:48rem] mx-auto flex max-w-(--thread-content-max-width) flex-1 text-base gap-4 md:gap-5 lg:gap-6 group\/turn-messages focus-visible:outline-hidden\"><div class=\"group\/conversation-turn relative flex w-full min-w-0 flex-col agent-turn\"><div class=\"relative flex-col gap-1 md:gap-3\"><div class=\"flex max-w-full flex-col grow\"><div class=\"min-h-8 text-message relative flex w-full flex-col items-end gap-2 text-start break-words whitespace-normal [.text-message+&amp;]:mt-5\" dir=\"auto\" data-message-author-role=\"assistant\" data-message-id=\"ea382709-612c-4598-a539-de39b7a6d435\" data-message-model-slug=\"gpt-4o\"><div class=\"flex w-full flex-col gap-1 empty:hidden first:pt-[3px]\"><div class=\"markdown prose dark:prose-invert w-full break-words light\"><h3 data-start=\"175\" data-end=\"185\">Aspetto<\/h3><p data-start=\"186\" data-end=\"449\">Se ti piace un <strong data-start=\"203\" data-end=\"231\">atmosfera rilassata e senza tempo<\/strong>, la falda curva offre esattamente questo. \u00c8 familiare e rilassata. La falda piatta, d&#039;altra parte, emana un <strong data-start=\"349\" data-end=\"375\">estetica moderna e audace<\/strong>, perfetto per chi vuole fare una dichiarazione audace e alla moda.<\/p><h3 data-start=\"451\" data-end=\"460\">Adatto<\/h3><p data-start=\"461\" data-end=\"728\"><strong data-start=\"461\" data-end=\"489\">Cappelli da camionista con visiera curva<\/strong> Le visiere piatte tendono ad adattarsi in modo pi\u00f9 naturale alla forma della testa, offrendo una sensazione di comfort ed ergonomia. Le visiere piatte sono generalmente pi\u00f9 rigide e hanno una maggiore rigidit\u00e0, il che potrebbe non essere altrettanto comodo su teste pi\u00f9 larghe o rotonde per periodi prolungati.<\/p><h3 data-start=\"730\" data-end=\"747\">Versatilit\u00e0<\/h3><p data-start=\"748\" data-end=\"1015\">Quando si tratta di flessibilit\u00e0 nello stile, <strong data-start=\"786\" data-end=\"823\">le tese curve sono le vincitrici indiscusse<\/strong>Si adattano a tutto, dall&#039;abbigliamento casual all&#039;attrezzatura da esterno. Le tese piatte tendono pi\u00f9 verso <strong data-start=\"913\" data-end=\"944\">streetwear e look alla moda<\/strong>, rendendoli meno adattabili a diversi contesti o stili di abbigliamento.<\/p><h3 data-start=\"1017\" data-end=\"1036\">Personalizzazione<\/h3><p data-start=\"1037\" data-end=\"1294\">Se stai pensando di aggiungere un logo o una patch, <strong data-start=\"1083\" data-end=\"1120\">le tese piatte offrono pi\u00f9 spazio<\/strong>La falda pi\u00f9 ampia e dritta offre ampio spazio per design dettagliati. Le falda curva sono pi\u00f9 limitate, quindi la personalizzazione potrebbe essere limitata a grafiche pi\u00f9 piccole o semplici.<\/p><h3 data-start=\"1296\" data-end=\"1316\">Protezione solare<\/h3><p data-start=\"1317\" data-end=\"1595\" data-is-last-node=\"\" data-is-only-node=\"\">Tesa curva naturalmente <strong data-start=\"1340\" data-end=\"1385\">proteggi il viso e gli occhi in modo pi\u00f9 efficace<\/strong>, rendendoli migliori per la protezione solare durante le attivit\u00e0 all&#039;aperto. Le visiere piatte, pur essendo eleganti, possono consentire a una maggiore quantit\u00e0 di luce di riflettersi negli occhi, offrendo <strong data-start=\"1536\" data-end=\"1580\">minore copertura e potenzialmente pi\u00f9 abbagliamento<\/strong> nelle giornate di sole.<\/p><\/div><\/div><\/div><\/div><\/div><\/div><\/div><\/div><\/article><h2 data-start=\"187\" data-end=\"231\">Cappelli da camionista con visiera curva: un look classico<\/h2><p><img decoding=\"async\" class=\"aligncenter wp-image-5348\" title=\"Cappello da camionista beige verde con logo JoinTop Mountain\" src=\"https:\/\/jointophat.com\/wp-content\/uploads\/2024\/12\/Beige-green-trucker-hat-with-JoinTop-Mountain-logo.webp\" alt=\"Cappello da camionista beige verde con logo JoinTop Mountain\" width=\"500\" height=\"292\" srcset=\"https:\/\/jointophat.com\/wp-content\/uploads\/2024\/12\/Beige-green-trucker-hat-with-JoinTop-Mountain-logo.webp 1024w, https:\/\/jointophat.com\/wp-content\/uploads\/2024\/12\/Beige-green-trucker-hat-with-JoinTop-Mountain-logo-300x175.webp 300w, https:\/\/jointophat.com\/wp-content\/uploads\/2024\/12\/Beige-green-trucker-hat-with-JoinTop-Mountain-logo-768x449.webp 768w, https:\/\/jointophat.com\/wp-content\/uploads\/2024\/12\/Beige-green-trucker-hat-with-JoinTop-Mountain-logo-18x12.webp 18w\" sizes=\"(max-width: 500px) 100vw, 500px\" \/><\/p><h3 data-start=\"233\" data-end=\"255\">Storia e design<\/h3><p data-start=\"257\" data-end=\"510\">IL <strong data-start=\"261\" data-end=\"288\">cappello da camionista con visiera curva<\/strong> ha radici che risalgono al <strong data-start=\"317\" data-end=\"334\">anni &#039;60 e &#039;70<\/strong>, quando era comunemente indossato da camionisti, agricoltori e squadre sportive. \u00c8 stato progettato per <strong data-start=\"427\" data-end=\"443\">praticit\u00e0<\/strong>non solo stile, ma anche ombra e comfort per le lunghe giornate all&#039;aria aperta.<\/p><p data-start=\"512\" data-end=\"755\">La sua caratteristica pi\u00f9 distintiva \u00e8 la <strong data-start=\"545\" data-end=\"570\">tesa naturalmente arcuata<\/strong>, che segue la forma della testa. Questa curvatura non \u00e8 solo estetica, ma migliora anche la <strong data-start=\"672\" data-end=\"689\">vestibilit\u00e0 ergonomica<\/strong> e aiuta a far s\u00ec che il cappello aderisca in modo pi\u00f9 sicuro e comodo alla testa.<\/p><h3 data-start=\"757\" data-end=\"793\">Pro dei cappelli da camionista con visiera curva<\/h3><ul data-start=\"795\" data-end=\"1335\"><li data-start=\"795\" data-end=\"929\"><p data-start=\"797\" data-end=\"929\"><strong data-start=\"797\" data-end=\"822\">Migliore protezione solare<\/strong> \u2013 La visiera curva impedisce alla luce solare di colpire direttamente gli occhi, rendendolo ideale per l&#039;uso all&#039;aperto.<\/p><\/li><li data-start=\"930\" data-end=\"1051\"><p data-start=\"932\" data-end=\"1051\"><strong data-start=\"932\" data-end=\"960\">Vestibilit\u00e0 comoda e aderente<\/strong> \u2013 La forma si adatta naturalmente alla maggior parte dei tipi di testa, riducendo gli spazi vuoti o gli angoli stretti.<\/p><\/li><li data-start=\"1052\" data-end=\"1179\"><p data-start=\"1054\" data-end=\"1179\"><strong data-start=\"1054\" data-end=\"1075\">Stile versatile<\/strong> \u2013 Si abbina bene a jeans, pantaloncini, abbigliamento outdoor o anche ad outfit smart-casual. Ottimo per l&#039;uso quotidiano.<\/p><\/li><li data-start=\"1180\" data-end=\"1335\"><p data-start=\"1182\" data-end=\"1335\"><strong data-start=\"1182\" data-end=\"1214\">Estetica senza tempo e familiare<\/strong> \u2013 Le visiere curve hanno resistito alla prova del tempo, offrendo un look rilassato e tipicamente americano che non passa mai di moda.<\/p><\/li><\/ul><h3 data-start=\"1337\" data-end=\"1373\">Contro dei cappelli da camionista con visiera curva<\/h3><ul data-start=\"1375\" data-end=\"1674\"><li data-start=\"1375\" data-end=\"1505\"><p data-start=\"1377\" data-end=\"1505\"><strong data-start=\"1377\" data-end=\"1401\">Potrebbe sembrare meno alla moda<\/strong> \u2013 Alcuni giovani o amanti della moda potrebbero considerare le visiere curve pi\u00f9 tradizionali o &quot;vecchia scuola&quot;.<\/p><\/li><li data-start=\"1506\" data-end=\"1674\"><p data-start=\"1508\" data-end=\"1674\"><strong data-start=\"1508\" data-end=\"1538\">Area di personalizzazione pi\u00f9 piccola<\/strong> \u2013 La falda curva pu\u00f2 limitare lo spazio a disposizione per toppe, ricami o marchi dettagliati, soprattutto se confrontata con le falda piatta.<\/p><\/li><\/ul><h2 data-start=\"181\" data-end=\"227\">Cappelli da camionista con visiera piatta: la dichiarazione audace<\/h2><p><img loading=\"lazy\" decoding=\"async\" class=\"aligncenter wp-image-6017\" title=\"Tre cappelli da camionista in marrone bordeaux e rosa con parte posteriore in rete\" src=\"https:\/\/jointophat.com\/wp-content\/uploads\/2025\/01\/Three-trucker-hats-in-brown_-burgundy_-and-pink-with-mesh-backs-scaled.webp\" alt=\"Tre cappelli da camionista in marrone bordeaux e rosa con parte posteriore in rete\" width=\"500\" height=\"334\" srcset=\"https:\/\/jointophat.com\/wp-content\/uploads\/2025\/01\/Three-trucker-hats-in-brown_-burgundy_-and-pink-with-mesh-backs-scaled.webp 2560w, https:\/\/jointophat.com\/wp-content\/uploads\/2025\/01\/Three-trucker-hats-in-brown_-burgundy_-and-pink-with-mesh-backs-300x200.webp 300w, https:\/\/jointophat.com\/wp-content\/uploads\/2025\/01\/Three-trucker-hats-in-brown_-burgundy_-and-pink-with-mesh-backs-1024x683.webp 1024w, https:\/\/jointophat.com\/wp-content\/uploads\/2025\/01\/Three-trucker-hats-in-brown_-burgundy_-and-pink-with-mesh-backs-768x512.webp 768w, https:\/\/jointophat.com\/wp-content\/uploads\/2025\/01\/Three-trucker-hats-in-brown_-burgundy_-and-pink-with-mesh-backs-1536x1025.webp 1536w, https:\/\/jointophat.com\/wp-content\/uploads\/2025\/01\/Three-trucker-hats-in-brown_-burgundy_-and-pink-with-mesh-backs-2048x1366.webp 2048w, https:\/\/jointophat.com\/wp-content\/uploads\/2025\/01\/Three-trucker-hats-in-brown_-burgundy_-and-pink-with-mesh-backs-18x12.webp 18w\" sizes=\"(max-width: 500px) 100vw, 500px\" \/><\/p><h3 data-start=\"229\" data-end=\"254\">L&#039;ascesa della moda urbana<\/h3><p data-start=\"256\" data-end=\"536\">I cappelli da camionista a tesa piatta sono diventati molto popolari nel <strong data-start=\"309\" data-end=\"326\">era post-2010<\/strong>, grazie ai loro forti legami con <strong data-start=\"359\" data-end=\"401\">cultura streetwear, hip-hop e skate<\/strong>Sono diventati pi\u00f9 di un semplice copricapo: sono diventati un vero e proprio messaggio. Se ne avete visto uno su un influencer o un musicista, conoscete l&#039;atmosfera.<\/p><p data-start=\"538\" data-end=\"744\">Indossare una visiera piatta non \u00e8 solo una questione di funzionalit\u00e0, ma anche di mettersi in mostra <strong data-start=\"608\" data-end=\"630\">stile audace e moderno<\/strong> e un senso di sicurezza. Questo cappello \u00e8 tutto incentrato <strong data-start=\"680\" data-end=\"710\">spingendo i confini della moda<\/strong> mantenendo la calma e la compostezza.<\/p><h3 data-start=\"746\" data-end=\"780\">Pro dei cappelli da camionista con visiera piatta<\/h3><ul data-start=\"782\" data-end=\"1294\"><li data-start=\"782\" data-end=\"947\"><p data-start=\"784\" data-end=\"947\"><strong data-start=\"784\" data-end=\"810\">Estetica moderna e all&#039;avanguardia<\/strong> \u2013 La forma piatta conferisce un look elegante e audace che si distingue in qualsiasi contesto. \u00c8 ideale per chi ama distinguersi alla moda.<\/p><\/li><li data-start=\"948\" data-end=\"1137\"><p data-start=\"950\" data-end=\"1137\"><strong data-start=\"950\" data-end=\"988\">Superficie della tesa pi\u00f9 ampia per la personalizzazione<\/strong> \u2013 Che si tratti di un logo, di una toppa o di un ricamo, la visiera piatta offre pi\u00f9 spazio per il lavoro di progettazione, rendendolo ottimo per <strong data-start=\"1102\" data-end=\"1134\">branding e personalizzazione<\/strong>.<\/p><\/li><li data-start=\"1138\" data-end=\"1294\"><p data-start=\"1140\" data-end=\"1294\"><strong data-start=\"1140\" data-end=\"1170\">Popolare tra i trendsetter<\/strong> \u2013 Dagli atleti agli artisti, la visiera piatta \u00e8 diventata la scelta preferita dalle persone all&#039;avanguardia della moda e della cultura pop.<\/p><\/li><\/ul><h3 data-start=\"1296\" data-end=\"1330\">Contro dei cappelli da camionista con visiera piatta<\/h3><ul data-start=\"1332\" data-end=\"1790\"><li data-start=\"1332\" data-end=\"1474\"><p data-start=\"1334\" data-end=\"1474\"><strong data-start=\"1334\" data-end=\"1357\">Minore protezione solare<\/strong> \u2013 La falda piatta pu\u00f2 consentire di pi\u00f9 <strong data-start=\"1389\" data-end=\"1402\">abbagliamento del sole<\/strong> per colpire gli occhi poich\u00e9 non curva verso il basso per proteggere il viso.<\/p><\/li><li data-start=\"1475\" data-end=\"1619\"><p data-start=\"1477\" data-end=\"1619\"><strong data-start=\"1477\" data-end=\"1512\">Potrebbe risultare rigido o scomodo<\/strong> \u2013 La forma strutturata pu\u00f2 risultare stretta o rigida, soprattutto per le persone con teste pi\u00f9 rotonde o larghe.<\/p><\/li><li data-start=\"1620\" data-end=\"1790\"><p data-start=\"1622\" data-end=\"1790\"><strong data-start=\"1622\" data-end=\"1658\">Meno adattabile agli abiti formali<\/strong> \u2013 Le tese piatte non si abbinano facilmente ai look casual-elegante o classici, il che le rende pi\u00f9 adatte allo streetwear o all&#039;abbigliamento sportivo.<\/p><\/li><\/ul><h2 data-start=\"176\" data-end=\"225\">Sfida di stile: quale si adatta meglio al tuo stile?<\/h2><p><img loading=\"lazy\" decoding=\"async\" class=\"aligncenter wp-image-6997\" title=\"toppa per cappello da camionista fai da te stampata su schermo\" src=\"https:\/\/jointophat.com\/wp-content\/uploads\/2025\/02\/diy-trucker-hat-patch-screen-printing.webp\" alt=\"toppa per cappello da camionista fai da te stampata su schermo\" width=\"500\" height=\"280\" srcset=\"https:\/\/jointophat.com\/wp-content\/uploads\/2025\/02\/diy-trucker-hat-patch-screen-printing.webp 1800w, https:\/\/jointophat.com\/wp-content\/uploads\/2025\/02\/diy-trucker-hat-patch-screen-printing-300x168.webp 300w, https:\/\/jointophat.com\/wp-content\/uploads\/2025\/02\/diy-trucker-hat-patch-screen-printing-1024x573.webp 1024w, https:\/\/jointophat.com\/wp-content\/uploads\/2025\/02\/diy-trucker-hat-patch-screen-printing-768x430.webp 768w, https:\/\/jointophat.com\/wp-content\/uploads\/2025\/02\/diy-trucker-hat-patch-screen-printing-1536x860.webp 1536w, https:\/\/jointophat.com\/wp-content\/uploads\/2025\/02\/diy-trucker-hat-patch-screen-printing-18x10.webp 18w\" sizes=\"(max-width: 500px) 100vw, 500px\" \/><\/p><h3 data-start=\"227\" data-end=\"258\">Impatto estetico e visivo<\/h3><p data-start=\"260\" data-end=\"593\">Quando si tratta di <strong data-start=\"277\" data-end=\"298\">prime impressioni<\/strong>, il tuo cappello la dice lunga. A <strong data-start=\"327\" data-end=\"340\">tesa piatta<\/strong> fornisce un <strong data-start=\"352\" data-end=\"372\">sguardo audace e acuto<\/strong> che cattura immediatamente l&#039;attenzione. \u00c8 pulito, sicuro e tende al confine urbano. D&#039;altro canto, un <strong data-start=\"479\" data-end=\"494\">tesa curva<\/strong> si sente di pi\u00f9 <strong data-start=\"506\" data-end=\"529\">equilibrato e sottile<\/strong>, emanando un&#039;atmosfera rilassata e rilassata che si adatta facilmente.<\/p><p data-start=\"595\" data-end=\"681\">Entrambi hanno la loro importanza: devi solo decidere quale messaggio vuoi trasmettere con il tuo look.<\/p><h3 data-start=\"683\" data-end=\"706\"><a href=\"https:\/\/jointophat.com\/it\/blog\/come-abbinare-i-cappelli-da-camionista\/\" target=\"_blank\" rel=\"noopener\">Coordinamento dell&#039;outfit<\/a><\/h3><p data-start=\"708\" data-end=\"966\">La forma della tesa pu\u00f2 effettivamente influenzare l&#039;adattamento del cappello a diversi outfit. <strong data-start=\"794\" data-end=\"820\">Cappelli da camionista a tesa piatta<\/strong> abbina senza sforzo con <strong data-start=\"844\" data-end=\"858\">abbigliamento da strada<\/strong>, <strong data-start=\"860\" data-end=\"875\">attrezzatura sportiva<\/strong>o anche modelli oversize. Pensate a felpe con cappuccio, jogger o t-shirt con stampe: completano il look.<\/p><p data-start=\"968\" data-end=\"1179\"><strong data-start=\"968\" data-end=\"996\">Cappelli da camionista con visiera curva<\/strong>, d&#039;altra parte, si abbinano meglio con <strong data-start=\"1038\" data-end=\"1057\">casual, all&#039;aperto<\/strong>, o anche <strong data-start=\"1067\" data-end=\"1093\">abiti di ispirazione retr\u00f2<\/strong>Dalle camicie di flanella alle giacche di jeans, conferiscono quel tocco classico e sobrio.<\/p><h3 data-start=\"1181\" data-end=\"1205\">Occasione adatta<\/h3><p data-start=\"1207\" data-end=\"1406\">La scelta della forma giusta della falda dipende anche dalla destinazione. <strong data-start=\"1274\" data-end=\"1288\">Tesa piatta<\/strong> sono perfetti per <strong data-start=\"1305\" data-end=\"1324\">festival musicali<\/strong>, <strong data-start=\"1326\" data-end=\"1343\">luoghi di ritrovo in citt\u00e0<\/strong>, O <strong data-start=\"1348\" data-end=\"1374\">eventi all&#039;avanguardia della moda<\/strong> dove l&#039;obiettivo \u00e8 distinguersi.<\/p><p data-start=\"1408\" data-end=\"1621\">Se stai uscendo per un <strong data-start=\"1436\" data-end=\"1455\">escursione, viaggio su strada<\/strong>, o semplicemente fare commissioni, il <strong data-start=\"1486\" data-end=\"1501\">tesa curva<\/strong> \u00e8 la scelta migliore. \u00c8 pi\u00f9 versatile, pi\u00f9 comodo da indossare a lungo e si adatta naturalmente alla routine quotidiana.<\/p><h2 data-start=\"177\" data-end=\"218\">\u00c8 possibile curvare un cappello da camionista con la visiera piatta?<\/h2><p><img loading=\"lazy\" decoding=\"async\" class=\"aligncenter wp-image-3519\" title=\"Cappello da camionista mimetico con toppa Civilized\" src=\"https:\/\/jointophat.com\/wp-content\/uploads\/2024\/10\/Camouflage-trucker-hat-with-a-Civilized-patch.webp\" alt=\"Cappello da camionista mimetico con toppa Civilized\" width=\"500\" height=\"350\" srcset=\"https:\/\/jointophat.com\/wp-content\/uploads\/2024\/10\/Camouflage-trucker-hat-with-a-Civilized-patch.webp 564w, https:\/\/jointophat.com\/wp-content\/uploads\/2024\/10\/Camouflage-trucker-hat-with-a-Civilized-patch-300x210.webp 300w, https:\/\/jointophat.com\/wp-content\/uploads\/2024\/10\/Camouflage-trucker-hat-with-a-Civilized-patch-18x12.webp 18w\" sizes=\"(max-width: 500px) 100vw, 500px\" \/><\/p><p data-start=\"220\" data-end=\"454\">Assolutamente! Se hai un cappello da camionista a tesa piatta ma preferisci il <strong data-start=\"285\" data-end=\"319\">aspetto e sensazione di una falda curva<\/strong>, puoi rimodellarlo completamente da solo. Il trucco \u00e8 il popolare <strong data-start=\"383\" data-end=\"403\">\u201cmetodo burrito\u201d<\/strong>\u2014\u00e8 semplice, veloce e non richiede alcun attrezzo.<\/p><h3 data-start=\"456\" data-end=\"508\">Guida passo passo per curvare la falda piatta<\/h3><h4 data-start=\"510\" data-end=\"741\">Passaggio 1: formare la curva di base<\/h4><p data-start=\"510\" data-end=\"741\">Tieni il cappello capovolto. Unisci delicatamente i due lati della tesa in modo che formi una tesa larga. <strong data-start=\"639\" data-end=\"657\">forma a \u201cimbuto\u201d<\/strong>Non piegarlo, crea solo una leggera curva. Tienilo cos\u00ec per circa <strong data-start=\"726\" data-end=\"740\">30 secondi<\/strong>.<\/p><h4 data-start=\"743\" data-end=\"984\">Passaggio 2: Avvolgilo come un burrito<\/h4><p data-start=\"743\" data-end=\"984\">Infila un&#039;estremit\u00e0 della tesa sotto l&#039;altra per creare un <strong data-start=\"831\" data-end=\"851\">rotolo cilindrico<\/strong>, un po&#039; come un burrito. Mantieni questa posizione saldamente per un altro <strong data-start=\"915\" data-end=\"941\">Da 30 secondi a un minuto<\/strong>, a seconda di quanto forte si desidera che sia la curva.<\/p><h4 data-start=\"986\" data-end=\"1176\">Passaggio 3: rilasciare e regolare<\/h4><p data-start=\"986\" data-end=\"1176\">Lascia andare e controlla la nuova forma. Se non \u00e8 abbastanza curva, ripeti i passaggi. Puoi anche lasciarlo avvolto per tutta la notte per aiutare la curvatura a stabilizzarsi pi\u00f9 profondamente.<\/p><h3 data-start=\"1178\" data-end=\"1203\">Una parola di cautela<\/h3><p data-start=\"1205\" data-end=\"1418\">Non esagerare. Sii delicato con il tuo cappello.<strong data-start=\"1246\" data-end=\"1270\">non piegare o sgualcire mai<\/strong> l&#039;orlo bruscamente, poich\u00e9 ci\u00f2 pu\u00f2 causare <strong data-start=\"1307\" data-end=\"1319\">screpolature<\/strong> o danni permanenti. Ogni materiale del cappello reagisce in modo leggermente diverso, quindi procedi con calma e valuta attentamente.<\/p><h2 data-start=\"197\" data-end=\"240\">Curvo o piatto: cosa scegliere?<\/h2><p><img loading=\"lazy\" decoding=\"async\" class=\"aligncenter wp-image-3211\" title=\"Cappello da camionista blu e bianco su una panchina con skateboard\" src=\"https:\/\/jointophat.com\/wp-content\/uploads\/2024\/10\/Blue-and-white-trucker-hat-on-a-bench-with-skateboard.webp\" alt=\"Cappello da camionista blu e bianco su una panchina con skateboard\" width=\"500\" height=\"333\" srcset=\"https:\/\/jointophat.com\/wp-content\/uploads\/2024\/10\/Blue-and-white-trucker-hat-on-a-bench-with-skateboard.webp 1024w, https:\/\/jointophat.com\/wp-content\/uploads\/2024\/10\/Blue-and-white-trucker-hat-on-a-bench-with-skateboard-300x200.webp 300w, https:\/\/jointophat.com\/wp-content\/uploads\/2024\/10\/Blue-and-white-trucker-hat-on-a-bench-with-skateboard-768x512.webp 768w, https:\/\/jointophat.com\/wp-content\/uploads\/2024\/10\/Blue-and-white-trucker-hat-on-a-bench-with-skateboard-18x12.webp 18w\" sizes=\"(max-width: 500px) 100vw, 500px\" \/><\/p><p data-start=\"242\" data-end=\"453\">Scegliere tra un <strong data-start=\"261\" data-end=\"288\">cappello da camionista con visiera curva<\/strong> e un <strong data-start=\"295\" data-end=\"320\">cappello da camionista a tesa piatta<\/strong> non si tratta solo di tendenze, ma di ci\u00f2 che si adatta <em data-start=\"378\" data-end=\"383\">Voi<\/em>Analizziamo alcuni punti chiave che possono aiutarti a orientare la tua decisione.<\/p><h3 data-start=\"455\" data-end=\"469\">Forma del viso<\/h3><p data-start=\"471\" data-end=\"719\">La forma del tuo viso pu\u00f2 influenzare l&#039;aspetto e la sensazione di un cappello. Se hai un <strong data-start=\"542\" data-end=\"567\">viso pi\u00f9 rotondo o pi\u00f9 largo<\/strong>, una falda curva spesso bilancia meglio le proporzioni. Per <strong data-start=\"622\" data-end=\"649\">volti pi\u00f9 lunghi o spigolosi<\/strong>una visiera piatta pu\u00f2 valorizzare i tuoi lineamenti e dare un tocco di stile in pi\u00f9.<\/p><h3 data-start=\"721\" data-end=\"739\">Stile personale<\/h3><p data-start=\"741\" data-end=\"1013\">Ti piace di pi\u00f9? <strong data-start=\"759\" data-end=\"787\">look classici e rilassati<\/strong>, o preferisci un <strong data-start=\"808\" data-end=\"838\">atmosfera audace e all&#039;avanguardia<\/strong>? Le visiere curve sono perfette per stili casual o sportivi. Le visiere piatte, invece, sono perfette se ami lo streetwear, la moda urbana o vuoi qualcosa che si distingua.<\/p><h3 data-start=\"1015\" data-end=\"1039\">Attivit\u00e0 e contesto<\/h3><p data-start=\"1041\" data-end=\"1299\">Pensa a <strong data-start=\"1053\" data-end=\"1080\">dove indosserai<\/strong> il tuo cappello pi\u00f9 spesso. <strong data-start=\"1102\" data-end=\"1118\">Tesa curva<\/strong> sono ideali per attivit\u00e0 all&#039;aperto come escursionismo, pesca o commissioni quotidiane. <strong data-start=\"1195\" data-end=\"1209\">Tesa piatta<\/strong> sono pi\u00f9 a loro agio in contesti sociali, festival o quando si cerca un look pi\u00f9 alla moda.<\/p><h3 data-start=\"1301\" data-end=\"1336\">Esigenze di comfort e personalizzazione<\/h3><p data-start=\"1338\" data-end=\"1567\">Se la comodit\u00e0 \u00e8 la tua priorit\u00e0, <strong data-start=\"1367\" data-end=\"1395\">cappelli da camionista con visiera curva<\/strong> in genere offrono una vestibilit\u00e0 pi\u00f9 naturale. Ma se stai pianificando di <strong data-start=\"1458\" data-end=\"1496\">aggiungere un logo, una toppa o una grafica in grassetto<\/strong>, UN <strong data-start=\"1500\" data-end=\"1534\">la visiera piatta ti d\u00e0 pi\u00f9 spazio<\/strong> e una tela bianca su cui lavorare.<\/p><h2 data-start=\"138\" data-end=\"151\">Conclusione<\/h2><p><img loading=\"lazy\" decoding=\"async\" class=\"aligncenter wp-image-6749\" title=\"Uomo che indossa un elegante berretto da camionista giallo e bianco\" src=\"https:\/\/jointophat.com\/wp-content\/uploads\/2025\/02\/Man-wearing-a-stylish-yellow-and-white-trucker-cap.webp\" alt=\"Uomo che indossa un elegante berretto da camionista giallo e bianco\" width=\"500\" height=\"281\" srcset=\"https:\/\/jointophat.com\/wp-content\/uploads\/2025\/02\/Man-wearing-a-stylish-yellow-and-white-trucker-cap.webp 2240w, https:\/\/jointophat.com\/wp-content\/uploads\/2025\/02\/Man-wearing-a-stylish-yellow-and-white-trucker-cap-300x169.webp 300w, https:\/\/jointophat.com\/wp-content\/uploads\/2025\/02\/Man-wearing-a-stylish-yellow-and-white-trucker-cap-1024x576.webp 1024w, https:\/\/jointophat.com\/wp-content\/uploads\/2025\/02\/Man-wearing-a-stylish-yellow-and-white-trucker-cap-768x432.webp 768w, https:\/\/jointophat.com\/wp-content\/uploads\/2025\/02\/Man-wearing-a-stylish-yellow-and-white-trucker-cap-1536x864.webp 1536w, https:\/\/jointophat.com\/wp-content\/uploads\/2025\/02\/Man-wearing-a-stylish-yellow-and-white-trucker-cap-2048x1152.webp 2048w, https:\/\/jointophat.com\/wp-content\/uploads\/2025\/02\/Man-wearing-a-stylish-yellow-and-white-trucker-cap-18x10.webp 18w\" sizes=\"(max-width: 500px) 100vw, 500px\" \/><\/p><p data-start=\"153\" data-end=\"425\">Che tu sia propenso per il <strong data-start=\"181\" data-end=\"217\">il comfort classico di una visiera curva<\/strong> o il <strong data-start=\"225\" data-end=\"253\">bordo audace di una falda piatta<\/strong>Ogni stile di cappello da camionista ha il suo fascino. La scelta giusta dipende dalla forma del viso, dallo stile personale e da come si intende indossarlo. In ogni caso, si fa un&#039;affermazione.<\/p><p data-start=\"427\" data-end=\"660\" data-is-last-node=\"\" data-is-only-node=\"\">Vuoi creare cappelli da camionista personalizzati che riflettano il tuo marchio o il tuo stile personale? <a href=\"https:\/\/jointophat.com\/it\/\" target=\"_blank\" rel=\"noopener\"><strong data-start=\"507\" data-end=\"526\">Contatta JOINTOP<\/strong><\/a>\u2014offriamo servizi OEM\/ODM completi, dal supporto alla progettazione alla produzione di qualit\u00e0. Diamo vita al tuo cappello ideale, una falda alla volta.<\/p>\t\t\t\t\t\t\t\t<\/div>\n\t\t\t\t<\/div>\n\t\t\t\t<div class=\"elementor-element elementor-element-a568d97 elementor-widget elementor-widget-heading\" data-id=\"a568d97\" data-element_type=\"widget\" data-widget_type=\"heading.default\">\n\t\t\t\t<div class=\"elementor-widget-container\">\n\t\t\t\t\t<h2 class=\"elementor-heading-title elementor-size-default\">Domande frequenti<\/h2>\t\t\t\t<\/div>\n\t\t\t\t<\/div>\n\t\t\t\t<div class=\"elementor-element elementor-element-e304022 elementor-widget elementor-widget-n-accordion\" data-id=\"e304022\" data-element_type=\"widget\" data-settings=\"{&quot;default_state&quot;:&quot;expanded&quot;,&quot;max_items_expended&quot;:&quot;one&quot;,&quot;n_accordion_animation_duration&quot;:{&quot;unit&quot;:&quot;ms&quot;,&quot;size&quot;:400,&quot;sizes&quot;:[]}}\" data-widget_type=\"nested-accordion.default\">\n\t\t\t\t<div class=\"elementor-widget-container\">\n\t\t\t\t\t\t\t<div class=\"e-n-accordion\" aria-label=\"Fisarmonica. Apri i link con Invio o Spazio, chiudi con Esc e naviga con i tasti freccia\">\n\t\t\t\t\t\t<details id=\"e-n-accordion-item-2380\" class=\"e-n-accordion-item\" open>\n\t\t\t\t<summary class=\"e-n-accordion-item-title\" data-accordion-index=\"1\" tabindex=\"0\" aria-expanded=\"true\" aria-controls=\"e-n-accordion-item-2380\" >\n\t\t\t\t\t<span class='e-n-accordion-item-title-header'><div class=\"e-n-accordion-item-title-text\"> I cappelli da camionista con visiera piatta sono ancora di moda? <\/div><\/span>\n\t\t\t\t\t\t\t<span class='e-n-accordion-item-title-icon'>\n\t\t\t<span class='e-opened' ><svg aria-hidden=\"true\" class=\"e-font-icon-svg e-fas-minus\" viewbox=\"0 0 448 512\" xmlns=\"http:\/\/www.w3.org\/2000\/svg\"><path d=\"M416 208H32c-17.67 0-32 14.33-32 32v32c0 17.67 14.33 32 32 32h384c17.67 0 32-14.33 32-32v-32c0-17.67-14.33-32-32-32z\"><\/path><\/svg><\/span>\n\t\t\t<span class='e-closed'><svg aria-hidden=\"true\" class=\"e-font-icon-svg e-fas-plus\" viewbox=\"0 0 448 512\" xmlns=\"http:\/\/www.w3.org\/2000\/svg\"><path d=\"M416 208H272V64c0-17.67-14.33-32-32-32h-32c-17.67 0-32 14.33-32 32v144H32c-17.67 0-32 14.33-32 32v32c0 17.67 14.33 32 32 32h144v144c0 17.67 14.33 32 32 32h32c17.67 0 32-14.33 32-32V304h144c17.67 0 32-14.33 32-32v-32c0-17.67-14.33-32-32-32z\"><\/path><\/svg><\/span>\n\t\t<\/span>\n\n\t\t\t\t\t\t<\/summary>\n\t\t\t\t<div role=\"region\" aria-labelledby=\"e-n-accordion-item-2380\" class=\"elementor-element elementor-element-1a83695 e-con-full e-flex e-con e-child\" data-id=\"1a83695\" data-element_type=\"container\">\n\t\t\t\t<div class=\"elementor-element elementor-element-c886bbb elementor-widget elementor-widget-text-editor\" data-id=\"c886bbb\" data-element_type=\"widget\" data-widget_type=\"text-editor.default\">\n\t\t\t\t<div class=\"elementor-widget-container\">\n\t\t\t\t\t\t\t\t\t<p>S\u00cc! <strong data-start=\"908\" data-end=\"934\">Cappelli da camionista a tesa piatta<\/strong> rimanere alla moda, soprattutto in <strong data-start=\"964\" data-end=\"1006\">streetwear, hip-hop e moda skate<\/strong>Sono la scelta ideale per un pubblico pi\u00f9 giovane attento alla moda e per gli influencer che vogliono distinguersi.<\/p>\t\t\t\t\t\t\t\t<\/div>\n\t\t\t\t<\/div>\n\t\t\t\t<\/div>\n\t\t\t\t\t<\/details>\n\t\t\t\t\t\t<details id=\"e-n-accordion-item-2381\" class=\"e-n-accordion-item\" >\n\t\t\t\t<summary class=\"e-n-accordion-item-title\" data-accordion-index=\"2\" tabindex=\"-1\" aria-expanded=\"false\" aria-controls=\"e-n-accordion-item-2381\" >\n\t\t\t\t\t<span class='e-n-accordion-item-title-header'><div class=\"e-n-accordion-item-title-text\"> Posso piegare una falda piatta trasformandola in una falda curva? <\/div><\/span>\n\t\t\t\t\t\t\t<span class='e-n-accordion-item-title-icon'>\n\t\t\t<span class='e-opened' ><svg aria-hidden=\"true\" class=\"e-font-icon-svg e-fas-minus\" viewbox=\"0 0 448 512\" xmlns=\"http:\/\/www.w3.org\/2000\/svg\"><path d=\"M416 208H32c-17.67 0-32 14.33-32 32v32c0 17.67 14.33 32 32 32h384c17.67 0 32-14.33 32-32v-32c0-17.67-14.33-32-32-32z\"><\/path><\/svg><\/span>\n\t\t\t<span class='e-closed'><svg aria-hidden=\"true\" class=\"e-font-icon-svg e-fas-plus\" viewbox=\"0 0 448 512\" xmlns=\"http:\/\/www.w3.org\/2000\/svg\"><path d=\"M416 208H272V64c0-17.67-14.33-32-32-32h-32c-17.67 0-32 14.33-32 32v144H32c-17.67 0-32 14.33-32 32v32c0 17.67 14.33 32 32 32h144v144c0 17.67 14.33 32 32 32h32c17.67 0 32-14.33 32-32V304h144c17.67 0 32-14.33 32-32v-32c0-17.67-14.33-32-32-32z\"><\/path><\/svg><\/span>\n\t\t<\/span>\n\n\t\t\t\t\t\t<\/summary>\n\t\t\t\t<div role=\"region\" aria-labelledby=\"e-n-accordion-item-2381\" class=\"elementor-element elementor-element-72dfc71 e-con-full e-flex e-con e-child\" data-id=\"72dfc71\" data-element_type=\"container\">\n\t\t\t\t<div class=\"elementor-element elementor-element-c5191d8 elementor-widget elementor-widget-text-editor\" data-id=\"c5191d8\" data-element_type=\"widget\" data-widget_type=\"text-editor.default\">\n\t\t\t\t<div class=\"elementor-widget-container\">\n\t\t\t\t\t\t\t\t\t<p>Puoi farlo! Molte persone rimodellano le tese piatte usando il <strong data-start=\"1206\" data-end=\"1227\">&quot;metodo burrito&quot;,<\/strong> Curvare delicatamente la tesa senza piegarla. Fare attenzione a non rompere o danneggiare il cappello durante l&#039;operazione.<\/p>\t\t\t\t\t\t\t\t<\/div>\n\t\t\t\t<\/div>\n\t\t\t\t<\/div>\n\t\t\t\t\t<\/details>\n\t\t\t\t\t\t<details id=\"e-n-accordion-item-2382\" class=\"e-n-accordion-item\" >\n\t\t\t\t<summary class=\"e-n-accordion-item-title\" data-accordion-index=\"3\" tabindex=\"-1\" aria-expanded=\"false\" aria-controls=\"e-n-accordion-item-2382\" >\n\t\t\t\t\t<span class='e-n-accordion-item-title-header'><div class=\"e-n-accordion-item-title-text\"> Quale modello di cappello da camionista offre la migliore protezione solare? <\/div><\/span>\n\t\t\t\t\t\t\t<span class='e-n-accordion-item-title-icon'>\n\t\t\t<span class='e-opened' ><svg aria-hidden=\"true\" class=\"e-font-icon-svg e-fas-minus\" viewbox=\"0 0 448 512\" xmlns=\"http:\/\/www.w3.org\/2000\/svg\"><path d=\"M416 208H32c-17.67 0-32 14.33-32 32v32c0 17.67 14.33 32 32 32h384c17.67 0 32-14.33 32-32v-32c0-17.67-14.33-32-32-32z\"><\/path><\/svg><\/span>\n\t\t\t<span class='e-closed'><svg aria-hidden=\"true\" class=\"e-font-icon-svg e-fas-plus\" viewbox=\"0 0 448 512\" xmlns=\"http:\/\/www.w3.org\/2000\/svg\"><path d=\"M416 208H272V64c0-17.67-14.33-32-32-32h-32c-17.67 0-32 14.33-32 32v144H32c-17.67 0-32 14.33-32 32v32c0 17.67 14.33 32 32 32h144v144c0 17.67 14.33 32 32 32h32c17.67 0 32-14.33 32-32V304h144c17.67 0 32-14.33 32-32v-32c0-17.67-14.33-32-32-32z\"><\/path><\/svg><\/span>\n\t\t<\/span>\n\n\t\t\t\t\t\t<\/summary>\n\t\t\t\t<div role=\"region\" aria-labelledby=\"e-n-accordion-item-2382\" class=\"elementor-element elementor-element-878781d e-con-full e-flex e-con e-child\" data-id=\"878781d\" data-element_type=\"container\">\n\t\t\t\t<div class=\"elementor-element elementor-element-b6bd246 elementor-widget elementor-widget-text-editor\" data-id=\"b6bd246\" data-element_type=\"widget\" data-widget_type=\"text-editor.default\">\n\t\t\t\t<div class=\"elementor-widget-container\">\n\t\t\t\t\t\t\t\t\t<p><strong data-start=\"1401\" data-end=\"1421\">Cappelli a tesa curva<\/strong> fornire meglio <strong data-start=\"1437\" data-end=\"1453\">copertura solare<\/strong> Proteggendo naturalmente occhi e viso. Le visiere piatte offrono un look pi\u00f9 audace, ma possono consentire alla luce solare e ai riflessi di raggiungere gli occhi.<\/p>\t\t\t\t\t\t\t\t<\/div>\n\t\t\t\t<\/div>\n\t\t\t\t<\/div>\n\t\t\t\t\t<\/details>\n\t\t\t\t\t\t<details id=\"e-n-accordion-item-2383\" class=\"e-n-accordion-item\" >\n\t\t\t\t<summary class=\"e-n-accordion-item-title\" data-accordion-index=\"4\" tabindex=\"-1\" aria-expanded=\"false\" aria-controls=\"e-n-accordion-item-2383\" >\n\t\t\t\t\t<span class='e-n-accordion-item-title-header'><div class=\"e-n-accordion-item-title-text\"> Quale tipo \u00e8 migliore per il branding o per i loghi? <\/div><\/span>\n\t\t\t\t\t\t\t<span class='e-n-accordion-item-title-icon'>\n\t\t\t<span class='e-opened' ><svg aria-hidden=\"true\" class=\"e-font-icon-svg e-fas-minus\" viewbox=\"0 0 448 512\" xmlns=\"http:\/\/www.w3.org\/2000\/svg\"><path d=\"M416 208H32c-17.67 0-32 14.33-32 32v32c0 17.67 14.33 32 32 32h384c17.67 0 32-14.33 32-32v-32c0-17.67-14.33-32-32-32z\"><\/path><\/svg><\/span>\n\t\t\t<span class='e-closed'><svg aria-hidden=\"true\" class=\"e-font-icon-svg e-fas-plus\" viewbox=\"0 0 448 512\" xmlns=\"http:\/\/www.w3.org\/2000\/svg\"><path d=\"M416 208H272V64c0-17.67-14.33-32-32-32h-32c-17.67 0-32 14.33-32 32v144H32c-17.67 0-32 14.33-32 32v32c0 17.67 14.33 32 32 32h144v144c0 17.67 14.33 32 32 32h32c17.67 0 32-14.33 32-32V304h144c17.67 0 32-14.33 32-32v-32c0-17.67-14.33-32-32-32z\"><\/path><\/svg><\/span>\n\t\t<\/span>\n\n\t\t\t\t\t\t<\/summary>\n\t\t\t\t<div role=\"region\" aria-labelledby=\"e-n-accordion-item-2383\" class=\"elementor-element elementor-element-94a2248 e-flex e-con-boxed e-con e-child\" data-id=\"94a2248\" data-element_type=\"container\">\n\t\t\t\t\t<div class=\"e-con-inner\">\n\t\t\t\t<div class=\"elementor-element elementor-element-6f35d45 elementor-widget elementor-widget-text-editor\" data-id=\"6f35d45\" data-element_type=\"widget\" data-widget_type=\"text-editor.default\">\n\t\t\t\t<div class=\"elementor-widget-container\">\n\t\t\t\t\t\t\t\t\t<p>Se stai cercando di aggiungere <strong data-start=\"1660\" data-end=\"1686\">grandi loghi o toppe<\/strong>, vai con un <strong data-start=\"1698\" data-end=\"1723\">cappello da camionista a tesa piatta<\/strong>La sua ampia superficie \u00e8 ideale per la personalizzazione. Le falda curva offrono meno spazio e sono pi\u00f9 adatte a modelli pi\u00f9 piccoli e discreti.<\/p>\t\t\t\t\t\t\t\t<\/div>\n\t\t\t\t<\/div>\n\t\t\t\t\t<\/div>\n\t\t\t\t<\/div>\n\t\t\t\t\t<\/details>\n\t\t\t\t\t\t<details id=\"e-n-accordion-item-2384\" class=\"e-n-accordion-item\" >\n\t\t\t\t<summary class=\"e-n-accordion-item-title\" data-accordion-index=\"5\" tabindex=\"-1\" aria-expanded=\"false\" aria-controls=\"e-n-accordion-item-2384\" >\n\t\t\t\t\t<span class='e-n-accordion-item-title-header'><div class=\"e-n-accordion-item-title-text\"> Uno stile \u00e8 pi\u00f9 versatile dell&#039;altro? <\/div><\/span>\n\t\t\t\t\t\t\t<span class='e-n-accordion-item-title-icon'>\n\t\t\t<span class='e-opened' ><svg aria-hidden=\"true\" class=\"e-font-icon-svg e-fas-minus\" viewbox=\"0 0 448 512\" xmlns=\"http:\/\/www.w3.org\/2000\/svg\"><path d=\"M416 208H32c-17.67 0-32 14.33-32 32v32c0 17.67 14.33 32 32 32h384c17.67 0 32-14.33 32-32v-32c0-17.67-14.33-32-32-32z\"><\/path><\/svg><\/span>\n\t\t\t<span class='e-closed'><svg aria-hidden=\"true\" class=\"e-font-icon-svg e-fas-plus\" viewbox=\"0 0 448 512\" xmlns=\"http:\/\/www.w3.org\/2000\/svg\"><path d=\"M416 208H272V64c0-17.67-14.33-32-32-32h-32c-17.67 0-32 14.33-32 32v144H32c-17.67 0-32 14.33-32 32v32c0 17.67 14.33 32 32 32h144v144c0 17.67 14.33 32 32 32h32c17.67 0 32-14.33 32-32V304h144c17.67 0 32-14.33 32-32v-32c0-17.67-14.33-32-32-32z\"><\/path><\/svg><\/span>\n\t\t<\/span>\n\n\t\t\t\t\t\t<\/summary>\n\t\t\t\t<div role=\"region\" aria-labelledby=\"e-n-accordion-item-2384\" class=\"elementor-element elementor-element-25f7f9d e-flex e-con-boxed e-con e-child\" data-id=\"25f7f9d\" data-element_type=\"container\">\n\t\t\t\t\t<div class=\"e-con-inner\">\n\t\t\t\t<div class=\"elementor-element elementor-element-5f8dee0 elementor-widget elementor-widget-text-editor\" data-id=\"5f8dee0\" data-element_type=\"widget\" data-widget_type=\"text-editor.default\">\n\t\t\t\t<div class=\"elementor-widget-container\">\n\t\t\t\t\t\t\t\t\t<p><strong data-start=\"1904\" data-end=\"1924\">Cappelli a tesa curva<\/strong> sono generalmente pi\u00f9 versatili e si abbinano facilmente ad outfit casual, sportivi e persino semi-formali. <strong data-start=\"2022\" data-end=\"2040\">Cappelli a tesa piatta<\/strong> sono pi\u00f9 di nicchia e pi\u00f9 adatti alla moda urbana o ispirata alla strada.<\/p>\t\t\t\t\t\t\t\t<\/div>\n\t\t\t\t<\/div>\n\t\t\t\t\t<\/div>\n\t\t\t\t<\/div>\n\t\t\t\t\t<\/details>\n\t\t\t\t\t<\/div>\n\t\t\t\t\t\t<\/div>\n\t\t\t\t<\/div>\n\t\t\t\t\t<\/div>\n\t\t\t\t<\/div>\n\t\t\t\t<\/div>","protected":false},"excerpt":{"rendered":"<p>Scopri le principali differenze tra cappelli da camionista con visiera curva e cappelli da camionista con visiera piatta: stile, comfort, vestibilit\u00e0 e tendenze della moda spiegate.<\/p>","protected":false},"author":3,"featured_media":1169,"comment_status":"open","ping_status":"open","sticky":false,"template":"","format":"standard","meta":{"_monsterinsights_skip_tracking":false,"_monsterinsights_sitenote_active":false,"_monsterinsights_sitenote_note":"","_monsterinsights_sitenote_category":0,"footnotes":""},"categories":[14],"tags":[53,52,16],"class_list":["post-10163","post","type-post","status-publish","format-standard","has-post-thumbnail","hentry","category-blog","tag-curved-brim-trucker-hats","tag-flat-brim-trucker-hats","tag-trucker-hats"],"_links":{"self":[{"href":"https:\/\/jointophat.com\/it\/wp-json\/wp\/v2\/posts\/10163","targetHints":{"allow":["GET"]}}],"collection":[{"href":"https:\/\/jointophat.com\/it\/wp-json\/wp\/v2\/posts"}],"about":[{"href":"https:\/\/jointophat.com\/it\/wp-json\/wp\/v2\/types\/post"}],"author":[{"embeddable":true,"href":"https:\/\/jointophat.com\/it\/wp-json\/wp\/v2\/users\/3"}],"replies":[{"embeddable":true,"href":"https:\/\/jointophat.com\/it\/wp-json\/wp\/v2\/comments?post=10163"}],"version-history":[{"count":13,"href":"https:\/\/jointophat.com\/it\/wp-json\/wp\/v2\/posts\/10163\/revisions"}],"predecessor-version":[{"id":10176,"href":"https:\/\/jointophat.com\/it\/wp-json\/wp\/v2\/posts\/10163\/revisions\/10176"}],"wp:featuredmedia":[{"embeddable":true,"href":"https:\/\/jointophat.com\/it\/wp-json\/wp\/v2\/media\/1169"}],"wp:attachment":[{"href":"https:\/\/jointophat.com\/it\/wp-json\/wp\/v2\/media?parent=10163"}],"wp:term":[{"taxonomy":"category","embeddable":true,"href":"https:\/\/jointophat.com\/it\/wp-json\/wp\/v2\/categories?post=10163"},{"taxonomy":"post_tag","embeddable":true,"href":"https:\/\/jointophat.com\/it\/wp-json\/wp\/v2\/tags?post=10163"}],"curies":[{"name":"scrivere","href":"https:\/\/api.w.org\/{rel}","templated":true}]}}