{"id":10314,"date":"2025-06-20T01:58:38","date_gmt":"2025-06-20T01:58:38","guid":{"rendered":"https:\/\/jointophat.com\/?p=10314"},"modified":"2025-06-20T01:58:42","modified_gmt":"2025-06-20T01:58:42","slug":"cappelli-melin-personalizzati-per-i-marchi","status":"publish","type":"post","link":"https:\/\/jointophat.com\/it\/blog\/cappelli-melin-personalizzati-per-i-marchi\/","title":{"rendered":"Cappelli Melin personalizzati per i marchi che vogliono di pi\u00f9"},"content":{"rendered":"<div data-elementor-type=\"wp-post\" data-elementor-id=\"10314\" class=\"elementor elementor-10314\" data-elementor-post-type=\"post\">\n\t\t\t\t<div class=\"elementor-element elementor-element-90b6d1e e-flex e-con-boxed e-con e-parent\" data-id=\"90b6d1e\" data-element_type=\"container\">\n\t\t\t\t\t<div class=\"e-con-inner\">\n\t\t\t\t<div class=\"elementor-element elementor-element-3d43536 elementor-widget elementor-widget-text-editor\" data-id=\"3d43536\" data-element_type=\"widget\" data-widget_type=\"text-editor.default\">\n\t\t\t\t<div class=\"elementor-widget-container\">\n\t\t\t\t\t\t\t\t\t<p data-start=\"135\" data-end=\"388\">Non tutti i cappelli firmati sono uguali. Se vi \u00e8 mai capitato di distribuire cappellini promozionali fragili che finiscono dimenticati in un cassetto, sapete quanto sia difficile. \u00c8 l\u00ec che si trova. <strong data-start=\"290\" data-end=\"311\">cappelli Melin personalizzati<\/strong> entra in gioco, unendo stile, durevolezza e un impatto di branding di livello superiore.<\/p><p data-start=\"390\" data-end=\"680\" data-is-last-node=\"\" data-is-only-node=\"\">Che tu stia creando una linea di merchandising premium o equipaggiando il tuo team con equipaggiamento che indosser\u00e0 davvero, i cappelli in stile Melin offrono quel look elegante e performante che valorizza il tuo brand. In questa guida, ti mostreremo come progettare, personalizzare e ordinare cappelli che abbiano l&#039;aspetto e la sensazione di essere pronti per la vendita al dettaglio.<\/p><article class=\"text-token-text-primary w-full\" dir=\"auto\" data-testid=\"conversation-turn-14\" data-scroll-anchor=\"true\"><div class=\"text-base my-auto mx-auto py-5 [--thread-content-margin:--spacing(4)] @[37rem]:[--thread-content-margin:--spacing(6)] @[72rem]:[--thread-content-margin:--spacing(16)] px-(--thread-content-margin)\"><div class=\"[--thread-content-max-width:32rem] @[34rem]:[--thread-content-max-width:40rem] @[64rem]:[--thread-content-max-width:48rem] mx-auto flex max-w-(--thread-content-max-width) flex-1 text-base gap-4 md:gap-5 lg:gap-6 group\/turn-messages focus-visible:outline-hidden\"><div class=\"group\/conversation-turn relative flex w-full min-w-0 flex-col agent-turn\"><div class=\"relative flex-col gap-1 md:gap-3\"><div class=\"flex max-w-full flex-col grow\"><div class=\"min-h-8 text-message relative flex w-full flex-col items-end gap-2 text-start break-words whitespace-normal [.text-message+&amp;]:mt-5\" dir=\"auto\" data-message-author-role=\"assistant\" data-message-id=\"86626014-69ed-4927-a5a0-236ea71ca3e8\" data-message-model-slug=\"gpt-4o\"><div class=\"flex w-full flex-col gap-1 empty:hidden first:pt-[3px]\"><div class=\"markdown prose dark:prose-invert w-full break-words light\"><h2 data-start=\"124\" data-end=\"180\">Perch\u00e9 i cappelli Melin personalizzati cambiano le carte in tavola per il branding<\/h2><p><img fetchpriority=\"high\" decoding=\"async\" class=\"aligncenter wp-image-10321\" title=\"Il cappello melin con un disegno mimetico \u00e8 indossato da un uomo in un ambiente esterno\" src=\"https:\/\/jointophat.com\/wp-content\/uploads\/2025\/06\/The-melin-hat-with-a-camouflage-design-is-worn-by-a-man-in-an-outdoor-setting.webp\" alt=\"Il cappello melin con un disegno mimetico \u00e8 indossato da un uomo in un ambiente esterno\" width=\"500\" height=\"272\" srcset=\"https:\/\/jointophat.com\/wp-content\/uploads\/2025\/06\/The-melin-hat-with-a-camouflage-design-is-worn-by-a-man-in-an-outdoor-setting.webp 1380w, https:\/\/jointophat.com\/wp-content\/uploads\/2025\/06\/The-melin-hat-with-a-camouflage-design-is-worn-by-a-man-in-an-outdoor-setting-300x163.webp 300w, https:\/\/jointophat.com\/wp-content\/uploads\/2025\/06\/The-melin-hat-with-a-camouflage-design-is-worn-by-a-man-in-an-outdoor-setting-1024x557.webp 1024w, https:\/\/jointophat.com\/wp-content\/uploads\/2025\/06\/The-melin-hat-with-a-camouflage-design-is-worn-by-a-man-in-an-outdoor-setting-768x417.webp 768w, https:\/\/jointophat.com\/wp-content\/uploads\/2025\/06\/The-melin-hat-with-a-camouflage-design-is-worn-by-a-man-in-an-outdoor-setting-18x10.webp 18w\" sizes=\"(max-width: 500px) 100vw, 500px\" \/><\/p><p data-start=\"182\" data-end=\"512\">Siamo onesti:<strong data-start=\"198\" data-end=\"247\">la maggior parte dei cappellini personalizzati non gridano esattamente qualit\u00e0<\/strong>. Sono spesso morbidi, flosci e dimenticabili. Ma quando ne dai uno a qualcuno <strong data-start=\"322\" data-end=\"348\">cappello personalizzato in stile Melin<\/strong>, la sensazione \u00e8 subito diversa.<\/p><p data-start=\"514\" data-end=\"843\">Questo \u00e8 il potere di <strong data-start=\"534\" data-end=\"565\">copricapi ad alte prestazioni<\/strong>Questi cappelli uniscono funzionalit\u00e0 e stile, aiutando il tuo marchio a distinguersi nelle foto, agli eventi o nell&#039;uso quotidiano.\u00a0<\/p><h3 data-start=\"845\" data-end=\"873\">Cosa lo rende diverso?<\/h3><ul data-start=\"874\" data-end=\"1036\"><li data-start=\"874\" data-end=\"925\"><p data-start=\"876\" data-end=\"925\">Design puliti e strutturati che mantengono la loro forma<\/p><\/li><li data-start=\"926\" data-end=\"975\"><p data-start=\"928\" data-end=\"975\">Materiali resistenti al sudore e idrorepellenti<\/p><\/li><li data-start=\"976\" data-end=\"1036\"><p data-start=\"978\" data-end=\"1036\">Abbastanza versatile per entrambi <strong data-start=\"1004\" data-end=\"1034\">uso attivo e abbigliamento casual<\/strong><\/p><\/li><\/ul><p data-start=\"1038\" data-end=\"1145\" data-is-last-node=\"\" data-is-only-node=\"\">Quando ogni dettaglio del tuo merchandising \u00e8 importante, <strong data-start=\"1087\" data-end=\"1108\">cappelli Melin personalizzati<\/strong> generare impatto, non solo impressioni.<\/p><h2 data-start=\"179\" data-end=\"227\">Caratteristiche che contraddistinguono i cappelli in stile Melin<\/h2><p><img decoding=\"async\" class=\"aligncenter wp-image-10320\" title=\"Una donna in spiaggia indossa un elegante cappello di paglia blu navy\" src=\"https:\/\/jointophat.com\/wp-content\/uploads\/2025\/06\/A-woman-at-the-beach-sports-a-stylish-melin-hat-in-navy-blue.webp\" alt=\"Una donna in spiaggia indossa un elegante cappello di paglia blu navy\" width=\"500\" height=\"272\" srcset=\"https:\/\/jointophat.com\/wp-content\/uploads\/2025\/06\/A-woman-at-the-beach-sports-a-stylish-melin-hat-in-navy-blue.webp 1380w, https:\/\/jointophat.com\/wp-content\/uploads\/2025\/06\/A-woman-at-the-beach-sports-a-stylish-melin-hat-in-navy-blue-300x163.webp 300w, https:\/\/jointophat.com\/wp-content\/uploads\/2025\/06\/A-woman-at-the-beach-sports-a-stylish-melin-hat-in-navy-blue-1024x557.webp 1024w, https:\/\/jointophat.com\/wp-content\/uploads\/2025\/06\/A-woman-at-the-beach-sports-a-stylish-melin-hat-in-navy-blue-768x417.webp 768w, https:\/\/jointophat.com\/wp-content\/uploads\/2025\/06\/A-woman-at-the-beach-sports-a-stylish-melin-hat-in-navy-blue-18x10.webp 18w\" sizes=\"(max-width: 500px) 100vw, 500px\" \/><\/p><p data-start=\"229\" data-end=\"472\">Cosa rende <strong data-start=\"240\" data-end=\"261\">cappelli Melin personalizzati<\/strong> Ci\u00f2 che rende cos\u00ec attraenti non \u00e8 solo il loro aspetto, ma anche la performance che si percepisce nel momento in cui ne si indossa uno. Questi cappelli sono realizzati con cura, unendo comfort, resistenza e stile in un modo che la maggior parte dei cappellini standard semplicemente non riesce a fare.<\/p><h3 data-start=\"474\" data-end=\"507\">Materiali ad alte prestazioni<\/h3><p data-start=\"509\" data-end=\"799\">Dimentica i cappelli di cotone economici che appassiscono dopo un lavaggio. I cappelli in stile Melin sono realizzati con <strong data-start=\"595\" data-end=\"624\">esterni resistenti all&#039;acqua<\/strong> che mantengono la testa asciutta e <strong data-start=\"653\" data-end=\"676\">fodere antisudore<\/strong> che rimangono freschi tutto il giorno. Che tu vada in palestra, al campo da golf o al mercato del fine settimana, sono fatti per resistere a tutto.<\/p><p data-start=\"801\" data-end=\"967\">Vuoi una texture? Hai diverse opzioni. Scegli tra <strong data-start=\"847\" data-end=\"904\">finiture opache, nylon liscio o tessuti morbidi color m\u00e9lange<\/strong>\u2014ognuno dei quali conferisce una sensazione distintiva e allo stesso tempo resiste all&#039;uso quotidiano.<\/p><h3 data-start=\"969\" data-end=\"1004\">Vestibilit\u00e0 strutturata per un look pulito<\/h3><p data-start=\"1006\" data-end=\"1245\">Una delle caratteristiche pi\u00f9 notevoli \u00e8 la <strong data-start=\"1042\" data-end=\"1062\">corona strutturata<\/strong>, che aiuta il cappello a mantenere la sua forma indipendentemente da quanto sia attiva la tua giornata. A differenza dei cappelli morbidi e non strutturati, questi mantengono un aspetto impeccabile e professionale, perfetto sia per il lavoro che per il tempo libero.<\/p><p data-start=\"1247\" data-end=\"1419\">La silhouette \u00e8 progettata appositamente per apparire impeccabile, sia in un abbigliamento casual che per rappresentare il tuo brand. \u00c8 un semplice upgrade che fa la differenza.<\/p><h3 data-start=\"1421\" data-end=\"1447\">Progettato per il comfort<\/h3><p data-start=\"1449\" data-end=\"1648\">Questi cappelli non sono solo belli da vedere, ma anche comodi da indossare. <strong data-start=\"1497\" data-end=\"1520\">Opzioni elasticizzate<\/strong> offrono una vestibilit\u00e0 aderente ma flessibile, simile al famoso stile MFLX Hydro, consentendo al contempo il passaggio dell&#039;aria in modo che l&#039;ambiente non diventi soffocante.<\/p><p data-start=\"1650\" data-end=\"1838\">Giornata fredda? Nessun problema. Molti modelli sono dotati di <strong data-start=\"1694\" data-end=\"1737\">micropile o fodere traspiranti<\/strong>, cos\u00ec la tua testa rimane calda d&#039;inverno e fresca d&#039;estate. \u00c8 un comfort che si adatta all&#039;ambiente.<\/p><h2 data-start=\"158\" data-end=\"200\">Completamente personalizzabile in base alla visione del tuo marchio<\/h2><p><img decoding=\"async\" class=\"aligncenter wp-image-10322\" title=\"Un uomo in un ambiente ombroso indossa un classico cappello nero melin\" src=\"https:\/\/jointophat.com\/wp-content\/uploads\/2025\/06\/A-man-in-a-shadowy-setting-dons-a-classic-black-melin-hat.webp\" alt=\"Un uomo in un ambiente ombroso indossa un classico cappello nero melin\" width=\"500\" height=\"281\" srcset=\"https:\/\/jointophat.com\/wp-content\/uploads\/2025\/06\/A-man-in-a-shadowy-setting-dons-a-classic-black-melin-hat.webp 1280w, https:\/\/jointophat.com\/wp-content\/uploads\/2025\/06\/A-man-in-a-shadowy-setting-dons-a-classic-black-melin-hat-300x169.webp 300w, https:\/\/jointophat.com\/wp-content\/uploads\/2025\/06\/A-man-in-a-shadowy-setting-dons-a-classic-black-melin-hat-1024x576.webp 1024w, https:\/\/jointophat.com\/wp-content\/uploads\/2025\/06\/A-man-in-a-shadowy-setting-dons-a-classic-black-melin-hat-768x432.webp 768w, https:\/\/jointophat.com\/wp-content\/uploads\/2025\/06\/A-man-in-a-shadowy-setting-dons-a-classic-black-melin-hat-18x10.webp 18w\" sizes=\"(max-width: 500px) 100vw, 500px\" \/><\/p><p data-start=\"202\" data-end=\"421\">Un grande cappello non porta solo il tuo logo, racconta la tua storia. Con <strong data-start=\"269\" data-end=\"290\">cappelli Melin personalizzati<\/strong>Ogni dettaglio \u00e8 un&#039;opportunit\u00e0 per far risaltare il tuo brand. Dai materiali allo stile del logo, hai il pieno controllo sul risultato finale.<\/p><h3 data-start=\"423\" data-end=\"449\">Opzioni logo e patch<\/h3><p data-start=\"451\" data-end=\"750\">Lascia che il tuo logo faccia pi\u00f9 che apparire: lascialo brillare. Scegli tra <strong data-start=\"517\" data-end=\"539\">Ricamo 3D a palloncino<\/strong> per un look audace e in rilievo, <strong data-start=\"565\" data-end=\"581\">etichette tessute<\/strong> per una finitura classica o tocchi moderni come <strong data-start=\"627\" data-end=\"646\">toppe di pelle<\/strong> O <strong data-start=\"650\" data-end=\"665\">etichette di gomma<\/strong>Ogni stile ha un tocco diverso, cos\u00ec puoi abbinare il tuo cappello allo stile del tuo brand.<\/p><p data-start=\"752\" data-end=\"871\">Hai bisogno di aiuto per decidere? Un buon team di design pu\u00f2 guidarti nella scelta della soluzione pi\u00f9 adatta alla tua grafica e al tuo pubblico di riferimento.<\/p><h3 data-start=\"873\" data-end=\"898\">Flessibilit\u00e0 di posizionamento<\/h3><p data-start=\"900\" data-end=\"1192\">Il posizionamento del tuo logo \u00e8 importante tanto quanto il suo aspetto. Puoi posizionare il tuo design <strong data-start=\"985\" data-end=\"1005\">davanti e al centro<\/strong>, aggiungi un <strong data-start=\"1013\" data-end=\"1026\">logo laterale<\/strong>, o anche stampare il tuo messaggio su <strong data-start=\"1062\" data-end=\"1076\">sotto la tesa<\/strong> per un momento di branding inaspettato. Non dimenticare il <strong data-start=\"1129\" data-end=\"1143\">nastro interno<\/strong>\u2014un dettaglio discreto, perfetto per slogan o motti.<\/p><p data-start=\"1194\" data-end=\"1304\">Queste opzioni di posizionamento non sono solo estetiche: creano momenti di sorpresa che valorizzano la presenza del tuo marchio.<\/p><h3 data-start=\"1306\" data-end=\"1329\">Forme e chiusure<\/h3><p data-start=\"1331\" data-end=\"1515\">La vestibilit\u00e0 \u00e8 personale e i cappelli dovrebbero adattarsi al pubblico. Scegli un classico. <a href=\"https:\/\/jointophat.com\/it\/blog\/snapback-vs-cappellini-aderenti-qual-e-il-migliore\/\" target=\"_blank\" rel=\"noopener\"><strong data-start=\"1408\" data-end=\"1420\">berretto a scatto<\/strong><\/a>, elegante <strong data-start=\"1428\" data-end=\"1440\">vestibilit\u00e0 flessibile<\/strong>, o senza tempo <strong data-start=\"1454\" data-end=\"1472\">chiusura a fibbia<\/strong>Ognuna offre una vestibilit\u00e0 e una sensazione diverse.<\/p><p data-start=\"1517\" data-end=\"1780\">E la forma? Scegli tu:<strong data-start=\"1546\" data-end=\"1559\">tesa piatta<\/strong> per un tocco moderno, <strong data-start=\"1577\" data-end=\"1593\">visiera curva<\/strong> per uno stile sportivo, o un <strong data-start=\"1617\" data-end=\"1633\">corona ibrida<\/strong> che crea il perfetto equilibrio. Queste scelte ti aiutano a garantire che il tuo cappello personalizzato non solo rappresenti il tuo brand, ma si adatti anche perfettamente ai tuoi clienti.<\/p><h2 data-start=\"170\" data-end=\"207\">Come funziona il processo di ordine personalizzato<\/h2><p><img loading=\"lazy\" decoding=\"async\" class=\"aligncenter wp-image-10319\" title=\"I cappelli Melin presentano un design elegante\" src=\"https:\/\/jointophat.com\/wp-content\/uploads\/2025\/06\/The-melin-hats-showcase-a-sleek-design.webp\" alt=\"I cappelli Melin presentano un design elegante\" width=\"500\" height=\"281\" srcset=\"https:\/\/jointophat.com\/wp-content\/uploads\/2025\/06\/The-melin-hats-showcase-a-sleek-design.webp 1920w, https:\/\/jointophat.com\/wp-content\/uploads\/2025\/06\/The-melin-hats-showcase-a-sleek-design-300x169.webp 300w, https:\/\/jointophat.com\/wp-content\/uploads\/2025\/06\/The-melin-hats-showcase-a-sleek-design-1024x576.webp 1024w, https:\/\/jointophat.com\/wp-content\/uploads\/2025\/06\/The-melin-hats-showcase-a-sleek-design-768x432.webp 768w, https:\/\/jointophat.com\/wp-content\/uploads\/2025\/06\/The-melin-hats-showcase-a-sleek-design-1536x864.webp 1536w, https:\/\/jointophat.com\/wp-content\/uploads\/2025\/06\/The-melin-hats-showcase-a-sleek-design-18x10.webp 18w\" sizes=\"(max-width: 500px) 100vw, 500px\" \/><\/p><p data-start=\"209\" data-end=\"459\">Ordinazione <strong data-start=\"218\" data-end=\"239\">cappelli Melin personalizzati<\/strong> Non \u00e8 complicato: \u00e8 progettato per essere semplice, diretto e sorprendentemente divertente. Che tu stia ordinando per il lancio del tuo brand, un grande evento o semplicemente nuovi prodotti per il tuo team, il processo \u00e8 semplice da seguire.<\/p><h3 data-start=\"461\" data-end=\"507\">Passaggio 1: scegli stile, vestibilit\u00e0 e colore<\/h3><p data-start=\"509\" data-end=\"721\">Inizia scegliendo lo stile di base che si adatta al tuo stile. Puoi optare per un <strong data-start=\"579\" data-end=\"599\">corona strutturata<\/strong> per quell&#039;aspetto raffinato, qualcosa <strong data-start=\"634\" data-end=\"662\">non strutturato e rilassato<\/strong>, o anche un <strong data-start=\"674\" data-end=\"695\">cappello in stile termico<\/strong> costruito per i climi pi\u00f9 freddi.<\/p><p data-start=\"723\" data-end=\"909\">Da l\u00ec, scegli la tua taglia: le opzioni in genere includono <strong data-start=\"778\" data-end=\"804\">Piccola, Classica e XL<\/strong>\u2014per garantire a tutti una vestibilit\u00e0 comoda. Aggiungi i tuoi colori preferiti per dare vita alla personalit\u00e0 del tuo marchio.<\/p><h3 data-start=\"911\" data-end=\"940\">Fase 2 \u2013 Progetta il tuo logo<\/h3><p data-start=\"942\" data-end=\"1153\">Ora \u00e8 il momento di renderlo tuo. Puoi <strong data-start=\"989\" data-end=\"1029\">lavorare con un team di progettazione professionale<\/strong> per trasformare il tuo logo in una toppa personalizzata o in una grafica ricamata, oppure inviaci semplicemente il tuo disegno se lo hai gi\u00e0 pronto.<\/p><p data-start=\"1155\" data-end=\"1317\">Prima che la produzione inizi, riceverai un <strong data-start=\"1198\" data-end=\"1215\">prova digitale<\/strong> Mostra il tuo logo simulato sul modello di cappello che hai scelto. In questo modo, saprai esattamente cosa stai ottenendo.<\/p><h3 data-start=\"1319\" data-end=\"1348\">Fase 3 \u2013 Approvazione e spedizione<\/h3><p data-start=\"1350\" data-end=\"1518\">Una volta che sei soddisfatto del design, \u00e8 il momento di dare il via libera. Dopo l&#039;approvazione, i tuoi cappelli entrano in produzione e da l\u00ec puoi decidere come consegnarli.<\/p><p data-start=\"1520\" data-end=\"1685\">Li vuoi tutti in un unico posto? Scegli <strong data-start=\"1555\" data-end=\"1572\">consegna all&#039;ingrosso<\/strong>Vuoi che ogni cliente o membro del team abbia il suo? Scegli <strong data-start=\"1634\" data-end=\"1662\">drop shipping individuale<\/strong> per maggiore comodit\u00e0.<\/p><h2 data-start=\"181\" data-end=\"216\">Prezzi, MOQ e opzioni campione<\/h2><p><img loading=\"lazy\" decoding=\"async\" class=\"aligncenter wp-image-10298\" title=\"Uomo con cappello bianco Melin all&#039;aperto\" src=\"https:\/\/jointophat.com\/wp-content\/uploads\/2025\/06\/Man-in-white-Melin-hat-outdoor-setting.webp\" alt=\"Uomo con cappello bianco Melin all&#039;aperto\" width=\"500\" height=\"281\" srcset=\"https:\/\/jointophat.com\/wp-content\/uploads\/2025\/06\/Man-in-white-Melin-hat-outdoor-setting.webp 800w, https:\/\/jointophat.com\/wp-content\/uploads\/2025\/06\/Man-in-white-Melin-hat-outdoor-setting-300x169.webp 300w, https:\/\/jointophat.com\/wp-content\/uploads\/2025\/06\/Man-in-white-Melin-hat-outdoor-setting-768x432.webp 768w, https:\/\/jointophat.com\/wp-content\/uploads\/2025\/06\/Man-in-white-Melin-hat-outdoor-setting-18x10.webp 18w\" sizes=\"(max-width: 500px) 100vw, 500px\" \/><\/p><p data-start=\"218\" data-end=\"461\">Quando si tratta di personalizzazione <strong data-start=\"242\" data-end=\"262\">Cappelli in stile Melin<\/strong>Il prezzo \u00e8 spesso un problema, ma non deve esserlo per forza. Questi cappelli offrono la massima qualit\u00e0 a una frazione del costo dei modelli al dettaglio, permettendoti di creare un marchio con stile senza spendere una fortuna.<\/p><h3 data-start=\"463\" data-end=\"499\">Spiegazione della quantit\u00e0 minima d&#039;ordine<\/h3><p data-start=\"501\" data-end=\"801\">Molti produttori di cappelli personalizzati stabiliscono un <strong data-start=\"537\" data-end=\"569\">quantit\u00e0 minima d&#039;ordine (MOQ)<\/strong>e Melin non fa eccezione. La buona notizia? Manteniamo il nostro minimo d&#039;ordine ragionevole, anche per piccole imprese o startup. Che tu stia appena iniziando o che tu abbia bisogno di un ordine pi\u00f9 consistente per un evento, offriamo opzioni flessibili adatte alle tue esigenze.<\/p><h3 data-start=\"803\" data-end=\"860\">Opzioni campione per testare la qualit\u00e0 prima di tirature pi\u00f9 grandi<\/h3><p data-start=\"862\" data-end=\"1134\">Non sei sicuro che il tuo progetto verr\u00e0 come lo avevi immaginato? Nessun problema. Puoi richiedere un <strong data-start=\"952\" data-end=\"962\">campione<\/strong> Prima di effettuare un ordine pi\u00f9 grande, puoi verificare la qualit\u00e0, la sensazione al tatto e la vestibilit\u00e0 del tuo cappello personalizzato per assicurarti che soddisfi le tue aspettative, prima di effettuare l&#039;ordine completo.<\/p><h3 data-start=\"1136\" data-end=\"1213\">Come i cappelli in stile Melin offrono risultati di alta qualit\u00e0 senza il prezzo al dettaglio<\/h3><p data-start=\"1215\" data-end=\"1552\">Una delle cose migliori di <strong data-start=\"1244\" data-end=\"1264\">Cappelli in stile Melin<\/strong> \u00e8 che consegnano <strong data-start=\"1286\" data-end=\"1305\">risultati premium<\/strong> Senza l&#039;elevato prezzo di vendita al dettaglio. Lavorando direttamente con il produttore, si evitano i sovrapprezzi tipici dei prodotti di marca venduti nei negozi. Si ottengono gli stessi materiali di alta qualit\u00e0, prestazioni e design, ma a un prezzo molto pi\u00f9 conveniente.<\/p><h2 data-start=\"177\" data-end=\"220\">Risultati concreti: perch\u00e9 i marchi li amano<\/h2><p><img loading=\"lazy\" decoding=\"async\" class=\"aligncenter wp-image-10299\" title=\"Uomo che indossa un cappello Melin\" src=\"https:\/\/jointophat.com\/wp-content\/uploads\/2025\/06\/Melin-hat-wearing-man.webp\" alt=\"Uomo che indossa un cappello Melin\" width=\"500\" height=\"350\" srcset=\"https:\/\/jointophat.com\/wp-content\/uploads\/2025\/06\/Melin-hat-wearing-man.webp 2000w, https:\/\/jointophat.com\/wp-content\/uploads\/2025\/06\/Melin-hat-wearing-man-300x210.webp 300w, https:\/\/jointophat.com\/wp-content\/uploads\/2025\/06\/Melin-hat-wearing-man-1024x717.webp 1024w, https:\/\/jointophat.com\/wp-content\/uploads\/2025\/06\/Melin-hat-wearing-man-768x538.webp 768w, https:\/\/jointophat.com\/wp-content\/uploads\/2025\/06\/Melin-hat-wearing-man-1536x1075.webp 1536w, https:\/\/jointophat.com\/wp-content\/uploads\/2025\/06\/Melin-hat-wearing-man-18x12.webp 18w\" sizes=\"(max-width: 500px) 100vw, 500px\" \/><\/p><p data-start=\"222\" data-end=\"403\">L&#039;impatto di <strong data-start=\"236\" data-end=\"257\">cappelli Melin personalizzati<\/strong> va oltre un semplice omaggio esteticamente gradevole. Questi cappelli hanno il potere di far fermare le persone, farle notare e farle indossare il tuo merchandising, ancora e ancora.<\/p><p data-start=\"405\" data-end=\"675\">Durante le attivazioni del brand, le fiere o le campagne di influencer, creano un&#039;immagine professionale e raffinata. Online, si inseriscono in foto e video, aiutando il tuo logo a essere visto e ricordato. Un bel cappello diventa pi\u00f9 di un omaggio: diventa parte integrante dell&#039;identit\u00e0 del tuo brand.<\/p><h3 data-start=\"677\" data-end=\"702\">Costruito per la versatilit\u00e0<\/h3><p data-start=\"704\" data-end=\"1006\">Che il tuo pubblico sia interessato a fare escursioni, allenarsi o semplicemente rappresentare il tuo marchio al bar, <strong data-start=\"802\" data-end=\"822\">Cappelli in stile Melin<\/strong> sono abbastanza versatili da adattarsi perfettamente. La miscela di <strong data-start=\"874\" data-end=\"898\">funzione di prestazione<\/strong> E <strong data-start=\"903\" data-end=\"922\">design elevato<\/strong> significa che funzionano in tutti i tipi di ambienti: all&#039;aperto, in ufficio o davanti alle telecamere.<\/p><p data-start=\"1008\" data-end=\"1169\">E questa \u00e8 la parte migliore: le persone spesso dicono che <strong data-start=\"1055\" data-end=\"1098\">sembrano i condensatori $100 ma costano una frazione<\/strong>Questo \u00e8 il tipo di reazione che vuoi suscitare quando qualcuno si affida al tuo marchio.<\/p><h2 data-start=\"138\" data-end=\"191\">Vuoi un look esclusivo senza spendere troppo?<\/h2><p><img loading=\"lazy\" decoding=\"async\" class=\"aligncenter wp-image-5351\" title=\"Berretto grigio rosa con logo JoinTop su un palo della recinzione del deserto\" src=\"https:\/\/jointophat.com\/wp-content\/uploads\/2024\/12\/Gray-pink-cap-with-JoinTop-logo-on-a-desert-fence-post.webp\" alt=\"Berretto grigio rosa con logo JoinTop su un palo della recinzione del deserto\" width=\"500\" height=\"377\" srcset=\"https:\/\/jointophat.com\/wp-content\/uploads\/2024\/12\/Gray-pink-cap-with-JoinTop-logo-on-a-desert-fence-post.webp 1232w, https:\/\/jointophat.com\/wp-content\/uploads\/2024\/12\/Gray-pink-cap-with-JoinTop-logo-on-a-desert-fence-post-300x226.webp 300w, https:\/\/jointophat.com\/wp-content\/uploads\/2024\/12\/Gray-pink-cap-with-JoinTop-logo-on-a-desert-fence-post-1024x771.webp 1024w, https:\/\/jointophat.com\/wp-content\/uploads\/2024\/12\/Gray-pink-cap-with-JoinTop-logo-on-a-desert-fence-post-768x578.webp 768w, https:\/\/jointophat.com\/wp-content\/uploads\/2024\/12\/Gray-pink-cap-with-JoinTop-logo-on-a-desert-fence-post-16x12.webp 16w\" sizes=\"(max-width: 500px) 100vw, 500px\" \/><\/p><p data-start=\"193\" data-end=\"352\">Noi capiamo\u2014<strong data-start=\"207\" data-end=\"256\">I cappelli Melin possono costare da $79 a $100<\/strong> sullo scaffale del negozio. Questo si accumula rapidamente quando si ordina per una squadra, un evento o un marchio al dettaglio.<\/p><p data-start=\"354\" data-end=\"683\" data-is-last-node=\"\" data-is-only-node=\"\">A <strong data-start=\"357\" data-end=\"368\">Unisciti a Top<\/strong>, offriamo la stessa sensazione di alte prestazioni e lo stesso design elegante dei cappelli in stile Melin, ma senza il prezzo gonfiato. Lavori direttamente con il produttore, quindi ottieni <strong data-start=\"543\" data-end=\"569\">prezzi diretti dalla fabbrica<\/strong> con <strong data-start=\"575\" data-end=\"599\">qualit\u00e0 a livello di vendita al dettaglio<\/strong>Nessun intermediario, nessun ricarico sul logo, solo <a href=\"https:\/\/jointophat.com\/it\/personalizzazione\/\" target=\"_blank\" rel=\"noopener\"><strong>cappelli personalizzati<\/strong><\/a> che valorizzano al meglio il tuo marchio.<\/p><h2 data-start=\"126\" data-end=\"139\">Conclusione<\/h2><p><img loading=\"lazy\" decoding=\"async\" class=\"aligncenter wp-image-5353\" title=\"Berretto bianco JoinTop con visiera nera su tamburo con bacchette\" src=\"https:\/\/jointophat.com\/wp-content\/uploads\/2024\/12\/White-JoinTop-cap-with-black-brim-on-a-drum-with-drumsticks.webp\" alt=\"Berretto bianco JoinTop con visiera nera su tamburo con bacchette\" width=\"500\" height=\"380\" srcset=\"https:\/\/jointophat.com\/wp-content\/uploads\/2024\/12\/White-JoinTop-cap-with-black-brim-on-a-drum-with-drumsticks.webp 960w, https:\/\/jointophat.com\/wp-content\/uploads\/2024\/12\/White-JoinTop-cap-with-black-brim-on-a-drum-with-drumsticks-300x228.webp 300w, https:\/\/jointophat.com\/wp-content\/uploads\/2024\/12\/White-JoinTop-cap-with-black-brim-on-a-drum-with-drumsticks-768x584.webp 768w, https:\/\/jointophat.com\/wp-content\/uploads\/2024\/12\/White-JoinTop-cap-with-black-brim-on-a-drum-with-drumsticks-16x12.webp 16w\" sizes=\"(max-width: 500px) 100vw, 500px\" \/><\/p><p data-start=\"141\" data-end=\"430\">I cappelli personalizzati in stile Melin si combinano <strong data-start=\"173\" data-end=\"232\">materiali di alta qualit\u00e0, design pulito e personalizzazione completa<\/strong> Per aiutare il tuo brand a distinguersi, per strada, agli eventi o davanti a una telecamera. Dalla vestibilit\u00e0 alla finitura, offrono un&#039;esperienza di alto livello che i cappelli promozionali tradizionali non possono eguagliare.<\/p><p data-start=\"432\" data-end=\"660\" data-is-last-node=\"\" data-is-only-node=\"\">Pronti a creare cappelli che i vostri clienti ameranno indossare? <a href=\"https:\/\/jointophat.com\/it\/\" target=\"_blank\" rel=\"noopener\"><strong data-start=\"496\" data-end=\"515\">Contatta JoinTop<\/strong><\/a> Contattaci oggi stesso per scoprire le nostre opzioni di personalizzazione, richiedere un preventivo o un campione. Diamo vita al tuo brand, un cappello ad alte prestazioni alla volta.<\/p><\/div><\/div><\/div><\/div><\/div><\/div><\/div><\/div><\/article>\t\t\t\t\t\t\t\t<\/div>\n\t\t\t\t<\/div>\n\t\t\t\t\t<\/div>\n\t\t\t\t<\/div>\n\t\t<div class=\"elementor-element elementor-element-ff02170 e-flex e-con-boxed e-con e-parent\" data-id=\"ff02170\" data-element_type=\"container\">\n\t\t\t\t\t<div class=\"e-con-inner\">\n\t\t\t\t<div class=\"elementor-element elementor-element-67e8863 elementor-widget elementor-widget-heading\" data-id=\"67e8863\" data-element_type=\"widget\" data-widget_type=\"heading.default\">\n\t\t\t\t<div class=\"elementor-widget-container\">\n\t\t\t\t\t<h2 class=\"elementor-heading-title elementor-size-default\">Domande frequenti<\/h2>\t\t\t\t<\/div>\n\t\t\t\t<\/div>\n\t\t\t\t<div class=\"elementor-element elementor-element-c8aae12 elementor-widget elementor-widget-n-accordion\" data-id=\"c8aae12\" data-element_type=\"widget\" data-settings=\"{&quot;default_state&quot;:&quot;expanded&quot;,&quot;max_items_expended&quot;:&quot;one&quot;,&quot;n_accordion_animation_duration&quot;:{&quot;unit&quot;:&quot;ms&quot;,&quot;size&quot;:400,&quot;sizes&quot;:[]}}\" data-widget_type=\"nested-accordion.default\">\n\t\t\t\t<div class=\"elementor-widget-container\">\n\t\t\t\t\t\t\t<div class=\"e-n-accordion\" aria-label=\"Fisarmonica. Apri i link con Invio o Spazio, chiudi con Esc e naviga con i tasti freccia\">\n\t\t\t\t\t\t<details id=\"e-n-accordion-item-2100\" class=\"e-n-accordion-item\" open>\n\t\t\t\t<summary class=\"e-n-accordion-item-title\" data-accordion-index=\"1\" tabindex=\"0\" aria-expanded=\"true\" aria-controls=\"e-n-accordion-item-2100\" >\n\t\t\t\t\t<span class='e-n-accordion-item-title-header'><div class=\"e-n-accordion-item-title-text\"> Cosa sono i cappelli Melin personalizzati? <\/div><\/span>\n\t\t\t\t\t\t\t<span class='e-n-accordion-item-title-icon'>\n\t\t\t<span class='e-opened' ><svg aria-hidden=\"true\" class=\"e-font-icon-svg e-fas-minus\" viewbox=\"0 0 448 512\" xmlns=\"http:\/\/www.w3.org\/2000\/svg\"><path d=\"M416 208H32c-17.67 0-32 14.33-32 32v32c0 17.67 14.33 32 32 32h384c17.67 0 32-14.33 32-32v-32c0-17.67-14.33-32-32-32z\"><\/path><\/svg><\/span>\n\t\t\t<span class='e-closed'><svg aria-hidden=\"true\" class=\"e-font-icon-svg e-fas-plus\" viewbox=\"0 0 448 512\" xmlns=\"http:\/\/www.w3.org\/2000\/svg\"><path d=\"M416 208H272V64c0-17.67-14.33-32-32-32h-32c-17.67 0-32 14.33-32 32v144H32c-17.67 0-32 14.33-32 32v32c0 17.67 14.33 32 32 32h144v144c0 17.67 14.33 32 32 32h32c17.67 0 32-14.33 32-32V304h144c17.67 0 32-14.33 32-32v-32c0-17.67-14.33-32-32-32z\"><\/path><\/svg><\/span>\n\t\t<\/span>\n\n\t\t\t\t\t\t<\/summary>\n\t\t\t\t<div role=\"region\" aria-labelledby=\"e-n-accordion-item-2100\" class=\"elementor-element elementor-element-1fe851d e-con-full e-flex e-con e-child\" data-id=\"1fe851d\" data-element_type=\"container\">\n\t\t\t\t<div class=\"elementor-element elementor-element-2862e92 elementor-widget elementor-widget-text-editor\" data-id=\"2862e92\" data-element_type=\"widget\" data-widget_type=\"text-editor.default\">\n\t\t\t\t<div class=\"elementor-widget-container\">\n\t\t\t\t\t\t\t\t\t<p><strong data-start=\"225\" data-end=\"246\">Cappelli Melin personalizzati<\/strong> Sono cappellini di alta qualit\u00e0 progettati con caratteristiche performanti come resistenza all&#039;acqua, fodera antisudore e calotte strutturate. Possono essere completamente personalizzati con il tuo logo, i tuoi colori e la vestibilit\u00e0 preferita, ideali per i marchi che desiderano prodotti di alta qualit\u00e0.<\/p>\t\t\t\t\t\t\t\t<\/div>\n\t\t\t\t<\/div>\n\t\t\t\t<\/div>\n\t\t\t\t\t<\/details>\n\t\t\t\t\t\t<details id=\"e-n-accordion-item-2101\" class=\"e-n-accordion-item\" >\n\t\t\t\t<summary class=\"e-n-accordion-item-title\" data-accordion-index=\"2\" tabindex=\"-1\" aria-expanded=\"false\" aria-controls=\"e-n-accordion-item-2101\" >\n\t\t\t\t\t<span class='e-n-accordion-item-title-header'><div class=\"e-n-accordion-item-title-text\"> Posso aggiungere il mio logo a un cappello in stile Melin? <\/div><\/span>\n\t\t\t\t\t\t\t<span class='e-n-accordion-item-title-icon'>\n\t\t\t<span class='e-opened' ><svg aria-hidden=\"true\" class=\"e-font-icon-svg e-fas-minus\" viewbox=\"0 0 448 512\" xmlns=\"http:\/\/www.w3.org\/2000\/svg\"><path d=\"M416 208H32c-17.67 0-32 14.33-32 32v32c0 17.67 14.33 32 32 32h384c17.67 0 32-14.33 32-32v-32c0-17.67-14.33-32-32-32z\"><\/path><\/svg><\/span>\n\t\t\t<span class='e-closed'><svg aria-hidden=\"true\" class=\"e-font-icon-svg e-fas-plus\" viewbox=\"0 0 448 512\" xmlns=\"http:\/\/www.w3.org\/2000\/svg\"><path d=\"M416 208H272V64c0-17.67-14.33-32-32-32h-32c-17.67 0-32 14.33-32 32v144H32c-17.67 0-32 14.33-32 32v32c0 17.67 14.33 32 32 32h144v144c0 17.67 14.33 32 32 32h32c17.67 0 32-14.33 32-32V304h144c17.67 0 32-14.33 32-32v-32c0-17.67-14.33-32-32-32z\"><\/path><\/svg><\/span>\n\t\t<\/span>\n\n\t\t\t\t\t\t<\/summary>\n\t\t\t\t<div role=\"region\" aria-labelledby=\"e-n-accordion-item-2101\" class=\"elementor-element elementor-element-8fea44b e-con-full e-flex e-con e-child\" data-id=\"8fea44b\" data-element_type=\"container\">\n\t\t\t\t<div class=\"elementor-element elementor-element-e42663c elementor-widget elementor-widget-text-editor\" data-id=\"e42663c\" data-element_type=\"widget\" data-widget_type=\"text-editor.default\">\n\t\t\t\t<div class=\"elementor-widget-container\">\n\t\t\t\t\t\t\t\t\t<p>S\u00ec! Puoi personalizzare il tuo cappello con una variet\u00e0 di <strong data-start=\"594\" data-end=\"610\">opzioni del logo<\/strong> Include ricami 3D a rilievo, toppe in gomma, stemmi in pelle ed etichette tessute. Anche il posizionamento del logo pu\u00f2 essere regolato per la massima visibilit\u00e0.<\/p>\t\t\t\t\t\t\t\t<\/div>\n\t\t\t\t<\/div>\n\t\t\t\t<\/div>\n\t\t\t\t\t<\/details>\n\t\t\t\t\t\t<details id=\"e-n-accordion-item-2102\" class=\"e-n-accordion-item\" >\n\t\t\t\t<summary class=\"e-n-accordion-item-title\" data-accordion-index=\"3\" tabindex=\"-1\" aria-expanded=\"false\" aria-controls=\"e-n-accordion-item-2102\" >\n\t\t\t\t\t<span class='e-n-accordion-item-title-header'><div class=\"e-n-accordion-item-title-text\"> Qual \u00e8 la quantit\u00e0 minima ordinabile per i cappelli personalizzati? <\/div><\/span>\n\t\t\t\t\t\t\t<span class='e-n-accordion-item-title-icon'>\n\t\t\t<span class='e-opened' ><svg aria-hidden=\"true\" class=\"e-font-icon-svg e-fas-minus\" viewbox=\"0 0 448 512\" xmlns=\"http:\/\/www.w3.org\/2000\/svg\"><path d=\"M416 208H32c-17.67 0-32 14.33-32 32v32c0 17.67 14.33 32 32 32h384c17.67 0 32-14.33 32-32v-32c0-17.67-14.33-32-32-32z\"><\/path><\/svg><\/span>\n\t\t\t<span class='e-closed'><svg aria-hidden=\"true\" class=\"e-font-icon-svg e-fas-plus\" viewbox=\"0 0 448 512\" xmlns=\"http:\/\/www.w3.org\/2000\/svg\"><path d=\"M416 208H272V64c0-17.67-14.33-32-32-32h-32c-17.67 0-32 14.33-32 32v144H32c-17.67 0-32 14.33-32 32v32c0 17.67 14.33 32 32 32h144v144c0 17.67 14.33 32 32 32h32c17.67 0 32-14.33 32-32V304h144c17.67 0 32-14.33 32-32v-32c0-17.67-14.33-32-32-32z\"><\/path><\/svg><\/span>\n\t\t<\/span>\n\n\t\t\t\t\t\t<\/summary>\n\t\t\t\t<div role=\"region\" aria-labelledby=\"e-n-accordion-item-2102\" class=\"elementor-element elementor-element-f81ce4d e-con-full e-flex e-con e-child\" data-id=\"f81ce4d\" data-element_type=\"container\">\n\t\t\t\t<div class=\"elementor-element elementor-element-766303e elementor-widget elementor-widget-text-editor\" data-id=\"766303e\" data-element_type=\"widget\" data-widget_type=\"text-editor.default\">\n\t\t\t\t<div class=\"elementor-widget-container\">\n\t\t\t\t\t\t\t\t\t<p>In JoinTop, offriamo un <strong data-start=\"831\" data-end=\"849\">MOQ ragionevole<\/strong> Per gestire sia piccoli lotti che grandi ordini. Se sei alle prime armi, offriamo anche campioni per testare la qualit\u00e0 prima di impegnarti in una produzione pi\u00f9 grande.<\/p>\t\t\t\t\t\t\t\t<\/div>\n\t\t\t\t<\/div>\n\t\t\t\t<\/div>\n\t\t\t\t\t<\/details>\n\t\t\t\t\t\t<details id=\"e-n-accordion-item-2103\" class=\"e-n-accordion-item\" >\n\t\t\t\t<summary class=\"e-n-accordion-item-title\" data-accordion-index=\"4\" tabindex=\"-1\" aria-expanded=\"false\" aria-controls=\"e-n-accordion-item-2103\" >\n\t\t\t\t\t<span class='e-n-accordion-item-title-header'><div class=\"e-n-accordion-item-title-text\"> Questi cappelli sono davvero paragonabili ai veri cappelli Melin? <\/div><\/span>\n\t\t\t\t\t\t\t<span class='e-n-accordion-item-title-icon'>\n\t\t\t<span class='e-opened' ><svg aria-hidden=\"true\" class=\"e-font-icon-svg e-fas-minus\" viewbox=\"0 0 448 512\" xmlns=\"http:\/\/www.w3.org\/2000\/svg\"><path d=\"M416 208H32c-17.67 0-32 14.33-32 32v32c0 17.67 14.33 32 32 32h384c17.67 0 32-14.33 32-32v-32c0-17.67-14.33-32-32-32z\"><\/path><\/svg><\/span>\n\t\t\t<span class='e-closed'><svg aria-hidden=\"true\" class=\"e-font-icon-svg e-fas-plus\" viewbox=\"0 0 448 512\" xmlns=\"http:\/\/www.w3.org\/2000\/svg\"><path d=\"M416 208H272V64c0-17.67-14.33-32-32-32h-32c-17.67 0-32 14.33-32 32v144H32c-17.67 0-32 14.33-32 32v32c0 17.67 14.33 32 32 32h144v144c0 17.67 14.33 32 32 32h32c17.67 0 32-14.33 32-32V304h144c17.67 0 32-14.33 32-32v-32c0-17.67-14.33-32-32-32z\"><\/path><\/svg><\/span>\n\t\t<\/span>\n\n\t\t\t\t\t\t<\/summary>\n\t\t\t\t<div role=\"region\" aria-labelledby=\"e-n-accordion-item-2103\" class=\"elementor-element elementor-element-c36170f e-flex e-con-boxed e-con e-child\" data-id=\"c36170f\" data-element_type=\"container\">\n\t\t\t\t\t<div class=\"e-con-inner\">\n\t\t\t\t<div class=\"elementor-element elementor-element-7e3d270 elementor-widget elementor-widget-text-editor\" data-id=\"7e3d270\" data-element_type=\"widget\" data-widget_type=\"text-editor.default\">\n\t\t\t\t<div class=\"elementor-widget-container\">\n\t\t\t\t\t\t\t\t\t<p>Sebbene non vendiamo prodotti ufficiali Melin, il nostro <strong data-start=\"1117\" data-end=\"1144\">Cappelli personalizzati in stile Melin<\/strong> Utilizzano materiali e una struttura ad alte prestazioni simili. Offrono la stessa sensazione di lusso, senza dover pagare prezzi di lusso.<\/p>\t\t\t\t\t\t\t\t<\/div>\n\t\t\t\t<\/div>\n\t\t\t\t\t<\/div>\n\t\t\t\t<\/div>\n\t\t\t\t\t<\/details>\n\t\t\t\t\t\t<details id=\"e-n-accordion-item-2104\" class=\"e-n-accordion-item\" >\n\t\t\t\t<summary class=\"e-n-accordion-item-title\" data-accordion-index=\"5\" tabindex=\"-1\" aria-expanded=\"false\" aria-controls=\"e-n-accordion-item-2104\" >\n\t\t\t\t\t<span class='e-n-accordion-item-title-header'><div class=\"e-n-accordion-item-title-text\"> Quali stili e vestibilit\u00e0 sono disponibili? <\/div><\/span>\n\t\t\t\t\t\t\t<span class='e-n-accordion-item-title-icon'>\n\t\t\t<span class='e-opened' ><svg aria-hidden=\"true\" class=\"e-font-icon-svg e-fas-minus\" viewbox=\"0 0 448 512\" xmlns=\"http:\/\/www.w3.org\/2000\/svg\"><path d=\"M416 208H32c-17.67 0-32 14.33-32 32v32c0 17.67 14.33 32 32 32h384c17.67 0 32-14.33 32-32v-32c0-17.67-14.33-32-32-32z\"><\/path><\/svg><\/span>\n\t\t\t<span class='e-closed'><svg aria-hidden=\"true\" class=\"e-font-icon-svg e-fas-plus\" viewbox=\"0 0 448 512\" xmlns=\"http:\/\/www.w3.org\/2000\/svg\"><path d=\"M416 208H272V64c0-17.67-14.33-32-32-32h-32c-17.67 0-32 14.33-32 32v144H32c-17.67 0-32 14.33-32 32v32c0 17.67 14.33 32 32 32h144v144c0 17.67 14.33 32 32 32h32c17.67 0 32-14.33 32-32V304h144c17.67 0 32-14.33 32-32v-32c0-17.67-14.33-32-32-32z\"><\/path><\/svg><\/span>\n\t\t<\/span>\n\n\t\t\t\t\t\t<\/summary>\n\t\t\t\t<div role=\"region\" aria-labelledby=\"e-n-accordion-item-2104\" class=\"elementor-element elementor-element-5caaede e-flex e-con-boxed e-con e-child\" data-id=\"5caaede\" data-element_type=\"container\">\n\t\t\t\t\t<div class=\"e-con-inner\">\n\t\t\t\t<div class=\"elementor-element elementor-element-15ca307 elementor-widget elementor-widget-text-editor\" data-id=\"15ca307\" data-element_type=\"widget\" data-widget_type=\"text-editor.default\">\n\t\t\t\t<div class=\"elementor-widget-container\">\n\t\t\t\t\t\t\t\t\t<p>Offriamo una gamma di stili come <strong data-start=\"1343\" data-end=\"1389\">cappelli strutturati, non strutturati e termici<\/strong>. Adatto a includere <strong data-start=\"1404\" data-end=\"1447\">chiusure snapback, flex-fit e fibbia<\/strong>, con taglie disponibili come Small, Classic e XL per garantire a tutti una vestibilit\u00e0 comoda.<\/p>\t\t\t\t\t\t\t\t<\/div>\n\t\t\t\t<\/div>\n\t\t\t\t\t<\/div>\n\t\t\t\t<\/div>\n\t\t\t\t\t<\/details>\n\t\t\t\t\t<\/div>\n\t\t\t\t\t\t<\/div>\n\t\t\t\t<\/div>\n\t\t\t\t\t<\/div>\n\t\t\t\t<\/div>\n\t\t\t\t<\/div>","protected":false},"excerpt":{"rendered":"<p>Scopri i cappelli Melin personalizzati di alta qualit\u00e0 con il tuo logo. Impermeabili, aderenti e pensati per valorizzare il tuo brand, senza sovrapprezzi.<\/p>","protected":false},"author":3,"featured_media":10268,"comment_status":"open","ping_status":"open","sticky":false,"template":"","format":"standard","meta":{"_monsterinsights_skip_tracking":false,"_monsterinsights_sitenote_active":false,"_monsterinsights_sitenote_note":"","_monsterinsights_sitenote_category":0,"footnotes":""},"categories":[14],"tags":[58,59],"class_list":["post-10314","post","type-post","status-publish","format-standard","has-post-thumbnail","hentry","category-blog","tag-custom-melin-hats","tag-melin-hats"],"_links":{"self":[{"href":"https:\/\/jointophat.com\/it\/wp-json\/wp\/v2\/posts\/10314","targetHints":{"allow":["GET"]}}],"collection":[{"href":"https:\/\/jointophat.com\/it\/wp-json\/wp\/v2\/posts"}],"about":[{"href":"https:\/\/jointophat.com\/it\/wp-json\/wp\/v2\/types\/post"}],"author":[{"embeddable":true,"href":"https:\/\/jointophat.com\/it\/wp-json\/wp\/v2\/users\/3"}],"replies":[{"embeddable":true,"href":"https:\/\/jointophat.com\/it\/wp-json\/wp\/v2\/comments?post=10314"}],"version-history":[{"count":19,"href":"https:\/\/jointophat.com\/it\/wp-json\/wp\/v2\/posts\/10314\/revisions"}],"predecessor-version":[{"id":10337,"href":"https:\/\/jointophat.com\/it\/wp-json\/wp\/v2\/posts\/10314\/revisions\/10337"}],"wp:featuredmedia":[{"embeddable":true,"href":"https:\/\/jointophat.com\/it\/wp-json\/wp\/v2\/media\/10268"}],"wp:attachment":[{"href":"https:\/\/jointophat.com\/it\/wp-json\/wp\/v2\/media?parent=10314"}],"wp:term":[{"taxonomy":"category","embeddable":true,"href":"https:\/\/jointophat.com\/it\/wp-json\/wp\/v2\/categories?post=10314"},{"taxonomy":"post_tag","embeddable":true,"href":"https:\/\/jointophat.com\/it\/wp-json\/wp\/v2\/tags?post=10314"}],"curies":[{"name":"scrivere","href":"https:\/\/api.w.org\/{rel}","templated":true}]}}