{"id":11026,"date":"2025-08-22T03:02:27","date_gmt":"2025-08-22T03:02:27","guid":{"rendered":"https:\/\/jointophat.com\/?p=11026"},"modified":"2025-08-25T02:23:59","modified_gmt":"2025-08-25T02:23:59","slug":"cappelli-ad-alte-prestazioni-con-protezione-solare-upf","status":"publish","type":"post","link":"https:\/\/jointophat.com\/it\/blog\/cappelli-ad-alte-prestazioni-con-protezione-solare-upf\/","title":{"rendered":"Cappelli ad alte prestazioni con fattore di protezione solare UPF"},"content":{"rendered":"<div data-elementor-type=\"wp-post\" data-elementor-id=\"11026\" class=\"elementor elementor-11026\" data-elementor-post-type=\"post\">\n\t\t\t\t<div class=\"elementor-element elementor-element-e776c6d e-flex e-con-boxed e-con e-parent\" data-id=\"e776c6d\" data-element_type=\"container\">\n\t\t\t\t\t<div class=\"e-con-inner\">\n\t\t\t\t<div class=\"elementor-element elementor-element-24f2045 elementor-widget elementor-widget-text-editor\" data-id=\"24f2045\" data-element_type=\"widget\" data-widget_type=\"text-editor.default\">\n\t\t\t\t<div class=\"elementor-widget-container\">\n\t\t\t\t\t\t\t\t\t<p>Trascorrere del tempo all&#039;aria aperta fa bene alla salute e al benessere, ma troppo sole pu\u00f2 danneggiare la pelle. La protezione solare \u00e8 utile, ma spesso non protegge le zone sensibili come il cuoio capelluto, le orecchie e il collo. \u00c8 qui che entra in gioco la protezione solare. <strong data-start=\"228\" data-end=\"277\"><a href=\"https:\/\/jointophat.com\/it\/produttore-di-tappi\/cappello-impermeabile\/\">Cappelli ad alte prestazioni con protezione UPF<\/a> per la protezione solare<\/strong> Si accomodi.<\/p><p><img fetchpriority=\"high\" decoding=\"async\" class=\"aligncenter wp-image-11099\" title=\"Cappello nero con protezione UPF, tesa larga e laccetto\" src=\"https:\/\/jointophat.com\/wp-content\/uploads\/2025\/08\/Black-UPF-rated-hat-with-a-wide-brim-and-tie-e1755069940974.webp\" alt=\"Cappello nero con protezione UPF, tesa larga e laccetto\" width=\"500\" height=\"269\" srcset=\"https:\/\/jointophat.com\/wp-content\/uploads\/2025\/08\/Black-UPF-rated-hat-with-a-wide-brim-and-tie-e1755069940974.webp 672w, https:\/\/jointophat.com\/wp-content\/uploads\/2025\/08\/Black-UPF-rated-hat-with-a-wide-brim-and-tie-e1755069940974-300x162.webp 300w, https:\/\/jointophat.com\/wp-content\/uploads\/2025\/08\/Black-UPF-rated-hat-with-a-wide-brim-and-tie-e1755069940974-18x10.webp 18w\" sizes=\"(max-width: 500px) 100vw, 500px\" \/><\/p><p data-start=\"112\" data-end=\"492\">Questi cappelli sono realizzati con tessuti che bloccano i dannosi raggi UV, rendendoli pi\u00f9 affidabili dei normali copricapi. Offrono comfort, <a href=\"https:\/\/jointophat.com\/it\/produttore-di-tappi\/berretto-a-rete\/\">traspirabilit\u00e0<\/a>e stile, offrendo al contempo un&#039;elevata protezione solare. Che tu stia correndo, facendo escursioni, pescando o rilassandoti all&#039;aperto, un cappello con protezione UPF \u00e8 una scelta intelligente per la protezione solare quotidiana. Per maggiori informazioni su stili e vestibilit\u00e0, consulta il nostro <a href=\"https:\/\/jointophat.com\/it\/blog\/guida-ai-cappelli-da-prestazione\/\">Guida ai cappelli da prestazione<\/a>.<\/p><h2 data-start=\"0\" data-end=\"42\">Capire l&#039;UPF e la sua importanza<\/h2><p><img decoding=\"async\" class=\"aligncenter wp-image-11098\" title=\"Un cappello azzurro con protezione UPF e tesa pieghevole\" src=\"https:\/\/jointophat.com\/wp-content\/uploads\/2025\/08\/A-light-blue-UPF-rated-hat-with-a-folding-brim-e1755069976783.webp\" alt=\"Un cappello azzurro con protezione UPF e tesa pieghevole\" width=\"500\" height=\"375\" srcset=\"https:\/\/jointophat.com\/wp-content\/uploads\/2025\/08\/A-light-blue-UPF-rated-hat-with-a-folding-brim-e1755069976783.webp 1200w, https:\/\/jointophat.com\/wp-content\/uploads\/2025\/08\/A-light-blue-UPF-rated-hat-with-a-folding-brim-e1755069976783-300x225.webp 300w, https:\/\/jointophat.com\/wp-content\/uploads\/2025\/08\/A-light-blue-UPF-rated-hat-with-a-folding-brim-e1755069976783-1024x768.webp 1024w, https:\/\/jointophat.com\/wp-content\/uploads\/2025\/08\/A-light-blue-UPF-rated-hat-with-a-folding-brim-e1755069976783-768x576.webp 768w, https:\/\/jointophat.com\/wp-content\/uploads\/2025\/08\/A-light-blue-UPF-rated-hat-with-a-folding-brim-e1755069976783-16x12.webp 16w\" sizes=\"(max-width: 500px) 100vw, 500px\" \/><\/p><p data-start=\"44\" data-end=\"316\"><strong data-start=\"44\" data-end=\"51\">Protezione solare UPF<\/strong>, O <em data-start=\"56\" data-end=\"87\">Fattore di protezione ultravioletta<\/em>, misura quanto bene un tessuto blocca i raggi UV del sole. A differenza <strong data-start=\"149\" data-end=\"156\">fattore di protezione solare<\/strong>, che si applica alle creme solari e ai prodotti per la pelle, l&#039;UPF valuta la protezione integrata in indumenti e cappelli. Un UPF pi\u00f9 alto significa una migliore difesa dai raggi nocivi.<\/p><p data-start=\"318\" data-end=\"350\">Ecco come si suddividono le valutazioni:<\/p><ul data-start=\"351\" data-end=\"533\"><li data-start=\"351\" data-end=\"410\"><p data-start=\"353\" data-end=\"410\"><strong data-start=\"353\" data-end=\"366\">Protezione solare UPF 15\u201320<\/strong>: Protezione minima, blocca 93\u201395% di UV.<\/p><\/li><li data-start=\"411\" data-end=\"467\"><p data-start=\"413\" data-end=\"467\"><strong data-start=\"413\" data-end=\"426\">Protezione solare UPF 25\u201335<\/strong>: Buona protezione, blocca il 96\u201397% dei raggi UV.<\/p><\/li><li data-start=\"468\" data-end=\"533\"><p data-start=\"470\" data-end=\"533\"><strong data-start=\"470\" data-end=\"484\">Protezione solare UPF 40\u201350+<\/strong>: Protezione eccellente, blocca il 97,5\u201398%+ dei raggi UV.<\/p><\/li><\/ul><p data-start=\"535\" data-end=\"736\" data-is-last-node=\"\" data-is-only-node=\"\">I cappelli sono vitali perch\u00e9 proteggono i punti ad alto rischio: <strong data-start=\"590\" data-end=\"621\">viso, cuoio capelluto, orecchie e collo<\/strong>\u2014aree che la protezione solare spesso trascura o che svaniscono rapidamente. Questo la rende un&#039;ottima prima linea di difesa per le giornate di sole.<\/p><h2 data-start=\"0\" data-end=\"38\">Standard e certificazioni chiave<\/h2><p><img decoding=\"async\" class=\"aligncenter wp-image-11100\" title=\"Cappello nero ad alte prestazioni con protezione UPF e pannelli laterali perforati\" src=\"https:\/\/jointophat.com\/wp-content\/uploads\/2025\/08\/Black-UPF-rated-performance-hat-with-perforated-side-panels-e1755070019913.webp\" alt=\"Cappello nero ad alte prestazioni con protezione UPF e pannelli laterali perforati\" width=\"500\" height=\"375\" srcset=\"https:\/\/jointophat.com\/wp-content\/uploads\/2025\/08\/Black-UPF-rated-performance-hat-with-perforated-side-panels-e1755070019913.webp 1000w, https:\/\/jointophat.com\/wp-content\/uploads\/2025\/08\/Black-UPF-rated-performance-hat-with-perforated-side-panels-e1755070019913-300x225.webp 300w, https:\/\/jointophat.com\/wp-content\/uploads\/2025\/08\/Black-UPF-rated-performance-hat-with-perforated-side-panels-e1755070019913-768x576.webp 768w, https:\/\/jointophat.com\/wp-content\/uploads\/2025\/08\/Black-UPF-rated-performance-hat-with-perforated-side-panels-e1755070019913-16x12.webp 16w\" sizes=\"(max-width: 500px) 100vw, 500px\" \/><\/p><p data-start=\"40\" data-end=\"183\">Quando si acquista un cappello ad alte prestazioni con fattore di protezione solare (UPF), \u00e8 intelligente conoscere gli standard che contano davvero. <strong data-start=\"143\" data-end=\"169\">Fondazione per il cancro della pelle<\/strong> consiglia:<\/p><ul data-start=\"184\" data-end=\"317\"><li data-start=\"184\" data-end=\"231\"><p data-start=\"186\" data-end=\"231\"><strong data-start=\"186\" data-end=\"204\">Tessuto UPF 50+<\/strong> per il massimo blocco dei raggi UV.<\/p><\/li><li data-start=\"232\" data-end=\"317\"><p data-start=\"234\" data-end=\"317\"><strong data-start=\"234\" data-end=\"269\">Larghezza della tesa di almeno 3 pollici<\/strong> oppure un berretto con drappeggio sul collo per una copertura completa.<\/p><\/li><\/ul><p data-start=\"319\" data-end=\"581\" data-is-last-node=\"\" data-is-only-node=\"\">Le valutazioni UPF affidabili provengono da test di laboratorio riconosciuti come <strong data-start=\"379\" data-end=\"388\">AATCC<\/strong> (Associazione Americana dei Chimici e dei Coloristi Tessili) e <strong data-start=\"450\" data-end=\"460\">AS\/NZS<\/strong> (Standard australiani\/neozelandesi). Questi metodi misurano l&#039;efficacia dei tessuti nel bloccare i raggi UV, anche dopo l&#039;uso e il lavaggio.<\/p><h2 data-start=\"0\" data-end=\"47\">Caratteristiche essenziali per i cappelli da prestazione<\/h2><p><img loading=\"lazy\" decoding=\"async\" class=\"aligncenter wp-image-11101\" title=\"Cappello grigio con protezione UPF e pannelli laterali in rete\" src=\"https:\/\/jointophat.com\/wp-content\/uploads\/2025\/08\/Gray-UPF-rated-hat-with-mesh-side-panels.webp\" alt=\"Cappello grigio con protezione UPF e pannelli laterali in rete\" width=\"500\" height=\"281\" srcset=\"https:\/\/jointophat.com\/wp-content\/uploads\/2025\/08\/Gray-UPF-rated-hat-with-mesh-side-panels.webp 1199w, https:\/\/jointophat.com\/wp-content\/uploads\/2025\/08\/Gray-UPF-rated-hat-with-mesh-side-panels-300x169.webp 300w, https:\/\/jointophat.com\/wp-content\/uploads\/2025\/08\/Gray-UPF-rated-hat-with-mesh-side-panels-1024x576.webp 1024w, https:\/\/jointophat.com\/wp-content\/uploads\/2025\/08\/Gray-UPF-rated-hat-with-mesh-side-panels-768x432.webp 768w, https:\/\/jointophat.com\/wp-content\/uploads\/2025\/08\/Gray-UPF-rated-hat-with-mesh-side-panels-18x10.webp 18w\" sizes=\"(max-width: 500px) 100vw, 500px\" \/><\/p><p data-start=\"49\" data-end=\"193\">Un buon cappello ad alte prestazioni con fattore di protezione solare (UPF) combina protezione solare, comfort e praticit\u00e0. Cerca caratteristiche adatte alla tua attivit\u00e0 e al clima.<\/p><h3>Progettazione della copertura<\/h3><p>Tesa larga, <a href=\"https:\/\/jointophat.com\/it\/produttore-di-tappi\/tappi-per-secchi\/\">secchio<\/a>I modelli , e quelli da legionario, offrono la protezione pi\u00f9 ampia e sono ideali per un&#039;elevata esposizione ai raggi UV. I cappelli con mantella sono una scelta pi\u00f9 leggera che protegge comunque orecchie e collo senza aggiungere volume.<\/p><h3>Tessuto e costruzione<\/h3><p>I tessuti sintetici a trama fitta sono ideali per bloccare i raggi UV e garantire la resistenza del cappello. Una visiera scura riduce i riflessi, mentre i tessuti resistenti all&#039;umidit\u00e0 contribuiscono a mantenere il cappello comodo anche in condizioni di caldo.<\/p><h3>Ventilazione vs. protezione<\/h3><p><a href=\"https:\/\/jointophat.com\/it\/produttore-di-tappi\/berretto-a-rete\/\">Maglia<\/a> I pannelli migliorano la circolazione dell&#039;aria e mantengono freschi durante l&#039;attivit\u00e0 fisica, ma possono ridurre la protezione solare. Un mix equilibrato di tessuto a rete e tessuto solido \u00e8 ideale nelle zone ad alta esposizione ai raggi UV.<\/p><h3>Comfort e stabilit\u00e0<\/h3><p>Una vestibilit\u00e0 sicura fa una grande differenza per i cappelli ad alte prestazioni. Chiusure regolabili, cordini per il mento e <a href=\"https:\/\/jointophat.com\/it\/produttore-di-tappi\/cappellini-sportivi\/\">traspirante<\/a> le fasce mantengono il cappello fermo e comodo, anche durante un uso prolungato all&#039;aperto.<\/p><h3>Confezionabilit\u00e0<\/h3><p>I cappelli leggeri con tesa ripiegabile sono facili da piegare e riporre per i viaggi o lo sport. Ritornano rapidamente alla forma originale, il che li rende una scelta pratica per uno stile di vita attivo.<\/p><h2 data-start=\"0\" data-end=\"48\">Scegliere il cappello giusto per la tua attivit\u00e0<\/h2><p><img loading=\"lazy\" decoding=\"async\" class=\"aligncenter wp-image-11102\" title=\"Cappello grigio con protezione UPF e pannelli laterali perforati\" src=\"https:\/\/jointophat.com\/wp-content\/uploads\/2025\/08\/Gray-UPF-rated-hat-with-perforated-side-panels-e1755070076288.webp\" alt=\"Cappello grigio con protezione UPF e pannelli laterali perforati\" width=\"500\" height=\"375\" srcset=\"https:\/\/jointophat.com\/wp-content\/uploads\/2025\/08\/Gray-UPF-rated-hat-with-perforated-side-panels-e1755070076288.webp 1024w, https:\/\/jointophat.com\/wp-content\/uploads\/2025\/08\/Gray-UPF-rated-hat-with-perforated-side-panels-e1755070076288-300x225.webp 300w, https:\/\/jointophat.com\/wp-content\/uploads\/2025\/08\/Gray-UPF-rated-hat-with-perforated-side-panels-e1755070076288-768x576.webp 768w, https:\/\/jointophat.com\/wp-content\/uploads\/2025\/08\/Gray-UPF-rated-hat-with-perforated-side-panels-e1755070076288-16x12.webp 16w\" sizes=\"(max-width: 500px) 100vw, 500px\" \/><\/p><p data-start=\"50\" data-end=\"184\">Attivit\u00e0 diverse richiedono cappelli dal design diverso. Scegliere quello giusto ti garantisce sia il comfort che la protezione di cui hai bisogno.<\/p><ul data-start=\"186\" data-end=\"647\" data-is-last-node=\"\" data-is-only-node=\"\"><li data-start=\"186\" data-end=\"337\"><p data-start=\"188\" data-end=\"337\"><strong data-start=\"188\" data-end=\"205\">Abbigliamento quotidiano<\/strong>: Vai per <strong data-start=\"214\" data-end=\"228\">Protezione solare UPF 40\u201350+<\/strong> con una tesa larga almeno 3 pollici. Un elegante <a href=\"https:\/\/jointophat.com\/it\/produttore-di-cappelli-di-paglia\/cappello-da-spiaggia-in-paglia\/\">a tesa larga<\/a> oppure il modello fedora \u00e8 perfetto per proteggersi quotidianamente dal sole.<\/p><\/li><li data-start=\"338\" data-end=\"495\"><p data-start=\"340\" data-end=\"495\"><strong data-start=\"340\" data-end=\"362\">Corsa e sport<\/strong>: Scegli cappellini leggeri con <strong data-start=\"393\" data-end=\"404\">Protezione UPF 50+<\/strong>, fasce traspiranti e pannelli traspiranti per mantenerti fresco e protetto.<\/p><\/li><li data-start=\"496\" data-end=\"647\" data-is-last-node=\"\"><p data-start=\"498\" data-end=\"647\" data-is-last-node=\"\"><strong data-start=\"498\" data-end=\"530\">Escursionismo, canottaggio e pesca<\/strong>: I modelli a tesa larga o legionari con cordini sotto il mento proteggono dal vento e offrono una maggiore copertura del collo per le lunghe ore trascorse all&#039;aperto.<\/p><\/li><\/ul><h2 data-start=\"0\" data-end=\"24\">Cura e longevit\u00e0<\/h2><p><img loading=\"lazy\" decoding=\"async\" class=\"aligncenter wp-image-11104\" title=\"Cappellino da baseball multicolore con protezione UPF e lati a scacchi\" src=\"https:\/\/jointophat.com\/wp-content\/uploads\/2025\/08\/Multi-colored-UPF-rated-baseball-cap-with-checkered-sides-e1755070118857.webp\" alt=\"Cappellino da baseball multicolore con protezione UPF e lati a scacchi\" width=\"500\" height=\"375\" srcset=\"https:\/\/jointophat.com\/wp-content\/uploads\/2025\/08\/Multi-colored-UPF-rated-baseball-cap-with-checkered-sides-e1755070118857.webp 800w, https:\/\/jointophat.com\/wp-content\/uploads\/2025\/08\/Multi-colored-UPF-rated-baseball-cap-with-checkered-sides-e1755070118857-300x225.webp 300w, https:\/\/jointophat.com\/wp-content\/uploads\/2025\/08\/Multi-colored-UPF-rated-baseball-cap-with-checkered-sides-e1755070118857-768x576.webp 768w, https:\/\/jointophat.com\/wp-content\/uploads\/2025\/08\/Multi-colored-UPF-rated-baseball-cap-with-checkered-sides-e1755070118857-16x12.webp 16w\" sizes=\"(max-width: 500px) 100vw, 500px\" \/><\/p><p data-start=\"26\" data-end=\"201\">Prendersi cura del proprio cappello tecnico con protezione UPF aiuta a mantenerlo pi\u00f9 a lungo e a mantenere la sua protezione solare. Pulirlo o stirarlo eccessivamente pu\u00f2 ridurne l&#039;efficacia nel tempo.<\/p><ul data-start=\"203\" data-end=\"513\" data-is-last-node=\"\" data-is-only-node=\"\"><li data-start=\"203\" data-end=\"278\"><p data-start=\"205\" data-end=\"278\"><a href=\"https:\/\/jointophat.com\/it\/blog\/come-lavare-un-berretto-da-baseball\/\"><strong data-start=\"205\" data-end=\"220\">Lavare delicatamente<\/strong><\/a>: Lavare a mano o utilizzare un ciclo delicato con un detersivo delicato.<\/p><\/li><li data-start=\"279\" data-end=\"358\"><p data-start=\"281\" data-end=\"358\"><strong data-start=\"281\" data-end=\"305\">Evitare di allungarsi troppo<\/strong>: Pu\u00f2 indebolire la trama e abbassare il fattore di protezione solare (UPF).<\/p><\/li><li data-start=\"359\" data-end=\"415\"><p data-start=\"361\" data-end=\"415\"><strong data-start=\"361\" data-end=\"378\">Asciugare naturalmente<\/strong>: Evitare temperature elevate per evitare danni.<\/p><\/li><li data-start=\"416\" data-end=\"513\" data-is-last-node=\"\"><p data-start=\"418\" data-end=\"513\" data-is-last-node=\"\"><strong data-start=\"418\" data-end=\"441\">Sostituire quando necessario<\/strong>: Se il tessuto si assottiglia, sbiadisce o perde la forma, \u00e8 il momento di cambiare cappello.<\/p><\/li><\/ul><article class=\"text-token-text-primary w-full focus:outline-none scroll-mt-[calc(var(--header-height)+min(200px,max(70px,20svh)))]\" dir=\"auto\" data-turn-id=\"request-689adc69-b3fc-832b-9cbe-3c868d045034-6\" data-testid=\"conversation-turn-20\" data-scroll-anchor=\"true\" data-turn=\"assistant\"><div class=\"text-base my-auto mx-auto pb-10 [--thread-content-margin:--spacing(4)] @[37rem]:[--thread-content-margin:--spacing(6)] @[72rem]:[--thread-content-margin:--spacing(16)] px-(--thread-content-margin)\"><div class=\"[--thread-content-max-width:32rem] @[34rem]:[--thread-content-max-width:40rem] @[64rem]:[--thread-content-max-width:48rem] mx-auto max-w-(--thread-content-max-width) flex-1 group\/turn-messages focus-visible:outline-hidden relative flex w-full min-w-0 flex-col agent-turn\"><div class=\"flex max-w-full flex-col grow\"><div class=\"min-h-8 text-message relative flex w-full flex-col items-end gap-2 text-start break-words whitespace-normal [.text-message+&amp;]:mt-5\" dir=\"auto\" data-message-author-role=\"assistant\" data-message-id=\"49fa681f-2a88-42fe-8894-31d5f1707bbb\" data-message-model-slug=\"gpt-5\"><div class=\"flex w-full flex-col gap-1 empty:hidden first:pt-[3px]\"><div class=\"markdown prose dark:prose-invert w-full break-words dark markdown-new-styling\"><h2 data-start=\"0\" data-end=\"30\">Lista di controllo per un acquisto rapido<\/h2><p><img loading=\"lazy\" decoding=\"async\" class=\"aligncenter wp-image-11105\" title=\"Cappellino da baseball nero con protezione UPF per la protezione solare\" src=\"https:\/\/jointophat.com\/wp-content\/uploads\/2025\/08\/Solid-black-UPF-rated-baseball-cap-for-sun-protection-e1755070294739.webp\" alt=\"Cappellino da baseball nero con protezione UPF per la protezione solare\" width=\"500\" height=\"437\" srcset=\"https:\/\/jointophat.com\/wp-content\/uploads\/2025\/08\/Solid-black-UPF-rated-baseball-cap-for-sun-protection-e1755070294739.webp 300w, https:\/\/jointophat.com\/wp-content\/uploads\/2025\/08\/Solid-black-UPF-rated-baseball-cap-for-sun-protection-e1755070294739-14x12.webp 14w\" sizes=\"(max-width: 500px) 100vw, 500px\" \/><\/p><p data-start=\"32\" data-end=\"174\">Prima di acquistare un cappello ad alte prestazioni con fattore di protezione solare (UPF), controlla questa checklist per assicurarti di ottenere la massima protezione solare e un comfort duraturo.<\/p><h3>Tessuto certificato UPF 50+<\/h3><p>I cappelli realizzati con tessuto certificato UPF 50+ offrono il massimo livello di protezione UV, bloccando pi\u00f9 del 971% dei raggi nocivi e garantendo una sicurezza affidabile contro il sole.<\/p><h3>Tesa di almeno 3 pollici<\/h3><p>Una falda di almeno tre pollici, o un berretto con protezione aggiuntiva per il collo, offrono una protezione essenziale per viso, orecchie e collo, dove i danni del sole sono pi\u00f9 comuni.<\/p><h3>Trama stretta<\/h3><p>Un tessuto a trama fitta \u00e8 fondamentale perch\u00e9 blocca la maggior parte della luce solare. Evitate cappelli con maglie larghe o senza fodera nelle zone esposte al sole per una maggiore protezione dai raggi UV.<\/p><h3>Vestibilit\u00e0 regolabile<\/h3><p>Caratteristiche di comfort come cinghie regolabili, cordini sotto il mento e fasce traspiranti assicurano che il cappello si adatti saldamente, rimanga in posizione e sia comodo anche se indossato a lungo.<\/p><h2>Conclusione\u00a0<\/h2><p><img loading=\"lazy\" decoding=\"async\" class=\"aligncenter wp-image-11103\" title=\"Uomo che indossa un cappello da trekking UPF di colore scuro\" src=\"https:\/\/jointophat.com\/wp-content\/uploads\/2025\/08\/Man-wearing-a-dark-colored-UPF-rated-hiking-hat-e1755070206977.webp\" alt=\"Uomo che indossa un cappello da trekking UPF di colore scuro\" width=\"500\" height=\"375\" srcset=\"https:\/\/jointophat.com\/wp-content\/uploads\/2025\/08\/Man-wearing-a-dark-colored-UPF-rated-hiking-hat-e1755070206977.webp 853w, https:\/\/jointophat.com\/wp-content\/uploads\/2025\/08\/Man-wearing-a-dark-colored-UPF-rated-hiking-hat-e1755070206977-300x225.webp 300w, https:\/\/jointophat.com\/wp-content\/uploads\/2025\/08\/Man-wearing-a-dark-colored-UPF-rated-hiking-hat-e1755070206977-768x576.webp 768w, https:\/\/jointophat.com\/wp-content\/uploads\/2025\/08\/Man-wearing-a-dark-colored-UPF-rated-hiking-hat-e1755070206977-16x12.webp 16w\" sizes=\"(max-width: 500px) 100vw, 500px\" \/><\/p><p data-start=\"14\" data-end=\"360\">Dalle corse sui sentieri alle giornate in spiaggia, <strong data-start=\"45\" data-end=\"94\">Cappelli ad alte prestazioni con fattore di protezione solare UPF<\/strong> Rendono le ore di sole pi\u00f9 sicure e confortevoli. Proteggono le aree ad alto rischio pur rimanendo leggeri, traspiranti e facili da indossare: la tua difesa quotidiana contro l&#039;esposizione ai raggi UV. Per le lunghe sessioni all&#039;aperto, i tessuti con fattore di protezione solare UPF 50+ e la giusta forma della visiera aggiungono una protezione reale e duratura.<\/p><p data-start=\"362\" data-end=\"707\" data-is-last-node=\"\" data-is-only-node=\"\">A <a href=\"https:\/\/jointophat.com\/it\/\"><strong>Giunto<\/strong><\/a>, realizziamo cappelli ad alte prestazioni con protezione UPF personalizzata tramite il supporto OEM\/ODM completo. Con fabbriche locali in <strong data-start=\"471\" data-end=\"504\">Cina, Bangladesh e Vietnam<\/strong>, supportiamo campionamenti rapidi, prezzi competitivi e quantit\u00e0 di ordine flessibili.<\/p><p data-start=\"362\" data-end=\"707\" data-is-last-node=\"\" data-is-only-node=\"\">Che tu abbia bisogno di design di marca o di produzione all&#039;ingrosso, <a href=\"https:\/\/jointophat.com\/it\/contattaci\/\"><strong>contatta il nostro team<\/strong><\/a> per dare nuova vita al tuo copricapo antisole.<\/p><\/div><\/div><\/div><\/div><\/div><\/div><\/article>\t\t\t\t\t\t\t\t<\/div>\n\t\t\t\t<\/div>\n\t\t\t\t<div class=\"elementor-element elementor-element-6d30631 elementor-widget elementor-widget-heading\" data-id=\"6d30631\" data-element_type=\"widget\" data-widget_type=\"heading.default\">\n\t\t\t\t<div class=\"elementor-widget-container\">\n\t\t\t\t\t<h2 class=\"elementor-heading-title elementor-size-default\">Domande frequenti<\/h2>\t\t\t\t<\/div>\n\t\t\t\t<\/div>\n\t\t\t\t<div class=\"elementor-element elementor-element-87a726c elementor-widget elementor-widget-n-accordion\" data-id=\"87a726c\" data-element_type=\"widget\" data-settings=\"{&quot;default_state&quot;:&quot;expanded&quot;,&quot;max_items_expended&quot;:&quot;one&quot;,&quot;n_accordion_animation_duration&quot;:{&quot;unit&quot;:&quot;ms&quot;,&quot;size&quot;:400,&quot;sizes&quot;:[]}}\" data-widget_type=\"nested-accordion.default\">\n\t\t\t\t<div class=\"elementor-widget-container\">\n\t\t\t\t\t\t\t<div class=\"e-n-accordion\" aria-label=\"Fisarmonica. Apri i link con Invio o Spazio, chiudi con Esc e naviga con i tasti freccia\">\n\t\t\t\t\t\t<details id=\"e-n-accordion-item-1420\" class=\"e-n-accordion-item\" open>\n\t\t\t\t<summary class=\"e-n-accordion-item-title\" data-accordion-index=\"1\" tabindex=\"0\" aria-expanded=\"true\" aria-controls=\"e-n-accordion-item-1420\" >\n\t\t\t\t\t<span class='e-n-accordion-item-title-header'><div class=\"e-n-accordion-item-title-text\"> I cappelli con fattore di protezione solare possono perdere la loro protezione nel tempo? <\/div><\/span>\n\t\t\t\t\t\t\t<span class='e-n-accordion-item-title-icon'>\n\t\t\t<span class='e-opened' ><svg aria-hidden=\"true\" class=\"e-font-icon-svg e-fas-minus\" viewbox=\"0 0 448 512\" xmlns=\"http:\/\/www.w3.org\/2000\/svg\"><path d=\"M416 208H32c-17.67 0-32 14.33-32 32v32c0 17.67 14.33 32 32 32h384c17.67 0 32-14.33 32-32v-32c0-17.67-14.33-32-32-32z\"><\/path><\/svg><\/span>\n\t\t\t<span class='e-closed'><svg aria-hidden=\"true\" class=\"e-font-icon-svg e-fas-plus\" viewbox=\"0 0 448 512\" xmlns=\"http:\/\/www.w3.org\/2000\/svg\"><path d=\"M416 208H272V64c0-17.67-14.33-32-32-32h-32c-17.67 0-32 14.33-32 32v144H32c-17.67 0-32 14.33-32 32v32c0 17.67 14.33 32 32 32h144v144c0 17.67 14.33 32 32 32h32c17.67 0 32-14.33 32-32V304h144c17.67 0 32-14.33 32-32v-32c0-17.67-14.33-32-32-32z\"><\/path><\/svg><\/span>\n\t\t<\/span>\n\n\t\t\t\t\t\t<\/summary>\n\t\t\t\t<div role=\"region\" aria-labelledby=\"e-n-accordion-item-1420\" class=\"elementor-element elementor-element-4aa5b28 e-con-full e-flex e-con e-child\" data-id=\"4aa5b28\" data-element_type=\"container\">\n\t\t\t\t<div class=\"elementor-element elementor-element-0aa8725 elementor-widget elementor-widget-text-editor\" data-id=\"0aa8725\" data-element_type=\"widget\" data-widget_type=\"text-editor.default\">\n\t\t\t\t<div class=\"elementor-widget-container\">\n\t\t\t\t\t\t\t\t\t<p>S\u00ec. Lavaggi frequenti, stiramenti ed esposizione al sole possono deteriorare le fibre, riducendo l&#039;efficacia del fattore di protezione solare. Sostituisci il cappello se diventa sottile, sbiadito o danneggiato.<\/p>\t\t\t\t\t\t\t\t<\/div>\n\t\t\t\t<\/div>\n\t\t\t\t<\/div>\n\t\t\t\t\t<\/details>\n\t\t\t\t\t\t<details id=\"e-n-accordion-item-1421\" class=\"e-n-accordion-item\" >\n\t\t\t\t<summary class=\"e-n-accordion-item-title\" data-accordion-index=\"2\" tabindex=\"-1\" aria-expanded=\"false\" aria-controls=\"e-n-accordion-item-1421\" >\n\t\t\t\t\t<span class='e-n-accordion-item-title-header'><div class=\"e-n-accordion-item-title-text\"> I cappelli di colore scuro sono migliori per proteggersi dal sole? <\/div><\/span>\n\t\t\t\t\t\t\t<span class='e-n-accordion-item-title-icon'>\n\t\t\t<span class='e-opened' ><svg aria-hidden=\"true\" class=\"e-font-icon-svg e-fas-minus\" viewbox=\"0 0 448 512\" xmlns=\"http:\/\/www.w3.org\/2000\/svg\"><path d=\"M416 208H32c-17.67 0-32 14.33-32 32v32c0 17.67 14.33 32 32 32h384c17.67 0 32-14.33 32-32v-32c0-17.67-14.33-32-32-32z\"><\/path><\/svg><\/span>\n\t\t\t<span class='e-closed'><svg aria-hidden=\"true\" class=\"e-font-icon-svg e-fas-plus\" viewbox=\"0 0 448 512\" xmlns=\"http:\/\/www.w3.org\/2000\/svg\"><path d=\"M416 208H272V64c0-17.67-14.33-32-32-32h-32c-17.67 0-32 14.33-32 32v144H32c-17.67 0-32 14.33-32 32v32c0 17.67 14.33 32 32 32h144v144c0 17.67 14.33 32 32 32h32c17.67 0 32-14.33 32-32V304h144c17.67 0 32-14.33 32-32v-32c0-17.67-14.33-32-32-32z\"><\/path><\/svg><\/span>\n\t\t<\/span>\n\n\t\t\t\t\t\t<\/summary>\n\t\t\t\t<div role=\"region\" aria-labelledby=\"e-n-accordion-item-1421\" class=\"elementor-element elementor-element-7cf2976 e-con-full e-flex e-con e-child\" data-id=\"7cf2976\" data-element_type=\"container\">\n\t\t\t\t<div class=\"elementor-element elementor-element-b891b78 elementor-widget elementor-widget-text-editor\" data-id=\"b891b78\" data-element_type=\"widget\" data-widget_type=\"text-editor.default\">\n\t\t\t\t<div class=\"elementor-widget-container\">\n\t\t\t\t\t\t\t\t\t<p>I colori pi\u00f9 scuri solitamente bloccano pi\u00f9 raggi UV perch\u00e9 assorbono pi\u00f9 luce. Tuttavia, la trama del tessuto e il fattore di protezione solare UPF sono pi\u00f9 importanti del colore stesso.<\/p>\t\t\t\t\t\t\t\t<\/div>\n\t\t\t\t<\/div>\n\t\t\t\t<\/div>\n\t\t\t\t\t<\/details>\n\t\t\t\t\t\t<details id=\"e-n-accordion-item-1422\" class=\"e-n-accordion-item\" >\n\t\t\t\t<summary class=\"e-n-accordion-item-title\" data-accordion-index=\"3\" tabindex=\"-1\" aria-expanded=\"false\" aria-controls=\"e-n-accordion-item-1422\" >\n\t\t\t\t\t<span class='e-n-accordion-item-title-header'><div class=\"e-n-accordion-item-title-text\"> Posso indossare un cappello con protezione UPF in acqua? <\/div><\/span>\n\t\t\t\t\t\t\t<span class='e-n-accordion-item-title-icon'>\n\t\t\t<span class='e-opened' ><svg aria-hidden=\"true\" class=\"e-font-icon-svg e-fas-minus\" viewbox=\"0 0 448 512\" xmlns=\"http:\/\/www.w3.org\/2000\/svg\"><path d=\"M416 208H32c-17.67 0-32 14.33-32 32v32c0 17.67 14.33 32 32 32h384c17.67 0 32-14.33 32-32v-32c0-17.67-14.33-32-32-32z\"><\/path><\/svg><\/span>\n\t\t\t<span class='e-closed'><svg aria-hidden=\"true\" class=\"e-font-icon-svg e-fas-plus\" viewbox=\"0 0 448 512\" xmlns=\"http:\/\/www.w3.org\/2000\/svg\"><path d=\"M416 208H272V64c0-17.67-14.33-32-32-32h-32c-17.67 0-32 14.33-32 32v144H32c-17.67 0-32 14.33-32 32v32c0 17.67 14.33 32 32 32h144v144c0 17.67 14.33 32 32 32h32c17.67 0 32-14.33 32-32V304h144c17.67 0 32-14.33 32-32v-32c0-17.67-14.33-32-32-32z\"><\/path><\/svg><\/span>\n\t\t<\/span>\n\n\t\t\t\t\t\t<\/summary>\n\t\t\t\t<div role=\"region\" aria-labelledby=\"e-n-accordion-item-1422\" class=\"elementor-element elementor-element-c162cbe e-con-full e-flex e-con e-child\" data-id=\"c162cbe\" data-element_type=\"container\">\n\t\t\t\t<div class=\"elementor-element elementor-element-45cc1dc elementor-widget elementor-widget-text-editor\" data-id=\"45cc1dc\" data-element_type=\"widget\" data-widget_type=\"text-editor.default\">\n\t\t\t\t<div class=\"elementor-widget-container\">\n\t\t\t\t\t\t\t\t\t<p>S\u00ec, ma il cloro o l&#039;acqua salata possono ridurre la resistenza del tessuto nel tempo. Risciacqua il cappello in acqua dolce e lascialo asciugare all&#039;aria per mantenerne la protezione.<\/p>\t\t\t\t\t\t\t\t<\/div>\n\t\t\t\t<\/div>\n\t\t\t\t<\/div>\n\t\t\t\t\t<\/details>\n\t\t\t\t\t\t<details id=\"e-n-accordion-item-1423\" class=\"e-n-accordion-item\" >\n\t\t\t\t<summary class=\"e-n-accordion-item-title\" data-accordion-index=\"4\" tabindex=\"-1\" aria-expanded=\"false\" aria-controls=\"e-n-accordion-item-1423\" >\n\t\t\t\t\t<span class='e-n-accordion-item-title-header'><div class=\"e-n-accordion-item-title-text\"> Tutti i cappelli a tesa larga hanno un fattore di protezione solare (UPF)? <\/div><\/span>\n\t\t\t\t\t\t\t<span class='e-n-accordion-item-title-icon'>\n\t\t\t<span class='e-opened' ><svg aria-hidden=\"true\" class=\"e-font-icon-svg e-fas-minus\" viewbox=\"0 0 448 512\" xmlns=\"http:\/\/www.w3.org\/2000\/svg\"><path d=\"M416 208H32c-17.67 0-32 14.33-32 32v32c0 17.67 14.33 32 32 32h384c17.67 0 32-14.33 32-32v-32c0-17.67-14.33-32-32-32z\"><\/path><\/svg><\/span>\n\t\t\t<span class='e-closed'><svg aria-hidden=\"true\" class=\"e-font-icon-svg e-fas-plus\" viewbox=\"0 0 448 512\" xmlns=\"http:\/\/www.w3.org\/2000\/svg\"><path d=\"M416 208H272V64c0-17.67-14.33-32-32-32h-32c-17.67 0-32 14.33-32 32v144H32c-17.67 0-32 14.33-32 32v32c0 17.67 14.33 32 32 32h144v144c0 17.67 14.33 32 32 32h32c17.67 0 32-14.33 32-32V304h144c17.67 0 32-14.33 32-32v-32c0-17.67-14.33-32-32-32z\"><\/path><\/svg><\/span>\n\t\t<\/span>\n\n\t\t\t\t\t\t<\/summary>\n\t\t\t\t<div role=\"region\" aria-labelledby=\"e-n-accordion-item-1423\" class=\"elementor-element elementor-element-284e1c8 e-flex e-con-boxed e-con e-child\" data-id=\"284e1c8\" data-element_type=\"container\">\n\t\t\t\t\t<div class=\"e-con-inner\">\n\t\t\t\t<div class=\"elementor-element elementor-element-d6b1a09 elementor-widget elementor-widget-text-editor\" data-id=\"d6b1a09\" data-element_type=\"widget\" data-widget_type=\"text-editor.default\">\n\t\t\t\t<div class=\"elementor-widget-container\">\n\t\t\t\t\t\t\t\t\t<p>No. La dimensione della falda aiuta a proteggere dal sole, ma solo i cappelli testati ed etichettati con fattore di protezione solare (UPF) garantiscono una protezione UV comprovata. Controlla sempre l&#039;etichetta certificata.<\/p>\t\t\t\t\t\t\t\t<\/div>\n\t\t\t\t<\/div>\n\t\t\t\t\t<\/div>\n\t\t\t\t<\/div>\n\t\t\t\t\t<\/details>\n\t\t\t\t\t\t<details id=\"e-n-accordion-item-1424\" class=\"e-n-accordion-item\" >\n\t\t\t\t<summary class=\"e-n-accordion-item-title\" data-accordion-index=\"5\" tabindex=\"-1\" aria-expanded=\"false\" aria-controls=\"e-n-accordion-item-1424\" >\n\t\t\t\t\t<span class='e-n-accordion-item-title-header'><div class=\"e-n-accordion-item-title-text\"> Un cappello con fattore di protezione solare UPF 30 \u00e8 sufficiente per l&#039;uso quotidiano? <\/div><\/span>\n\t\t\t\t\t\t\t<span class='e-n-accordion-item-title-icon'>\n\t\t\t<span class='e-opened' ><svg aria-hidden=\"true\" class=\"e-font-icon-svg e-fas-minus\" viewbox=\"0 0 448 512\" xmlns=\"http:\/\/www.w3.org\/2000\/svg\"><path d=\"M416 208H32c-17.67 0-32 14.33-32 32v32c0 17.67 14.33 32 32 32h384c17.67 0 32-14.33 32-32v-32c0-17.67-14.33-32-32-32z\"><\/path><\/svg><\/span>\n\t\t\t<span class='e-closed'><svg aria-hidden=\"true\" class=\"e-font-icon-svg e-fas-plus\" viewbox=\"0 0 448 512\" xmlns=\"http:\/\/www.w3.org\/2000\/svg\"><path d=\"M416 208H272V64c0-17.67-14.33-32-32-32h-32c-17.67 0-32 14.33-32 32v144H32c-17.67 0-32 14.33-32 32v32c0 17.67 14.33 32 32 32h144v144c0 17.67 14.33 32 32 32h32c17.67 0 32-14.33 32-32V304h144c17.67 0 32-14.33 32-32v-32c0-17.67-14.33-32-32-32z\"><\/path><\/svg><\/span>\n\t\t<\/span>\n\n\t\t\t\t\t\t<\/summary>\n\t\t\t\t<div role=\"region\" aria-labelledby=\"e-n-accordion-item-1424\" class=\"elementor-element elementor-element-8d06d26 e-flex e-con-boxed e-con e-child\" data-id=\"8d06d26\" data-element_type=\"container\">\n\t\t\t\t\t<div class=\"e-con-inner\">\n\t\t\t\t<div class=\"elementor-element elementor-element-0510591 elementor-widget elementor-widget-text-editor\" data-id=\"0510591\" data-element_type=\"widget\" data-widget_type=\"text-editor.default\">\n\t\t\t\t<div class=\"elementor-widget-container\">\n\t\t\t\t\t\t\t\t\t<p>Il fattore di protezione solare UPF 30 offre una buona protezione per le attivit\u00e0 all&#039;aperto di breve durata. Per un&#039;esposizione prolungata al sole, soprattutto nelle ore di punta, si consiglia un cappello con fattore di protezione solare UPF 50+.<\/p>\t\t\t\t\t\t\t\t<\/div>\n\t\t\t\t<\/div>\n\t\t\t\t\t<\/div>\n\t\t\t\t<\/div>\n\t\t\t\t\t<\/details>\n\t\t\t\t\t<\/div>\n\t\t\t\t\t\t<\/div>\n\t\t\t\t<\/div>\n\t\t\t\t\t<\/div>\n\t\t\t\t<\/div>\n\t\t\t\t<\/div>","protected":false},"excerpt":{"rendered":"<p>Scopri come i cappelli ad alte prestazioni con fattore di protezione solare (UPF) bloccano i raggi UV, le caratteristiche principali da considerare e i consigli per scegliere la migliore protezione solare per qualsiasi attivit\u00e0.<\/p>","protected":false},"author":3,"featured_media":11104,"comment_status":"open","ping_status":"open","sticky":false,"template":"","format":"standard","meta":{"_monsterinsights_skip_tracking":false,"_monsterinsights_sitenote_active":false,"_monsterinsights_sitenote_note":"","_monsterinsights_sitenote_category":0,"footnotes":""},"categories":[14],"tags":[24,44],"class_list":["post-11026","post","type-post","status-publish","format-standard","has-post-thumbnail","hentry","category-blog","tag-hats","tag-performance-hats"],"_links":{"self":[{"href":"https:\/\/jointophat.com\/it\/wp-json\/wp\/v2\/posts\/11026","targetHints":{"allow":["GET"]}}],"collection":[{"href":"https:\/\/jointophat.com\/it\/wp-json\/wp\/v2\/posts"}],"about":[{"href":"https:\/\/jointophat.com\/it\/wp-json\/wp\/v2\/types\/post"}],"author":[{"embeddable":true,"href":"https:\/\/jointophat.com\/it\/wp-json\/wp\/v2\/users\/3"}],"replies":[{"embeddable":true,"href":"https:\/\/jointophat.com\/it\/wp-json\/wp\/v2\/comments?post=11026"}],"version-history":[{"count":29,"href":"https:\/\/jointophat.com\/it\/wp-json\/wp\/v2\/posts\/11026\/revisions"}],"predecessor-version":[{"id":11167,"href":"https:\/\/jointophat.com\/it\/wp-json\/wp\/v2\/posts\/11026\/revisions\/11167"}],"wp:featuredmedia":[{"embeddable":true,"href":"https:\/\/jointophat.com\/it\/wp-json\/wp\/v2\/media\/11104"}],"wp:attachment":[{"href":"https:\/\/jointophat.com\/it\/wp-json\/wp\/v2\/media?parent=11026"}],"wp:term":[{"taxonomy":"category","embeddable":true,"href":"https:\/\/jointophat.com\/it\/wp-json\/wp\/v2\/categories?post=11026"},{"taxonomy":"post_tag","embeddable":true,"href":"https:\/\/jointophat.com\/it\/wp-json\/wp\/v2\/tags?post=11026"}],"curies":[{"name":"scrivere","href":"https:\/\/api.w.org\/{rel}","templated":true}]}}