{"id":12278,"date":"2025-09-30T07:10:54","date_gmt":"2025-09-30T07:10:54","guid":{"rendered":"https:\/\/jointophat.com\/?p=12278"},"modified":"2025-10-10T08:23:12","modified_gmt":"2025-10-10T08:23:12","slug":"i-cappelli-da-camionista-proteggono-dal-sole","status":"publish","type":"post","link":"https:\/\/jointophat.com\/it\/blog\/i-cappelli-da-camionista-proteggono-dal-sole\/","title":{"rendered":"I cappelli da camionista proteggono dal sole?"},"content":{"rendered":"<div data-elementor-type=\"wp-post\" data-elementor-id=\"12278\" class=\"elementor elementor-12278\" data-elementor-post-type=\"post\">\n\t\t\t\t<div class=\"elementor-element elementor-element-eac5086 e-flex e-con-boxed e-con e-parent\" data-id=\"eac5086\" data-element_type=\"container\">\n\t\t\t\t\t<div class=\"e-con-inner\">\n\t\t\t\t<div class=\"elementor-element elementor-element-7ee49b8 elementor-widget elementor-widget-text-editor\" data-id=\"7ee49b8\" data-element_type=\"widget\" data-widget_type=\"text-editor.default\">\n\t\t\t\t<div class=\"elementor-widget-container\">\n\t\t\t\t\t\t\t\t\t<p data-start=\"19\" data-end=\"351\">Trascorrere del tempo all&#039;aria aperta significa pensare a qualcosa di pi\u00f9 del semplice comfort: \u00e8 necessario anche proteggere la pelle dal sole. Molte persone scelgono un <strong data-start=\"159\" data-end=\"174\">cappello da camionista<\/strong> Perch\u00e9 \u00e8 traspirante, leggero ed elegante. Ma ecco la domanda: <strong data-start=\"255\" data-end=\"349\">I cappelli da camionista proteggono davvero dal sole o sono pi\u00f9 una questione estetica che di sicurezza?<\/strong><\/p><p><img fetchpriority=\"high\" decoding=\"async\" class=\"aligncenter wp-image-9739\" title=\"uomo in posa nel deserto con cappello da camionista\" src=\"https:\/\/jointophat.com\/wp-content\/uploads\/2025\/05\/medium-shot-man-desert-with-trucker-hat_compressed-scaled.webp\" alt=\"uomo in posa nel deserto con cappello da camionista\" width=\"500\" height=\"333\" srcset=\"https:\/\/jointophat.com\/wp-content\/uploads\/2025\/05\/medium-shot-man-desert-with-trucker-hat_compressed-scaled.webp 2560w, https:\/\/jointophat.com\/wp-content\/uploads\/2025\/05\/medium-shot-man-desert-with-trucker-hat_compressed-300x200.webp 300w, https:\/\/jointophat.com\/wp-content\/uploads\/2025\/05\/medium-shot-man-desert-with-trucker-hat_compressed-1024x683.webp 1024w, https:\/\/jointophat.com\/wp-content\/uploads\/2025\/05\/medium-shot-man-desert-with-trucker-hat_compressed-768x512.webp 768w, https:\/\/jointophat.com\/wp-content\/uploads\/2025\/05\/medium-shot-man-desert-with-trucker-hat_compressed-1536x1024.webp 1536w, https:\/\/jointophat.com\/wp-content\/uploads\/2025\/05\/medium-shot-man-desert-with-trucker-hat_compressed-2048x1365.webp 2048w, https:\/\/jointophat.com\/wp-content\/uploads\/2025\/05\/medium-shot-man-desert-with-trucker-hat_compressed-18x12.webp 18w\" sizes=\"(max-width: 500px) 100vw, 500px\" \/><\/p><p data-start=\"353\" data-end=\"725\">In questa guida, analizzeremo come funziona la protezione solare, in quali casi i cappelli da camionista sono carenti e cosa consigliano gli esperti. Imparerai quando un cappellino da camionista \u00e8 &quot;sufficiente&quot;, come aumentarne la protezione e come si confronta con i cappelli da sole a tesa larga e i cappellini Legionary. Alla fine, saprai esattamente come bilanciare stile, comfort e protezione UV nella scelta del tuo prossimo cappello. Per dettagli costruttivi e opzioni di personalizzazione, consulta il nostro <a href=\"https:\/\/jointophat.com\/it\/produttore-di-tappi\/berretto-da-camionista\/\"><strong data-start=\"338\" data-end=\"426\">Produttore di cappellini da camionista<\/strong><\/a> pagina.<\/p><h2 data-start=\"0\" data-end=\"54\">Risposta rapida (Cosa protegge realmente un cappello da camionista)<\/h2><p><img decoding=\"async\" class=\"aligncenter wp-image-6018\" title=\"uomo sorridente in posa con cappello da camionista in primo piano\" src=\"https:\/\/jointophat.com\/wp-content\/uploads\/2025\/01\/smiley-man-posing-with-trucker-hat-medium-shot-scaled.webp\" alt=\"uomo sorridente in posa con cappello da camionista in primo piano\" width=\"500\" height=\"333\" srcset=\"https:\/\/jointophat.com\/wp-content\/uploads\/2025\/01\/smiley-man-posing-with-trucker-hat-medium-shot-scaled.webp 2560w, https:\/\/jointophat.com\/wp-content\/uploads\/2025\/01\/smiley-man-posing-with-trucker-hat-medium-shot-300x200.webp 300w, https:\/\/jointophat.com\/wp-content\/uploads\/2025\/01\/smiley-man-posing-with-trucker-hat-medium-shot-1024x683.webp 1024w, https:\/\/jointophat.com\/wp-content\/uploads\/2025\/01\/smiley-man-posing-with-trucker-hat-medium-shot-768x512.webp 768w, https:\/\/jointophat.com\/wp-content\/uploads\/2025\/01\/smiley-man-posing-with-trucker-hat-medium-shot-1536x1024.webp 1536w, https:\/\/jointophat.com\/wp-content\/uploads\/2025\/01\/smiley-man-posing-with-trucker-hat-medium-shot-2048x1365.webp 2048w, https:\/\/jointophat.com\/wp-content\/uploads\/2025\/01\/smiley-man-posing-with-trucker-hat-medium-shot-18x12.webp 18w\" sizes=\"(max-width: 500px) 100vw, 500px\" \/><\/p><p data-start=\"56\" data-end=\"273\">I cappelli da camionista danno <strong data-start=\"74\" data-end=\"96\">protezione parziale<\/strong> dal sole. Il <strong data-start=\"115\" data-end=\"129\">falda anteriore<\/strong> ti protegge gli occhi e la fronte, ma il <strong data-start=\"169\" data-end=\"192\">retro e lati in rete<\/strong> lascia passare i raggi UV. Ci\u00f2 significa che orecchie, guance e collo restano esposti.<\/p><p data-start=\"275\" data-end=\"560\">Funzionano bene per brevi uscite o se abbinati a <strong data-start=\"330\" data-end=\"358\">protezione solare e occhiali da sole<\/strong>, ma non sono sufficienti se si rimane all&#039;aperto per lunghi periodi o sotto la luce solare intensa. Per una migliore copertura, i gruppi di dermatologi raccomandano <strong data-start=\"495\" data-end=\"537\">cappelli a tesa larga o berretti con paranuca<\/strong> insieme alla protezione solare. Per le linee guida ufficiali sulla copertura della tesa e sui limiti del berretto, vedere <a href=\"https:\/\/www.cdc.gov\/skin-cancer\/sun-safety\/index.html\"><strong data-start=\"376\" data-end=\"470\">Raccomandazione del CDC per l&#039;uso del cappello protettivo solare<\/strong><\/a>.<\/p><h2 data-start=\"0\" data-end=\"41\">Come funziona la protezione solare (UPF + ombra)<\/h2><p><img decoding=\"async\" class=\"aligncenter wp-image-11596\" title=\"Due uomini che indossano cappellini da camionista all&#039;aperto\" src=\"https:\/\/jointophat.com\/wp-content\/uploads\/2025\/09\/Two-men-wearing-trucker-caps-outdoors.webp\" alt=\"Due uomini che indossano cappellini da camionista all&#039;aperto\" width=\"500\" height=\"334\" srcset=\"https:\/\/jointophat.com\/wp-content\/uploads\/2025\/09\/Two-men-wearing-trucker-caps-outdoors.webp 1302w, https:\/\/jointophat.com\/wp-content\/uploads\/2025\/09\/Two-men-wearing-trucker-caps-outdoors-300x200.webp 300w, https:\/\/jointophat.com\/wp-content\/uploads\/2025\/09\/Two-men-wearing-trucker-caps-outdoors-1024x683.webp 1024w, https:\/\/jointophat.com\/wp-content\/uploads\/2025\/09\/Two-men-wearing-trucker-caps-outdoors-768x513.webp 768w, https:\/\/jointophat.com\/wp-content\/uploads\/2025\/09\/Two-men-wearing-trucker-caps-outdoors-18x12.webp 18w\" sizes=\"(max-width: 500px) 100vw, 500px\" \/><\/p><p data-start=\"43\" data-end=\"405\">Quando si tratta di protezione solare, il tessuto gioca un ruolo fondamentale. Abbigliamento e cappelli vengono testati utilizzando <strong data-start=\"133\" data-end=\"172\">UPF (fattore di protezione ultravioletta)<\/strong>, che misura l&#039;efficacia del tessuto nel bloccare i raggi UV. Ad esempio, un fattore UPF 50 significa che il materiale lascia passare solo circa il 21% dei raggi UV, offrendo una protezione elevata. I cappelli senza fattore UPF possono comunque bloccare una parte del sole, ma non in modo altrettanto affidabile. Per una spiegazione pi\u00f9 approfondita su tessuti e valori, leggi <a href=\"https:\/\/jointophat.com\/it\/blog\/berretto-da-baseball-impermeabile-con-protezione-uv\/\"><strong data-start=\"645\" data-end=\"762\">Protezione UV + berretto da baseball impermeabile<\/strong><\/a>.<\/p><p data-start=\"407\" data-end=\"742\">\u00c8 anche importante sapere che <strong data-start=\"440\" data-end=\"475\">l&#039;ombra non \u00e8 una protezione completa<\/strong>Anche se un cappello ti nasconde il viso, <strong data-start=\"509\" data-end=\"538\">UV diffuso e riflettente<\/strong> Possono comunque raggiungere la pelle dai lati, dal basso o rimbalzando su superfici come sabbia e acqua. Infatti, gli studi dimostrano che i cappelli da soli forniscono un fattore di protezione facciale ottimale di circa 76%, non 100%.<\/p><h2 data-start=\"0\" data-end=\"48\">Dove i cappelli da camionista sono carenti (rispetto a quelli a tesa larga)<\/h2><p><img loading=\"lazy\" decoding=\"async\" class=\"aligncenter wp-image-11591\" title=\"un uomo con un berretto da camionista\" src=\"https:\/\/jointophat.com\/wp-content\/uploads\/2025\/09\/a-man-in-a-trucker-cap-e1757642231152.webp\" alt=\"un uomo con un berretto da camionista\" width=\"500\" height=\"375\" srcset=\"https:\/\/jointophat.com\/wp-content\/uploads\/2025\/09\/a-man-in-a-trucker-cap-e1757642231152.webp 736w, https:\/\/jointophat.com\/wp-content\/uploads\/2025\/09\/a-man-in-a-trucker-cap-e1757642231152-300x225.webp 300w, https:\/\/jointophat.com\/wp-content\/uploads\/2025\/09\/a-man-in-a-trucker-cap-e1757642231152-16x12.webp 16w\" sizes=\"(max-width: 500px) 100vw, 500px\" \/><\/p><p data-start=\"50\" data-end=\"338\">I cappelli da camionista possono sembrare eleganti, ma lasciano molta pelle scoperta. <strong data-start=\"125\" data-end=\"157\">orecchie e collo rimangono esposti<\/strong>Ecco perch\u00e9 gli esperti di dermatologia affermano che i cappellini standard &quot;non sono l&#039;ideale&quot; per la protezione solare. Questo pu\u00f2 rappresentare un problema durante le lunghe attivit\u00e0 all&#039;aperto, dove l&#039;esposizione ai raggi UV si accumula rapidamente.<\/p><p data-start=\"340\" data-end=\"708\">La visiera limita anche la copertura. Un berretto da camionista <strong data-start=\"387\" data-end=\"437\">piccola punta che ombreggia principalmente il naso e la fronte<\/strong>, ma non protegge le guance, il mento o i lati del viso. Guarda come le forme della visiera cambiano la copertura in <a href=\"https:\/\/jointophat.com\/it\/blog\/cappelli-da-camionista-con-visiera-curva-vs-visiera-piatta\/\"><strong data-start=\"968\" data-end=\"1083\">cappelli da camionista con visiera curva vs. visiera piatta<\/strong><\/a>.E poich\u00e9 i pannelli posteriori e laterali sono realizzati con <strong data-start=\"553\" data-end=\"580\">rete o schiuma perforata<\/strong>I raggi UV passano facilmente. Ci\u00f2 significa che non puoi contare su di loro per una protezione completa come con un cappello a tesa larga.<\/p><ul data-start=\"710\" data-end=\"909\"><li data-start=\"710\" data-end=\"778\"><p data-start=\"712\" data-end=\"778\"><strong data-start=\"712\" data-end=\"727\">Punti deboli:<\/strong> orecchie, collo, guance e mento rimangono scoperti.<\/p><\/li><li data-start=\"779\" data-end=\"839\"><p data-start=\"781\" data-end=\"839\"><strong data-start=\"781\" data-end=\"797\">Pannelli in rete:<\/strong> lascia entrare la luce del sole invece di bloccarla.<\/p><\/li><li data-start=\"840\" data-end=\"909\"><p data-start=\"842\" data-end=\"909\"><strong data-start=\"842\" data-end=\"856\">Misura della tesa:<\/strong> Le visiere pi\u00f9 corte coprono una superficie minore rispetto ai cappelli a tesa larga.<\/p><\/li><\/ul><h2 data-start=\"0\" data-end=\"63\">Cosa consigliano le organizzazioni dermatologiche\u00a0<\/h2><p><img loading=\"lazy\" decoding=\"async\" class=\"aligncenter wp-image-11659\" title=\"Cappellino da camionista vintage nero invecchiato con retro in rete\" src=\"https:\/\/jointophat.com\/wp-content\/uploads\/2025\/09\/Distressed-black-vintage-trucker-cap-with-mesh-back.webp\" alt=\"Cappellino da camionista vintage nero invecchiato con retro in rete\" width=\"500\" height=\"343\" srcset=\"https:\/\/jointophat.com\/wp-content\/uploads\/2025\/09\/Distressed-black-vintage-trucker-cap-with-mesh-back.webp 1280w, https:\/\/jointophat.com\/wp-content\/uploads\/2025\/09\/Distressed-black-vintage-trucker-cap-with-mesh-back-300x206.webp 300w, https:\/\/jointophat.com\/wp-content\/uploads\/2025\/09\/Distressed-black-vintage-trucker-cap-with-mesh-back-1024x703.webp 1024w, https:\/\/jointophat.com\/wp-content\/uploads\/2025\/09\/Distressed-black-vintage-trucker-cap-with-mesh-back-768x527.webp 768w, https:\/\/jointophat.com\/wp-content\/uploads\/2025\/09\/Distressed-black-vintage-trucker-cap-with-mesh-back-18x12.webp 18w\" sizes=\"(max-width: 500px) 100vw, 500px\" \/><\/p><p data-start=\"65\" data-end=\"466\">Gli esperti concordano sul fatto che il giusto design del cappello fa una grande differenza nella sicurezza solare. <strong data-start=\"147\" data-end=\"173\">Fondazione per il cancro della pelle<\/strong> consiglia di scegliere un cappello con un <strong data-start=\"207\" data-end=\"241\">tesa larga di almeno 3 pollici<\/strong> tutto intorno. Se preferisci uno stile berretto, cerca un <strong data-start=\"292\" data-end=\"351\">becco lungo almeno 3 pollici con un telo permanente per il collo<\/strong> per coprire le orecchie e la nuca. Queste misure aiutano a bloccare i raggi UV diretti provenienti da diverse angolazioni.<\/p><p data-start=\"468\" data-end=\"866\">La scelta del tessuto \u00e8 importante tanto quanto la dimensione della tesa. Secondo <strong data-start=\"530\" data-end=\"548\">Harvard Health<\/strong>, strettamente intrecciato <strong data-start=\"564\" data-end=\"586\">poliestere o nylon<\/strong> I tessuti offrono una protezione UV pi\u00f9 forte rispetto alle trame larghe o alla paglia grezza. Pi\u00f9 il tessuto \u00e8 denso, meno raggi solari passano attraverso. Questo significa che i modelli in mesh leggero o ventilati, come quelli della maggior parte dei cappelli da camionista, non soddisfano le raccomandazioni professionali in materia di protezione solare.<\/p><ul data-start=\"868\" data-end=\"1096\"><li data-start=\"868\" data-end=\"929\"><p data-start=\"870\" data-end=\"929\"><strong data-start=\"870\" data-end=\"892\">La dimensione della tesa \u00e8 importante:<\/strong> almeno 3 pollici di larghezza tutt&#039;intorno.<\/p><\/li><li data-start=\"930\" data-end=\"981\"><p data-start=\"932\" data-end=\"981\"><strong data-start=\"932\" data-end=\"948\">Potenziamento del tappo:<\/strong> Visiera da 3 pollici pi\u00f9 drappeggio per il collo.<\/p><\/li><li data-start=\"982\" data-end=\"1045\"><p data-start=\"984\" data-end=\"1045\"><strong data-start=\"984\" data-end=\"1002\">Scelta del tessuto:<\/strong> il poliestere denso o il nylon bloccano maggiormente i raggi UV.<\/p><\/li><li data-start=\"1046\" data-end=\"1096\"><p data-start=\"1048\" data-end=\"1096\"><strong data-start=\"1048\" data-end=\"1058\">Evitare:<\/strong> trame aperte, paglia o pannelli a rete.<\/p><\/li><\/ul><h2 data-start=\"0\" data-end=\"51\">Quando un cappello da camionista \u00e8 \u201csufficiente\u201d (il contesto \u00e8 importante)<\/h2><p><img loading=\"lazy\" decoding=\"async\" class=\"aligncenter wp-image-9132\" title=\"amici sorridenti in primo piano con cappelli da camionista\" src=\"https:\/\/jointophat.com\/wp-content\/uploads\/2025\/04\/medium-shot-smiley-friends-with-trucker-hats-scaled.webp\" alt=\"amici sorridenti in primo piano con cappelli da camionista\" width=\"500\" height=\"333\" srcset=\"https:\/\/jointophat.com\/wp-content\/uploads\/2025\/04\/medium-shot-smiley-friends-with-trucker-hats-scaled.webp 2560w, https:\/\/jointophat.com\/wp-content\/uploads\/2025\/04\/medium-shot-smiley-friends-with-trucker-hats-300x200.webp 300w, https:\/\/jointophat.com\/wp-content\/uploads\/2025\/04\/medium-shot-smiley-friends-with-trucker-hats-1024x683.webp 1024w, https:\/\/jointophat.com\/wp-content\/uploads\/2025\/04\/medium-shot-smiley-friends-with-trucker-hats-768x512.webp 768w, https:\/\/jointophat.com\/wp-content\/uploads\/2025\/04\/medium-shot-smiley-friends-with-trucker-hats-1536x1024.webp 1536w, https:\/\/jointophat.com\/wp-content\/uploads\/2025\/04\/medium-shot-smiley-friends-with-trucker-hats-2048x1366.webp 2048w, https:\/\/jointophat.com\/wp-content\/uploads\/2025\/04\/medium-shot-smiley-friends-with-trucker-hats-18x12.webp 18w\" sizes=\"(max-width: 500px) 100vw, 500px\" \/><\/p><p data-start=\"53\" data-end=\"388\">Ci sono situazioni in cui un cappello da camionista pu\u00f2 fornire <strong data-start=\"106\" data-end=\"133\">adeguata protezione solare<\/strong>, soprattutto se lo si combina con altre misure. Ad esempio, quando il <strong data-start=\"207\" data-end=\"236\">L&#039;indice UV \u00e8 basso (inferiore a 3)<\/strong>, il rischio di danni alla pelle \u00e8 molto pi\u00f9 basso. In questi casi, la visiera di un cappellino da camionista pu\u00f2 essere sufficiente per proteggere occhi e fronte durante le uscite brevi.<\/p><p data-start=\"390\" data-end=\"684\">Un cappello da camionista pu\u00f2 funzionare anche se abbinato a <strong data-start=\"438\" data-end=\"463\">altre abitudini sicure per proteggersi dal sole<\/strong>Applicare una protezione solare sulle zone esposte, indossare occhiali da sole con filtro UV e rimanere all&#039;ombra durante le ore di punta sono tutti accorgimenti utili. Insieme, questi accorgimenti compensano le lacune nella copertura causate dalla rete e dalla tesa piccola.<\/p><ul data-start=\"686\" data-end=\"893\"><li data-start=\"686\" data-end=\"736\"><p data-start=\"688\" data-end=\"736\"><strong data-start=\"688\" data-end=\"701\">Ideale per:<\/strong> brevi pause all&#039;aperto o commissioni.<\/p><\/li><li data-start=\"737\" data-end=\"819\"><p data-start=\"739\" data-end=\"819\"><strong data-start=\"739\" data-end=\"756\">Basso indice UV:<\/strong> momenti pi\u00f9 sicuri della giornata, solitamente la mattina presto o il tardo pomeriggio.<\/p><\/li><li data-start=\"820\" data-end=\"893\"><p data-start=\"822\" data-end=\"893\"><strong data-start=\"822\" data-end=\"840\">Supporto extra:<\/strong> la protezione solare, gli occhiali da sole e l&#039;ombra riempiono gli spazi vuoti.<\/p><\/li><\/ul><h2 data-start=\"0\" data-end=\"73\">Come massimizzare la protezione solare con un cappello da camionista (aggiuntivi utili)<\/h2><p><img loading=\"lazy\" decoding=\"async\" class=\"aligncenter wp-image-8857\" title=\"cappello da camionista con visiera compressa da baseball\" src=\"https:\/\/jointophat.com\/wp-content\/uploads\/2025\/04\/view-trucker-hat-with-baseball_compressed-scaled.webp\" alt=\"guarda il cappello da camionista con baseball\" width=\"500\" height=\"334\" srcset=\"https:\/\/jointophat.com\/wp-content\/uploads\/2025\/04\/view-trucker-hat-with-baseball_compressed-scaled.webp 2560w, https:\/\/jointophat.com\/wp-content\/uploads\/2025\/04\/view-trucker-hat-with-baseball_compressed-300x200.webp 300w, https:\/\/jointophat.com\/wp-content\/uploads\/2025\/04\/view-trucker-hat-with-baseball_compressed-1024x684.webp 1024w, https:\/\/jointophat.com\/wp-content\/uploads\/2025\/04\/view-trucker-hat-with-baseball_compressed-768x513.webp 768w, https:\/\/jointophat.com\/wp-content\/uploads\/2025\/04\/view-trucker-hat-with-baseball_compressed-1536x1025.webp 1536w, https:\/\/jointophat.com\/wp-content\/uploads\/2025\/04\/view-trucker-hat-with-baseball_compressed-2048x1367.webp 2048w, https:\/\/jointophat.com\/wp-content\/uploads\/2025\/04\/view-trucker-hat-with-baseball_compressed-18x12.webp 18w\" sizes=\"(max-width: 500px) 100vw, 500px\" \/><\/p><p data-start=\"75\" data-end=\"397\">Se ti piace indossare cappelli da camionista, ci sono modi per renderli pi\u00f9 sicuri sotto il sole. Per prima cosa, cerca <strong data-start=\"174\" data-end=\"200\">Pannelli frontali con protezione UPF<\/strong> che bloccano i raggi UV in modo pi\u00f9 efficace. Evitate la schiuma perforata o i materiali leggeri che lasciano passare la luce solare. Questi miglioramenti fanno una grande differenza nella protezione effettiva offerta dal vostro berretto. Per le parti e le scelte dei pannelli che influiscono sull&#039;ombra, vedere <a href=\"https:\/\/jointophat.com\/it\/blog\/cose-un-berretto-da-camionista\/\"><strong data-start=\"1930\" data-end=\"2014\">Cos&#039;\u00e8 un cappellino da camionista?<\/strong><\/a>.\u00a0<\/p><p data-start=\"399\" data-end=\"672\">IL <strong data-start=\"403\" data-end=\"432\">lunghezza e parte inferiore del becco<\/strong> anche importante. Una visiera leggermente pi\u00f9 lunga (circa 2,75-3 pollici) mette maggiormente in ombra il viso. Scegliere un cappello con una <strong data-start=\"540\" data-end=\"559\">sottotesa scura<\/strong> Aiuta a ridurre l&#039;abbagliamento e i raggi UV che raggiungono gli occhi. Questo piccolo dettaglio pu\u00f2 migliorare il comfort e la protezione.<\/p><p data-start=\"674\" data-end=\"720\">Per una maggiore copertura, prendi in considerazione le funzionalit\u00e0 extra:<\/p><ul data-start=\"722\" data-end=\"941\"><li data-start=\"722\" data-end=\"804\"><p data-start=\"724\" data-end=\"804\"><strong data-start=\"724\" data-end=\"757\">Patta per il collo con clip o integrata<\/strong> (stile legionario) per proteggere orecchie e collo.<\/p><\/li><li data-start=\"805\" data-end=\"881\"><p data-start=\"807\" data-end=\"881\"><strong data-start=\"807\" data-end=\"835\">Protezione solare ad ampio spettro<\/strong> su tutta la pelle esposta, riapplicare come indicato.<\/p><\/li><li data-start=\"882\" data-end=\"941\"><p data-start=\"884\" data-end=\"941\"><strong data-start=\"884\" data-end=\"910\">occhiali da sole con filtro UV<\/strong> per una protezione completa degli occhi.<\/p><\/li><\/ul><p data-start=\"943\" data-end=\"1072\">Questi semplici componenti aggiuntivi assicurano che il tuo cappello da camionista funzioni come parte di un <strong data-start=\"1007\" data-end=\"1042\">strategia di protezione solare a strati<\/strong> piuttosto che restare soli.<\/p><h2 data-start=\"0\" data-end=\"62\">Cappello da camionista vs. cappello da sole vs. berretto da legionario (confronto rapido)<\/h2><p><img loading=\"lazy\" decoding=\"async\" class=\"aligncenter wp-image-11059\" title=\"Cappelli da camionista impilati e una scacchiera\" src=\"https:\/\/jointophat.com\/wp-content\/uploads\/2025\/08\/Stacked-trucker-style-performance-hats-and-a-chessboard-e1755047899126.webp\" alt=\"Cappelli da camionista impilati e una scacchiera\" width=\"500\" height=\"375\" srcset=\"https:\/\/jointophat.com\/wp-content\/uploads\/2025\/08\/Stacked-trucker-style-performance-hats-and-a-chessboard-e1755047899126.webp 768w, https:\/\/jointophat.com\/wp-content\/uploads\/2025\/08\/Stacked-trucker-style-performance-hats-and-a-chessboard-e1755047899126-300x225.webp 300w, https:\/\/jointophat.com\/wp-content\/uploads\/2025\/08\/Stacked-trucker-style-performance-hats-and-a-chessboard-e1755047899126-16x12.webp 16w\" sizes=\"(max-width: 500px) 100vw, 500px\" \/><\/p><p data-start=\"64\" data-end=\"271\">Non tutti i cappelli proteggono allo stesso modo dal sole. Ogni modello ha i suoi punti di forza e di debolezza, e la scelta giusta dipende dalla protezione di cui hai bisogno e dal luogo in cui trascorrerai il tempo all&#039;aperto.<\/p><p data-start=\"273\" data-end=\"524\">UN <strong data-start=\"275\" data-end=\"290\">cappello da camionista<\/strong> \u00e8 popolare per il raffreddamento e lo stile, ma offre solo <strong data-start=\"344\" data-end=\"366\">ombra parziale del viso<\/strong>La falda protegge gli occhi e la fronte, ma lascia scoperte orecchie e collo. Questo lo rende una scelta migliore per un abbigliamento casual che per una lunga esposizione al sole. Cerchi alternative casual a falda larga? Esplora <a href=\"https:\/\/jointophat.com\/it\/blog\/i-migliori-marchi-di-cappelli-da-pescatore\/\"><strong data-start=\"2545\" data-end=\"2643\">marche di cappelli da pescatore per la protezione solare<\/strong><\/a>.<\/p><p data-start=\"526\" data-end=\"816\">UN <strong data-start=\"528\" data-end=\"568\">cappello da sole a tesa larga (3 pollici o pi\u00f9)<\/strong> fornisce il <strong data-start=\"582\" data-end=\"609\">migliore protezione complessiva<\/strong>. Ombreggia il viso, le orecchie e il collo contemporaneamente. Se abbinato a <strong data-start=\"676\" data-end=\"697\">Tessuti con protezione UPF<\/strong>, soddisfa gli standard degli esperti in materia di protezione solare, rendendolo la scelta pi\u00f9 affidabile per gite in spiaggia, escursioni o giardinaggio.<\/p><p data-start=\"818\" data-end=\"1099\">IL <strong data-start=\"822\" data-end=\"863\">berretto da legionario o da corridore con mantello<\/strong> \u00e8 un compromesso intelligente. Combina un berretto normale con un <strong data-start=\"920\" data-end=\"942\">patta per il collo integrata<\/strong>, offrendo una copertura portatile e leggera. Questo design \u00e8 particolarmente utile per lo sport e le attivit\u00e0 all&#039;aperto in cui \u00e8 necessario sia proteggere dal sole che essere comodi.<\/p><ul data-start=\"1101\" data-end=\"1310\"><li data-start=\"1101\" data-end=\"1168\"><p data-start=\"1103\" data-end=\"1168\"><strong data-start=\"1103\" data-end=\"1119\">Cappello da camionista:<\/strong> fresco e traspirante, ma <strong data-start=\"1145\" data-end=\"1165\">copertura limitata<\/strong>.<\/p><\/li><li data-start=\"1169\" data-end=\"1235\"><p data-start=\"1171\" data-end=\"1235\"><strong data-start=\"1171\" data-end=\"1193\">Cappello da sole a tesa larga:<\/strong> massima ombra per viso, orecchie e collo.<\/p><\/li><li data-start=\"1236\" data-end=\"1310\"><p data-start=\"1238\" data-end=\"1310\"><strong data-start=\"1238\" data-end=\"1258\">Berretto del Legionario:<\/strong> opzione sportiva pratica con <strong data-start=\"1288\" data-end=\"1307\">protezione del collo<\/strong>.<\/p><\/li><\/ul><h2 data-start=\"0\" data-end=\"38\">Suggerimenti su materiali e colori (scelte rapide)<\/h2><p><img loading=\"lazy\" decoding=\"async\" class=\"aligncenter wp-image-6017\" title=\"Tre cappelli da camionista in marrone bordeaux e rosa con parte posteriore in rete\" src=\"https:\/\/jointophat.com\/wp-content\/uploads\/2025\/01\/Three-trucker-hats-in-brown_-burgundy_-and-pink-with-mesh-backs-scaled.webp\" alt=\"Tre cappelli da camionista in marrone bordeaux e rosa con parte posteriore in rete\" width=\"500\" height=\"334\" srcset=\"https:\/\/jointophat.com\/wp-content\/uploads\/2025\/01\/Three-trucker-hats-in-brown_-burgundy_-and-pink-with-mesh-backs-scaled.webp 2560w, https:\/\/jointophat.com\/wp-content\/uploads\/2025\/01\/Three-trucker-hats-in-brown_-burgundy_-and-pink-with-mesh-backs-300x200.webp 300w, https:\/\/jointophat.com\/wp-content\/uploads\/2025\/01\/Three-trucker-hats-in-brown_-burgundy_-and-pink-with-mesh-backs-1024x683.webp 1024w, https:\/\/jointophat.com\/wp-content\/uploads\/2025\/01\/Three-trucker-hats-in-brown_-burgundy_-and-pink-with-mesh-backs-768x512.webp 768w, https:\/\/jointophat.com\/wp-content\/uploads\/2025\/01\/Three-trucker-hats-in-brown_-burgundy_-and-pink-with-mesh-backs-1536x1025.webp 1536w, https:\/\/jointophat.com\/wp-content\/uploads\/2025\/01\/Three-trucker-hats-in-brown_-burgundy_-and-pink-with-mesh-backs-2048x1366.webp 2048w, https:\/\/jointophat.com\/wp-content\/uploads\/2025\/01\/Three-trucker-hats-in-brown_-burgundy_-and-pink-with-mesh-backs-18x12.webp 18w\" sizes=\"(max-width: 500px) 100vw, 500px\" \/><\/p><p data-start=\"40\" data-end=\"357\">IL <strong data-start=\"44\" data-end=\"71\">densit\u00e0 e tipo di tessuto<\/strong> del tuo cappello gioca un ruolo importante nella quantit\u00e0 di sole che blocca. Maglie dense e fibre sintetiche come <strong data-start=\"168\" data-end=\"190\">poliestere o nylon<\/strong> Di solito hanno prestazioni migliori rispetto al cotone o alla paglia sfusi. I colori pi\u00f9 scuri o addirittura brillanti possono assorbire pi\u00f9 raggi UV rispetto alle tonalit\u00e0 chiare, aggiungendo uno strato di protezione extra. Se i materiali ecologici sono importanti per te, esplora il nostro <a href=\"https:\/\/jointophat.com\/it\/blog\/cappellini-da-camionista-sostenibili\/\"><strong data-start=\"2820\" data-end=\"2909\">cappellini da camionista sostenibili<\/strong><\/a> panoramica.\u00a0<\/p><p data-start=\"359\" data-end=\"644\">D&#039;altra parte, <strong data-start=\"378\" data-end=\"399\">progetti a maglia aperta<\/strong>Come i lati della maggior parte dei cappelli da camionista, lasciano passare i raggi UV. Se il tuo obiettivo \u00e8 la protezione solare, evita la rete o la schiuma perforata. Cerca invece pannelli solidi a trama fitta per creare una barriera pi\u00f9 affidabile contro i raggi nocivi.<\/p><ul data-start=\"646\" data-end=\"823\"><li data-start=\"646\" data-end=\"703\"><p data-start=\"648\" data-end=\"703\"><strong data-start=\"648\" data-end=\"663\">Le scelte migliori:<\/strong> poliestere, nylon, maglieria di cotone denso.<\/p><\/li><li data-start=\"704\" data-end=\"760\"><p data-start=\"706\" data-end=\"760\"><strong data-start=\"706\" data-end=\"727\">Colori che aiutano:<\/strong> toni scuri o colori vivaci.<\/p><\/li><li data-start=\"761\" data-end=\"823\"><p data-start=\"763\" data-end=\"823\"><strong data-start=\"763\" data-end=\"773\">Evitare:<\/strong> maglie aperte o tessuti sottili che lasciano entrare la luce del sole.<\/p><\/li><\/ul><h2 data-start=\"0\" data-end=\"49\">Situazioni che richiedono pi\u00f9 di un semplice cappello da camionista<\/h2><p><img loading=\"lazy\" decoding=\"async\" class=\"aligncenter wp-image-6749\" title=\"Uomo che indossa un elegante berretto da camionista giallo e bianco\" src=\"https:\/\/jointophat.com\/wp-content\/uploads\/2025\/02\/Man-wearing-a-stylish-yellow-and-white-trucker-cap.webp\" alt=\"Uomo che indossa un elegante berretto da camionista giallo e bianco\" width=\"500\" height=\"281\" srcset=\"https:\/\/jointophat.com\/wp-content\/uploads\/2025\/02\/Man-wearing-a-stylish-yellow-and-white-trucker-cap.webp 2240w, https:\/\/jointophat.com\/wp-content\/uploads\/2025\/02\/Man-wearing-a-stylish-yellow-and-white-trucker-cap-300x169.webp 300w, https:\/\/jointophat.com\/wp-content\/uploads\/2025\/02\/Man-wearing-a-stylish-yellow-and-white-trucker-cap-1024x576.webp 1024w, https:\/\/jointophat.com\/wp-content\/uploads\/2025\/02\/Man-wearing-a-stylish-yellow-and-white-trucker-cap-768x432.webp 768w, https:\/\/jointophat.com\/wp-content\/uploads\/2025\/02\/Man-wearing-a-stylish-yellow-and-white-trucker-cap-1536x864.webp 1536w, https:\/\/jointophat.com\/wp-content\/uploads\/2025\/02\/Man-wearing-a-stylish-yellow-and-white-trucker-cap-2048x1152.webp 2048w, https:\/\/jointophat.com\/wp-content\/uploads\/2025\/02\/Man-wearing-a-stylish-yellow-and-white-trucker-cap-18x10.webp 18w\" sizes=\"(max-width: 500px) 100vw, 500px\" \/><\/p><p data-start=\"51\" data-end=\"429\">Un cappello da camionista pu\u00f2 andare bene per ripararsi rapidamente dall&#039;ombra, ma in certe situazioni, semplicemente non \u00e8 sufficiente. <strong data-start=\"149\" data-end=\"163\">sole di mezzogiorno<\/strong> (di solito tra le 10:00 e le 16:00) produce i livelli di UV pi\u00f9 elevati e una piccola visiera non coprir\u00e0 i lati del viso. Ambienti riflettenti come <strong data-start=\"315\" data-end=\"339\">acqua, neve o sabbia<\/strong> Inoltre, riflettono i raggi UV verso l&#039;alto, rendendo pi\u00f9 facile scottarsi anche se si indossa un cappello.<\/p><p data-start=\"431\" data-end=\"775\">Attivit\u00e0 all&#039;aperto prolungate o tempo trascorso in <strong data-start=\"472\" data-end=\"493\">posizioni ad alta esposizione ai raggi UV<\/strong>\u2014come le zone tropicali, le montagne o vicino all&#039;equatore\u2014richiedono una protezione pi\u00f9 forte. In questi casi, \u00e8 meglio passare a un <strong data-start=\"621\" data-end=\"642\">cappello da sole a tesa larga<\/strong> o aggiungi un <strong data-start=\"652\" data-end=\"668\">mantello con clip<\/strong> per il tuo cappello da camionista. Abbina sempre i cappelli con <strong data-start=\"713\" data-end=\"741\">protezione solare e occhiali da sole<\/strong> per coprire la pelle e gli occhi esposti.<\/p><ul data-start=\"777\" data-end=\"1006\"><li data-start=\"777\" data-end=\"836\"><p data-start=\"779\" data-end=\"836\"><strong data-start=\"779\" data-end=\"812\">Evita di affidarti ai cappelli da camionista<\/strong> durante le ore di punta dei raggi UV.<\/p><\/li><li data-start=\"837\" data-end=\"895\"><p data-start=\"839\" data-end=\"895\"><strong data-start=\"839\" data-end=\"861\">Protezione dell&#039;aggiornamento<\/strong> quando ci si trova vicino all&#039;acqua, alla neve o alla sabbia.<\/p><\/li><li data-start=\"896\" data-end=\"949\"><p data-start=\"898\" data-end=\"949\"><strong data-start=\"898\" data-end=\"929\">Utilizzare cappelli a tesa larga o mantelli<\/strong> nelle zone ad alta esposizione ai raggi UV.<\/p><\/li><li data-start=\"950\" data-end=\"1006\"><p data-start=\"952\" data-end=\"1006\"><strong data-start=\"952\" data-end=\"985\">Abbinare agli occhiali da sole con SPF +<\/strong> per una copertura completa.<\/p><\/li><\/ul><h2 data-start=\"0\" data-end=\"26\">Pronti per iniziare?<\/h2><p><img loading=\"lazy\" decoding=\"async\" class=\"aligncenter wp-image-6016\" title=\"coppia di skater che indossano un cappello da camionista\" src=\"https:\/\/jointophat.com\/wp-content\/uploads\/2025\/01\/skater-couple-wearing-trucker-hat-scaled.webp\" alt=\"coppia di skater che indossano un cappello da camionista\" width=\"500\" height=\"333\" srcset=\"https:\/\/jointophat.com\/wp-content\/uploads\/2025\/01\/skater-couple-wearing-trucker-hat-scaled.webp 2560w, https:\/\/jointophat.com\/wp-content\/uploads\/2025\/01\/skater-couple-wearing-trucker-hat-300x200.webp 300w, https:\/\/jointophat.com\/wp-content\/uploads\/2025\/01\/skater-couple-wearing-trucker-hat-1024x683.webp 1024w, https:\/\/jointophat.com\/wp-content\/uploads\/2025\/01\/skater-couple-wearing-trucker-hat-768x512.webp 768w, https:\/\/jointophat.com\/wp-content\/uploads\/2025\/01\/skater-couple-wearing-trucker-hat-1536x1024.webp 1536w, https:\/\/jointophat.com\/wp-content\/uploads\/2025\/01\/skater-couple-wearing-trucker-hat-2048x1365.webp 2048w, https:\/\/jointophat.com\/wp-content\/uploads\/2025\/01\/skater-couple-wearing-trucker-hat-18x12.webp 18w\" sizes=\"(max-width: 500px) 100vw, 500px\" \/><\/p><p data-start=\"28\" data-end=\"345\">Creare <strong data-start=\"35\" data-end=\"58\">cappelli da camionista personalizzati<\/strong> che combinano lo stile con una protezione solare pi\u00f9 intelligente. Aggiorna i design classici con <strong data-start=\"136\" data-end=\"195\">Tessuti con protezione UPF, tese pi\u00f9 lunghe e patte con clip per il collo<\/strong> per bilanciare traspirabilit\u00e0 e protezione dai raggi UV. Aggiungi dettagli come sottotesa scura, fasce traspiranti e pannelli leggeri per un comfort che dura tutto il giorno all&#039;aria aperta.<\/p><p data-start=\"347\" data-end=\"678\">A <a href=\"https:\/\/jointophat.com\/it\/\"><strong data-start=\"350\" data-end=\"361\">Unisciti a Top<\/strong><\/a>, supportiamo servizi OEM\/ODM completi con stabilimenti partner in Cina, Bangladesh e Vietnam. Offriamo campionature rapide, prezzi equi e ordini flessibili per soddisfare le esigenze del vostro progetto. <a href=\"https:\/\/jointophat.com\/it\/contattaci\/\"><strong data-start=\"545\" data-end=\"565\">Contattaci oggi<\/strong><\/a> per richiedere campioni, scoprire stili protettivi e iniziare il tuo progetto personalizzato di cappellino da camionista in tutta sicurezza.<\/p>\t\t\t\t\t\t\t\t<\/div>\n\t\t\t\t<\/div>\n\t\t\t\t<div class=\"elementor-element elementor-element-12c9851 elementor-widget elementor-widget-heading\" data-id=\"12c9851\" data-element_type=\"widget\" data-widget_type=\"heading.default\">\n\t\t\t\t<div class=\"elementor-widget-container\">\n\t\t\t\t\t<h2 class=\"elementor-heading-title elementor-size-default\">Domande frequenti<\/h2>\t\t\t\t<\/div>\n\t\t\t\t<\/div>\n\t\t\t\t<div class=\"elementor-element elementor-element-ceb339d elementor-widget elementor-widget-n-accordion\" data-id=\"ceb339d\" data-element_type=\"widget\" data-settings=\"{&quot;default_state&quot;:&quot;expanded&quot;,&quot;max_items_expended&quot;:&quot;one&quot;,&quot;n_accordion_animation_duration&quot;:{&quot;unit&quot;:&quot;ms&quot;,&quot;size&quot;:400,&quot;sizes&quot;:[]}}\" data-widget_type=\"nested-accordion.default\">\n\t\t\t\t<div class=\"elementor-widget-container\">\n\t\t\t\t\t\t\t<div class=\"e-n-accordion\" aria-label=\"Fisarmonica. Apri i link con Invio o Spazio, chiudi con Esc e naviga con i tasti freccia\">\n\t\t\t\t\t\t<details id=\"e-n-accordion-item-2160\" class=\"e-n-accordion-item\" open>\n\t\t\t\t<summary class=\"e-n-accordion-item-title\" data-accordion-index=\"1\" tabindex=\"0\" aria-expanded=\"true\" aria-controls=\"e-n-accordion-item-2160\" >\n\t\t\t\t\t<span class='e-n-accordion-item-title-header'><div class=\"e-n-accordion-item-title-text\"> Posso rendere un cappellino da camionista pi\u00f9 protettivo senza cambiarne l&#039;aspetto? <\/div><\/span>\n\t\t\t\t\t\t\t<span class='e-n-accordion-item-title-icon'>\n\t\t\t<span class='e-opened' ><svg aria-hidden=\"true\" class=\"e-font-icon-svg e-fas-minus\" viewbox=\"0 0 448 512\" xmlns=\"http:\/\/www.w3.org\/2000\/svg\"><path d=\"M416 208H32c-17.67 0-32 14.33-32 32v32c0 17.67 14.33 32 32 32h384c17.67 0 32-14.33 32-32v-32c0-17.67-14.33-32-32-32z\"><\/path><\/svg><\/span>\n\t\t\t<span class='e-closed'><svg aria-hidden=\"true\" class=\"e-font-icon-svg e-fas-plus\" viewbox=\"0 0 448 512\" xmlns=\"http:\/\/www.w3.org\/2000\/svg\"><path d=\"M416 208H272V64c0-17.67-14.33-32-32-32h-32c-17.67 0-32 14.33-32 32v144H32c-17.67 0-32 14.33-32 32v32c0 17.67 14.33 32 32 32h144v144c0 17.67 14.33 32 32 32h32c17.67 0 32-14.33 32-32V304h144c17.67 0 32-14.33 32-32v-32c0-17.67-14.33-32-32-32z\"><\/path><\/svg><\/span>\n\t\t<\/span>\n\n\t\t\t\t\t\t<\/summary>\n\t\t\t\t<div role=\"region\" aria-labelledby=\"e-n-accordion-item-2160\" class=\"elementor-element elementor-element-3020779 e-con-full e-flex e-con e-child\" data-id=\"3020779\" data-element_type=\"container\">\n\t\t\t\t<div class=\"elementor-element elementor-element-a435fc3 elementor-widget elementor-widget-text-editor\" data-id=\"a435fc3\" data-element_type=\"widget\" data-widget_type=\"text-editor.default\">\n\t\t\t\t<div class=\"elementor-widget-container\">\n\t\t\t\t\t\t\t\t\t<p>S\u00ec. Puoi aggiungere una clip <strong data-start=\"113\" data-end=\"126\">lembo del collo<\/strong>, utilizzo <strong data-start=\"132\" data-end=\"152\">Pannelli con protezione UPF<\/strong>e scegli una visiera leggermente pi\u00f9 lunga. Questi aggiornamenti mantengono il look classico, migliorando al contempo la protezione solare.<\/p>\t\t\t\t\t\t\t\t<\/div>\n\t\t\t\t<\/div>\n\t\t\t\t<\/div>\n\t\t\t\t\t<\/details>\n\t\t\t\t\t\t<details id=\"e-n-accordion-item-2161\" class=\"e-n-accordion-item\" >\n\t\t\t\t<summary class=\"e-n-accordion-item-title\" data-accordion-index=\"2\" tabindex=\"-1\" aria-expanded=\"false\" aria-controls=\"e-n-accordion-item-2161\" >\n\t\t\t\t\t<span class='e-n-accordion-item-title-header'><div class=\"e-n-accordion-item-title-text\"> I colori pi\u00f9 scuri proteggono sempre meglio di quelli pi\u00f9 chiari? <\/div><\/span>\n\t\t\t\t\t\t\t<span class='e-n-accordion-item-title-icon'>\n\t\t\t<span class='e-opened' ><svg aria-hidden=\"true\" class=\"e-font-icon-svg e-fas-minus\" viewbox=\"0 0 448 512\" xmlns=\"http:\/\/www.w3.org\/2000\/svg\"><path d=\"M416 208H32c-17.67 0-32 14.33-32 32v32c0 17.67 14.33 32 32 32h384c17.67 0 32-14.33 32-32v-32c0-17.67-14.33-32-32-32z\"><\/path><\/svg><\/span>\n\t\t\t<span class='e-closed'><svg aria-hidden=\"true\" class=\"e-font-icon-svg e-fas-plus\" viewbox=\"0 0 448 512\" xmlns=\"http:\/\/www.w3.org\/2000\/svg\"><path d=\"M416 208H272V64c0-17.67-14.33-32-32-32h-32c-17.67 0-32 14.33-32 32v144H32c-17.67 0-32 14.33-32 32v32c0 17.67 14.33 32 32 32h144v144c0 17.67 14.33 32 32 32h32c17.67 0 32-14.33 32-32V304h144c17.67 0 32-14.33 32-32v-32c0-17.67-14.33-32-32-32z\"><\/path><\/svg><\/span>\n\t\t<\/span>\n\n\t\t\t\t\t\t<\/summary>\n\t\t\t\t<div role=\"region\" aria-labelledby=\"e-n-accordion-item-2161\" class=\"elementor-element elementor-element-4cfa636 e-con-full e-flex e-con e-child\" data-id=\"4cfa636\" data-element_type=\"container\">\n\t\t\t\t<div class=\"elementor-element elementor-element-201f38c elementor-widget elementor-widget-text-editor\" data-id=\"201f38c\" data-element_type=\"widget\" data-widget_type=\"text-editor.default\">\n\t\t\t\t<div class=\"elementor-widget-container\">\n\t\t\t\t\t\t\t\t\t<p>In generale, i colori pi\u00f9 scuri o brillanti bloccano maggiormente i raggi UV rispetto alle tonalit\u00e0 chiare. Ma la protezione dipende anche da <strong data-start=\"423\" data-end=\"451\">densit\u00e0 e trama del tessuto<\/strong>, non solo il colore.<\/p>\t\t\t\t\t\t\t\t<\/div>\n\t\t\t\t<\/div>\n\t\t\t\t<\/div>\n\t\t\t\t\t<\/details>\n\t\t\t\t\t\t<details id=\"e-n-accordion-item-2162\" class=\"e-n-accordion-item\" >\n\t\t\t\t<summary class=\"e-n-accordion-item-title\" data-accordion-index=\"3\" tabindex=\"-1\" aria-expanded=\"false\" aria-controls=\"e-n-accordion-item-2162\" >\n\t\t\t\t\t<span class='e-n-accordion-item-title-header'><div class=\"e-n-accordion-item-title-text\"> I cappelli da camionista sono sicuri per i bambini esposti al sole forte? <\/div><\/span>\n\t\t\t\t\t\t\t<span class='e-n-accordion-item-title-icon'>\n\t\t\t<span class='e-opened' ><svg aria-hidden=\"true\" class=\"e-font-icon-svg e-fas-minus\" viewbox=\"0 0 448 512\" xmlns=\"http:\/\/www.w3.org\/2000\/svg\"><path d=\"M416 208H32c-17.67 0-32 14.33-32 32v32c0 17.67 14.33 32 32 32h384c17.67 0 32-14.33 32-32v-32c0-17.67-14.33-32-32-32z\"><\/path><\/svg><\/span>\n\t\t\t<span class='e-closed'><svg aria-hidden=\"true\" class=\"e-font-icon-svg e-fas-plus\" viewbox=\"0 0 448 512\" xmlns=\"http:\/\/www.w3.org\/2000\/svg\"><path d=\"M416 208H272V64c0-17.67-14.33-32-32-32h-32c-17.67 0-32 14.33-32 32v144H32c-17.67 0-32 14.33-32 32v32c0 17.67 14.33 32 32 32h144v144c0 17.67 14.33 32 32 32h32c17.67 0 32-14.33 32-32V304h144c17.67 0 32-14.33 32-32v-32c0-17.67-14.33-32-32-32z\"><\/path><\/svg><\/span>\n\t\t<\/span>\n\n\t\t\t\t\t\t<\/summary>\n\t\t\t\t<div role=\"region\" aria-labelledby=\"e-n-accordion-item-2162\" class=\"elementor-element elementor-element-818c3bf e-con-full e-flex e-con e-child\" data-id=\"818c3bf\" data-element_type=\"container\">\n\t\t\t\t<div class=\"elementor-element elementor-element-c6afe31 elementor-widget elementor-widget-text-editor\" data-id=\"c6afe31\" data-element_type=\"widget\" data-widget_type=\"text-editor.default\">\n\t\t\t\t<div class=\"elementor-widget-container\">\n\t\t\t\t\t\t\t\t\t<p>Non da soli. La pelle dei bambini \u00e8 pi\u00f9 sensibile ai danni dei raggi UV, quindi abbina un cappello da camionista con <strong data-start=\"620\" data-end=\"656\">protezione solare, occhiali da sole e ombra<\/strong> oppure passare a un cappello da sole a tesa larga.<\/p>\t\t\t\t\t\t\t\t<\/div>\n\t\t\t\t<\/div>\n\t\t\t\t<\/div>\n\t\t\t\t\t<\/details>\n\t\t\t\t\t\t<details id=\"e-n-accordion-item-2163\" class=\"e-n-accordion-item\" >\n\t\t\t\t<summary class=\"e-n-accordion-item-title\" data-accordion-index=\"4\" tabindex=\"-1\" aria-expanded=\"false\" aria-controls=\"e-n-accordion-item-2163\" >\n\t\t\t\t\t<span class='e-n-accordion-item-title-header'><div class=\"e-n-accordion-item-title-text\"> I danni causati dai raggi UV riflettenti possono verificarsi anche se mi siedo all&#039;ombra? <\/div><\/span>\n\t\t\t\t\t\t\t<span class='e-n-accordion-item-title-icon'>\n\t\t\t<span class='e-opened' ><svg aria-hidden=\"true\" class=\"e-font-icon-svg e-fas-minus\" viewbox=\"0 0 448 512\" xmlns=\"http:\/\/www.w3.org\/2000\/svg\"><path d=\"M416 208H32c-17.67 0-32 14.33-32 32v32c0 17.67 14.33 32 32 32h384c17.67 0 32-14.33 32-32v-32c0-17.67-14.33-32-32-32z\"><\/path><\/svg><\/span>\n\t\t\t<span class='e-closed'><svg aria-hidden=\"true\" class=\"e-font-icon-svg e-fas-plus\" viewbox=\"0 0 448 512\" xmlns=\"http:\/\/www.w3.org\/2000\/svg\"><path d=\"M416 208H272V64c0-17.67-14.33-32-32-32h-32c-17.67 0-32 14.33-32 32v144H32c-17.67 0-32 14.33-32 32v32c0 17.67 14.33 32 32 32h144v144c0 17.67 14.33 32 32 32h32c17.67 0 32-14.33 32-32V304h144c17.67 0 32-14.33 32-32v-32c0-17.67-14.33-32-32-32z\"><\/path><\/svg><\/span>\n\t\t<\/span>\n\n\t\t\t\t\t\t<\/summary>\n\t\t\t\t<div role=\"region\" aria-labelledby=\"e-n-accordion-item-2163\" class=\"elementor-element elementor-element-c51f9f8 e-flex e-con-boxed e-con e-child\" data-id=\"c51f9f8\" data-element_type=\"container\">\n\t\t\t\t\t<div class=\"e-con-inner\">\n\t\t\t\t<div class=\"elementor-element elementor-element-b21635a elementor-widget elementor-widget-text-editor\" data-id=\"b21635a\" data-element_type=\"widget\" data-widget_type=\"text-editor.default\">\n\t\t\t\t<div class=\"elementor-widget-container\">\n\t\t\t\t\t\t\t\t\t<p>S\u00ec. I raggi UV possono <strong data-start=\"778\" data-end=\"817\">rimbalzare sulla sabbia, sull&#039;acqua o sul cemento<\/strong> e comunque raggiungono la pelle. Ecco perch\u00e9 cappelli, crema solare e indumenti protettivi funzionano meglio insieme.<\/p>\t\t\t\t\t\t\t\t<\/div>\n\t\t\t\t<\/div>\n\t\t\t\t\t<\/div>\n\t\t\t\t<\/div>\n\t\t\t\t\t<\/details>\n\t\t\t\t\t\t<details id=\"e-n-accordion-item-2164\" class=\"e-n-accordion-item\" >\n\t\t\t\t<summary class=\"e-n-accordion-item-title\" data-accordion-index=\"5\" tabindex=\"-1\" aria-expanded=\"false\" aria-controls=\"e-n-accordion-item-2164\" >\n\t\t\t\t\t<span class='e-n-accordion-item-title-header'><div class=\"e-n-accordion-item-title-text\"> Con quale frequenza dovrei riapplicare la protezione solare se indosso un cappello? <\/div><\/span>\n\t\t\t\t\t\t\t<span class='e-n-accordion-item-title-icon'>\n\t\t\t<span class='e-opened' ><svg aria-hidden=\"true\" class=\"e-font-icon-svg e-fas-minus\" viewbox=\"0 0 448 512\" xmlns=\"http:\/\/www.w3.org\/2000\/svg\"><path d=\"M416 208H32c-17.67 0-32 14.33-32 32v32c0 17.67 14.33 32 32 32h384c17.67 0 32-14.33 32-32v-32c0-17.67-14.33-32-32-32z\"><\/path><\/svg><\/span>\n\t\t\t<span class='e-closed'><svg aria-hidden=\"true\" class=\"e-font-icon-svg e-fas-plus\" viewbox=\"0 0 448 512\" xmlns=\"http:\/\/www.w3.org\/2000\/svg\"><path d=\"M416 208H272V64c0-17.67-14.33-32-32-32h-32c-17.67 0-32 14.33-32 32v144H32c-17.67 0-32 14.33-32 32v32c0 17.67 14.33 32 32 32h144v144c0 17.67 14.33 32 32 32h32c17.67 0 32-14.33 32-32V304h144c17.67 0 32-14.33 32-32v-32c0-17.67-14.33-32-32-32z\"><\/path><\/svg><\/span>\n\t\t<\/span>\n\n\t\t\t\t\t\t<\/summary>\n\t\t\t\t<div role=\"region\" aria-labelledby=\"e-n-accordion-item-2164\" class=\"elementor-element elementor-element-a012f36 e-flex e-con-boxed e-con e-child\" data-id=\"a012f36\" data-element_type=\"container\">\n\t\t\t\t\t<div class=\"e-con-inner\">\n\t\t\t\t<div class=\"elementor-element elementor-element-b9e9a77 elementor-widget elementor-widget-text-editor\" data-id=\"b9e9a77\" data-element_type=\"widget\" data-widget_type=\"text-editor.default\">\n\t\t\t\t<div class=\"elementor-widget-container\">\n\t\t\t\t\t\t\t\t\t<p>Ogni <strong data-start=\"992\" data-end=\"1005\">due ore<\/strong>o pi\u00f9 spesso se si suda o si nuota. Un cappello riduce l&#039;esposizione, ma la protezione solare \u00e8 comunque necessaria per le zone scoperte.<\/p>\t\t\t\t\t\t\t\t<\/div>\n\t\t\t\t<\/div>\n\t\t\t\t\t<\/div>\n\t\t\t\t<\/div>\n\t\t\t\t\t<\/details>\n\t\t\t\t\t<\/div>\n\t\t\t\t\t\t<\/div>\n\t\t\t\t<\/div>\n\t\t\t\t\t<\/div>\n\t\t\t\t<\/div>\n\t\t\t\t<\/div>","protected":false},"excerpt":{"rendered":"<p>I cappelli da camionista bloccano parzialmente il sole grazie alla falda frontale, ma lasciano scoperte orecchie, collo e lati. Per una protezione completa dai raggi UV, applica una protezione solare o opta per modelli a falda larga.<\/p>","protected":false},"author":3,"featured_media":9739,"comment_status":"open","ping_status":"open","sticky":false,"template":"","format":"standard","meta":{"_monsterinsights_skip_tracking":false,"_monsterinsights_sitenote_active":false,"_monsterinsights_sitenote_note":"","_monsterinsights_sitenote_category":0,"footnotes":""},"categories":[14],"tags":[16],"class_list":["post-12278","post","type-post","status-publish","format-standard","has-post-thumbnail","hentry","category-blog","tag-trucker-hats"],"_links":{"self":[{"href":"https:\/\/jointophat.com\/it\/wp-json\/wp\/v2\/posts\/12278","targetHints":{"allow":["GET"]}}],"collection":[{"href":"https:\/\/jointophat.com\/it\/wp-json\/wp\/v2\/posts"}],"about":[{"href":"https:\/\/jointophat.com\/it\/wp-json\/wp\/v2\/types\/post"}],"author":[{"embeddable":true,"href":"https:\/\/jointophat.com\/it\/wp-json\/wp\/v2\/users\/3"}],"replies":[{"embeddable":true,"href":"https:\/\/jointophat.com\/it\/wp-json\/wp\/v2\/comments?post=12278"}],"version-history":[{"count":32,"href":"https:\/\/jointophat.com\/it\/wp-json\/wp\/v2\/posts\/12278\/revisions"}],"predecessor-version":[{"id":12405,"href":"https:\/\/jointophat.com\/it\/wp-json\/wp\/v2\/posts\/12278\/revisions\/12405"}],"wp:featuredmedia":[{"embeddable":true,"href":"https:\/\/jointophat.com\/it\/wp-json\/wp\/v2\/media\/9739"}],"wp:attachment":[{"href":"https:\/\/jointophat.com\/it\/wp-json\/wp\/v2\/media?parent=12278"}],"wp:term":[{"taxonomy":"category","embeddable":true,"href":"https:\/\/jointophat.com\/it\/wp-json\/wp\/v2\/categories?post=12278"},{"taxonomy":"post_tag","embeddable":true,"href":"https:\/\/jointophat.com\/it\/wp-json\/wp\/v2\/tags?post=12278"}],"curies":[{"name":"scrivere","href":"https:\/\/api.w.org\/{rel}","templated":true}]}}