{"id":3900,"date":"2024-11-15T02:13:44","date_gmt":"2024-11-15T02:13:44","guid":{"rendered":"https:\/\/jointophat.com\/?p=3900"},"modified":"2025-04-17T08:51:13","modified_gmt":"2025-04-17T08:51:13","slug":"migliori-cappelli-estivi-per-uomo","status":"publish","type":"post","link":"https:\/\/jointophat.com\/it\/blog\/migliori-cappelli-estivi-per-uomo\/","title":{"rendered":"I migliori cappelli estivi per uomo 2024"},"content":{"rendered":"<div data-elementor-type=\"wp-post\" data-elementor-id=\"3900\" class=\"elementor elementor-3900\" data-elementor-post-type=\"post\">\n\t\t\t\t<div class=\"elementor-element elementor-element-ab2cff3 e-flex e-con-boxed e-con e-parent\" data-id=\"ab2cff3\" data-element_type=\"container\">\n\t\t\t\t\t<div class=\"e-con-inner\">\n\t\t\t\t<div class=\"elementor-element elementor-element-b6c7691 elementor-widget elementor-widget-text-editor\" data-id=\"b6c7691\" data-element_type=\"widget\" data-widget_type=\"text-editor.default\">\n\t\t\t\t<div class=\"elementor-widget-container\">\n\t\t\t\t\t\t\t\t\t<p>L&#039;estate significa essere alla moda e al tempo stesso protetti. Con l&#039;aumento delle temperature, proteggere la testa dai raggi solari nocivi \u00e8 in cima alla lista. Un buon cappello non solo protegge la pelle e il cuoio capelluto, ma anche il tuo stile.\u00a0<\/p><p>Questa guida copre i migliori cappelli estivi per uomo per stile, comfort e funzionalit\u00e0. Esamineremo diversi stili di cappelli, da quelli classici a quelli alla moda, per trovare il cappello perfetto per i tuoi gusti. Che tu stia oziando in spiaggia, esplorando la citt\u00e0 o vivendo avventure all&#039;aria aperta, ti copriremo.<\/p><p><img fetchpriority=\"high\" decoding=\"async\" class=\"aligncenter wp-image-3692\" title=\"Persona con cappello nero e abito che guarda lontano\" src=\"https:\/\/jointophat.com\/wp-content\/uploads\/2024\/11\/Person-in-black-hat-and-suit-facing-away.webp\" alt=\"Persona con cappello nero e abito che guarda lontano\" width=\"400\" height=\"400\" srcset=\"https:\/\/jointophat.com\/wp-content\/uploads\/2024\/11\/Person-in-black-hat-and-suit-facing-away.webp 1237w, https:\/\/jointophat.com\/wp-content\/uploads\/2024\/11\/Person-in-black-hat-and-suit-facing-away-300x300.webp 300w, https:\/\/jointophat.com\/wp-content\/uploads\/2024\/11\/Person-in-black-hat-and-suit-facing-away-1024x1024.webp 1024w, https:\/\/jointophat.com\/wp-content\/uploads\/2024\/11\/Person-in-black-hat-and-suit-facing-away-150x150.webp 150w, https:\/\/jointophat.com\/wp-content\/uploads\/2024\/11\/Person-in-black-hat-and-suit-facing-away-768x767.webp 768w, https:\/\/jointophat.com\/wp-content\/uploads\/2024\/11\/Person-in-black-hat-and-suit-facing-away-12x12.webp 12w\" sizes=\"(max-width: 400px) 100vw, 400px\" \/><\/p><h2>Perch\u00e9 i cappelli estivi?<\/h2><p>Proteggersi dai raggi nocivi del sole \u00e8 fondamentale per la salute della pelle e il benessere generale. I cappelli estivi proteggono la testa, il viso e il collo dall&#039;esposizione al sole e dai suoi <a href=\"https:\/\/www.who.int\/news-room\/questions-and-answers\/item\/radiation-the-known-health-effects-of-ultraviolet-radiation\" target=\"_blank\" rel=\"noopener\">Raggi UV<\/a>Ci\u00f2 riduce ulteriormente il rischio di scottature, cancro della pelle e invecchiamento precoce.\u00a0<\/p><p>L&#039;esposizione prolungata al sole pu\u00f2 causare una moltitudine di problemi alla pelle, dalle rughe alle macchie senili fino al cancro della pelle.\u00a0<\/p><p>Indossando un cappello, crei una barriera contro i cattivi raggi UV. Oltre alla protezione solare, un buon cappello contribuisce anche al tuo comfort quando fa caldo.<\/p><p><img decoding=\"async\" class=\"aligncenter wp-image-3706 size-full\" title=\"Giovane uomo con berretto giallo che guarda a sinistra pensieroso\" src=\"https:\/\/jointophat.com\/wp-content\/uploads\/2024\/11\/Young-man-in-yellow-cap-looking-to-the-left-thoughtful.webp\" alt=\"Giovane uomo con berretto giallo che guarda a sinistra pensieroso\" width=\"474\" height=\"471\" srcset=\"https:\/\/jointophat.com\/wp-content\/uploads\/2024\/11\/Young-man-in-yellow-cap-looking-to-the-left-thoughtful.webp 474w, https:\/\/jointophat.com\/wp-content\/uploads\/2024\/11\/Young-man-in-yellow-cap-looking-to-the-left-thoughtful-300x298.webp 300w, https:\/\/jointophat.com\/wp-content\/uploads\/2024\/11\/Young-man-in-yellow-cap-looking-to-the-left-thoughtful-150x150.webp 150w, https:\/\/jointophat.com\/wp-content\/uploads\/2024\/11\/Young-man-in-yellow-cap-looking-to-the-left-thoughtful-12x12.webp 12w\" sizes=\"(max-width: 474px) 100vw, 474px\" \/><\/p><p>Il sole pu\u00f2 aumentare la temperatura corporea, provocando colpi di calore, disidratazione e affaticamento.\u00a0<\/p><p>Un cappello protegge la testa, aiuta a regolare la temperatura corporea e previene il surriscaldamento. I cappelli proteggono i capelli dagli effetti disidratanti del sole. In questo modo, i cappelli mantengono i capelli sani e prevengono lo sbiadimento del colore.<\/p><p>Sebbene la funzionalit\u00e0 sia fondamentale, un buon cappello pu\u00f2 anche essere un booster di stile. Un cappello ben scelto pu\u00f2 abbinarsi al tuo outfit, aumentare la tua sicurezza e il tuo aspetto generale. Che ti piaccia un classico fedora o un trendy bucket hat, ce n&#039;\u00e8 uno adatto al tuo stile.\u00a0<\/p><p>Dando priorit\u00e0 alla protezione solare e scegliendo un cappello che si adatti al tuo stile, potrai goderti i mesi estivi con sicurezza e comodit\u00e0.<\/p><h2>Cappelli estivi per uomo<\/h2><p>Scegliere il copricapo giusto per l&#039;estate \u00e8 tutta una questione di stile e funzionalit\u00e0. Con cos\u00ec tante opzioni disponibili, pu\u00f2 essere difficile.<\/p><p>Questa sezione presenta i cappelli estivi pi\u00f9 gettonati per gli uomini, con caratteristiche, consigli di stile e quando indossarli.<\/p><p><img decoding=\"async\" class=\"aligncenter wp-image-3899\" title=\"Collezione di cappelli e berretti estivi colorati in mostra\" src=\"https:\/\/jointophat.com\/wp-content\/uploads\/2024\/11\/Collection-of-colorful-summer-fedoras-and-caps-on-display.webp\" alt=\"Collezione di cappelli e berretti estivi colorati in mostra\" width=\"600\" height=\"300\" srcset=\"https:\/\/jointophat.com\/wp-content\/uploads\/2024\/11\/Collection-of-colorful-summer-fedoras-and-caps-on-display.webp 1200w, https:\/\/jointophat.com\/wp-content\/uploads\/2024\/11\/Collection-of-colorful-summer-fedoras-and-caps-on-display-300x150.webp 300w, https:\/\/jointophat.com\/wp-content\/uploads\/2024\/11\/Collection-of-colorful-summer-fedoras-and-caps-on-display-1024x512.webp 1024w, https:\/\/jointophat.com\/wp-content\/uploads\/2024\/11\/Collection-of-colorful-summer-fedoras-and-caps-on-display-768x384.webp 768w, https:\/\/jointophat.com\/wp-content\/uploads\/2024\/11\/Collection-of-colorful-summer-fedoras-and-caps-on-display-18x9.webp 18w\" sizes=\"(max-width: 600px) 100vw, 600px\" \/><\/p><h3>Fedora<\/h3><p>Il fedora, un classico, \u00e8 di classe e cool. \u00c8 per tutte le occasioni, formali o casual. Il fedora \u00e8 disponibile in 3 stili: il fedora tradizionale, il trilby pi\u00f9 corto e il Panama leggero, ognuno con il suo look.\u00a0<\/p><p>Per lo stile, indossa una camicia impeccabile e pantaloni su misura per un look elegante o un outfit casual per un&#039;atmosfera rilassata. \u00c8 un capo essenziale per il guardaroba dell&#039;uomo moderno. Oltre al suo aspetto, il fedora ha dei vantaggi pratici.\u00a0<\/p><p><img loading=\"lazy\" decoding=\"async\" class=\"aligncenter wp-image-3898\" title=\"Uomo con cappello di feltro grigio con fascia nera su sfondo semplice\" src=\"https:\/\/jointophat.com\/wp-content\/uploads\/2024\/11\/Man-in-gray-felt-fedora-with-black-band-on-plain-background.webp\" alt=\"Uomo con cappello di feltro grigio con fascia nera su sfondo semplice\" width=\"500\" height=\"500\" srcset=\"https:\/\/jointophat.com\/wp-content\/uploads\/2024\/11\/Man-in-gray-felt-fedora-with-black-band-on-plain-background.webp 1588w, https:\/\/jointophat.com\/wp-content\/uploads\/2024\/11\/Man-in-gray-felt-fedora-with-black-band-on-plain-background-300x300.webp 300w, https:\/\/jointophat.com\/wp-content\/uploads\/2024\/11\/Man-in-gray-felt-fedora-with-black-band-on-plain-background-1024x1024.webp 1024w, https:\/\/jointophat.com\/wp-content\/uploads\/2024\/11\/Man-in-gray-felt-fedora-with-black-band-on-plain-background-150x150.webp 150w, https:\/\/jointophat.com\/wp-content\/uploads\/2024\/11\/Man-in-gray-felt-fedora-with-black-band-on-plain-background-768x768.webp 768w, https:\/\/jointophat.com\/wp-content\/uploads\/2024\/11\/Man-in-gray-felt-fedora-with-black-band-on-plain-background-1536x1536.webp 1536w, https:\/\/jointophat.com\/wp-content\/uploads\/2024\/11\/Man-in-gray-felt-fedora-with-black-band-on-plain-background-12x12.webp 12w\" sizes=\"(max-width: 500px) 100vw, 500px\" \/><\/p><p>La tesa ombreggia il viso, proteggendo la pelle dai raggi UV. Inoltre, il fedora pu\u00f2 essere indossato con tantissimi outfit; \u00e8 un accessorio senza stagione.<\/p><p>Che siate a una festa in giardino o in esplorazione della citt\u00e0, il cappello fedora aggiunge un tocco di glamour al vostro look generale.<\/p><h3>Berretto da baseball<\/h3><p>IL <a href=\"https:\/\/jointophat.com\/it\/produttore-di-tappi\/berretto-da-baseball\/\" target=\"_blank\" rel=\"noopener\">berretto da baseball<\/a> \u00e8 la scelta classica migliore per un look casual e sportivo. Comodo e pratico, \u00e8 per uomini di tutte le et\u00e0.<\/p><p>Scegli tra visiera curva, visiera piatta, snapback o regolabile per trovare il cappellino perfetto.<\/p><p><img loading=\"lazy\" decoding=\"async\" class=\"aligncenter wp-image-3527\" title=\"Tre cappellini da baseball blu impilati su una superficie piastrellata\" src=\"https:\/\/jointophat.com\/wp-content\/uploads\/2024\/10\/Three-stacked-blue-baseball-caps-on-a-tiled-surface.webp\" alt=\"Tre cappellini da baseball blu impilati su una superficie piastrellata\" width=\"500\" height=\"333\" srcset=\"https:\/\/jointophat.com\/wp-content\/uploads\/2024\/10\/Three-stacked-blue-baseball-caps-on-a-tiled-surface.webp 750w, https:\/\/jointophat.com\/wp-content\/uploads\/2024\/10\/Three-stacked-blue-baseball-caps-on-a-tiled-surface-300x200.webp 300w, https:\/\/jointophat.com\/wp-content\/uploads\/2024\/10\/Three-stacked-blue-baseball-caps-on-a-tiled-surface-18x12.webp 18w\" sizes=\"(max-width: 500px) 100vw, 500px\" \/><\/p><p>Scegli un colore neutro come il nero per uno styling facile, oppure fai una dichiarazione con colori audaci. Puoi indossare jeans insieme a una t-shirt per un look classico e rilassato. Un&#039;altra opzione \u00e8 una polo e dei pantaloni chino per un look pi\u00f9 raffinato.<\/p><p>Che tu sia all&#039;aria aperta, a sbrigare commissioni o semplicemente a rilassarti, il cappellino da baseball \u00e8 un accessorio versatile e alla moda.<\/p><h3>Cappello Panama<\/h3><p>Il cappello Panama, simbolo di eleganza e raffinatezza, \u00e8 un must have dell&#039;estate.<\/p><p><img loading=\"lazy\" decoding=\"async\" class=\"aligncenter wp-image-3897\" title=\"Uomo con cappello Panama con fascia nera\" src=\"https:\/\/jointophat.com\/wp-content\/uploads\/2024\/11\/Man-in-a-Panama-hat-with-black-band.webp\" alt=\"Uomo con cappello Panama con fascia nera\" width=\"400\" height=\"400\" srcset=\"https:\/\/jointophat.com\/wp-content\/uploads\/2024\/11\/Man-in-a-Panama-hat-with-black-band.webp 1000w, https:\/\/jointophat.com\/wp-content\/uploads\/2024\/11\/Man-in-a-Panama-hat-with-black-band-300x300.webp 300w, https:\/\/jointophat.com\/wp-content\/uploads\/2024\/11\/Man-in-a-Panama-hat-with-black-band-150x150.webp 150w, https:\/\/jointophat.com\/wp-content\/uploads\/2024\/11\/Man-in-a-Panama-hat-with-black-band-768x768.webp 768w, https:\/\/jointophat.com\/wp-content\/uploads\/2024\/11\/Man-in-a-Panama-hat-with-black-band-12x12.webp 12w\" sizes=\"(max-width: 400px) 100vw, 400px\" \/><\/p><p>Realizzato in paglia toquilla dell&#039;Ecuador, questo cappello leggero e traspirante offre un&#039;ottima protezione solare e un fascino senza tempo. Il classico Panama ha una tesa larga e una corona come un fedora; \u00e8 un accessorio versatile per tutte le occasioni.\u00a0<\/p><p>Indossa abiti di lino, pantaloncini corti o abbigliamento da spiaggia per un look estivo elegante e rilassato. Per mantenere in forma il tuo cappello Panama, \u00e8 necessario conservarlo in un luogo fresco. Dovrebbe anche essere evitato a causa dell&#039;esposizione all&#039;umidit\u00e0. Prenditene cura e sar\u00e0 il tuo compagno alla moda per le stagioni a venire.<\/p><h3>Cappello da pescatore<\/h3><p>Il bucket hat ha avuto un grande ritorno ed \u00e8 un&#039;ottima opzione per gli uomini. Disponibile in molti materiali, come cotone, nylon e tessuti impermeabili, il bucket hat si adatta a tutti i gusti e a tutte le attivit\u00e0.<\/p><p>Il suo stile rilassato e informale lo rende perfetto per molte occasioni.<\/p><p><img loading=\"lazy\" decoding=\"async\" class=\"aligncenter wp-image-3896\" title=\"Uomo con cappello da pescatore beige e sciarpa mimetica in un ambiente naturale\" src=\"https:\/\/jointophat.com\/wp-content\/uploads\/2024\/11\/Man-in-beige-bucket-hat-with-camo-scarf-in-natural-setting.webp\" alt=\"Uomo con cappello da pescatore beige e sciarpa mimetica in un ambiente naturale\" width=\"500\" height=\"500\" srcset=\"https:\/\/jointophat.com\/wp-content\/uploads\/2024\/11\/Man-in-beige-bucket-hat-with-camo-scarf-in-natural-setting.webp 1024w, https:\/\/jointophat.com\/wp-content\/uploads\/2024\/11\/Man-in-beige-bucket-hat-with-camo-scarf-in-natural-setting-300x300.webp 300w, https:\/\/jointophat.com\/wp-content\/uploads\/2024\/11\/Man-in-beige-bucket-hat-with-camo-scarf-in-natural-setting-150x150.webp 150w, https:\/\/jointophat.com\/wp-content\/uploads\/2024\/11\/Man-in-beige-bucket-hat-with-camo-scarf-in-natural-setting-768x768.webp 768w, https:\/\/jointophat.com\/wp-content\/uploads\/2024\/11\/Man-in-beige-bucket-hat-with-camo-scarf-in-natural-setting-12x12.webp 12w\" sizes=\"(max-width: 500px) 100vw, 500px\" \/><\/p><p>Indossalo con pantaloncini e t-shirt per un look rilassato o con camicia fantasia e pantaloni chino per essere pi\u00f9 alla moda. Copre viso e collo dal sole, quindi \u00e8 un accessorio fantastico per le avventure all&#039;aria aperta.<\/p><h3>Cappello di paglia<\/h3><p>Un classico estivo, il <a href=\"https:\/\/jointophat.com\/it\/produttore-di-cappelli-di-paglia\/\" target=\"_blank\" rel=\"noopener\">cappello di paglia<\/a> ti offre uno stile classico e protezione solare. Scegli tra le opzioni boater, cowboy, a tesa larga. Dovresti considerare la forma del tuo viso e il tuo stile personale quando scegli un cappello di paglia.\u00a0<\/p><p><img loading=\"lazy\" decoding=\"async\" class=\"aligncenter wp-image-3895\" title=\"Uomo con cappello di paglia a tesa larga con toppa con logo all&#039;aperto\" src=\"https:\/\/jointophat.com\/wp-content\/uploads\/2024\/11\/Man-in-wide-brim-straw-hat-with-logo-patch-outdoors.webp\" alt=\"Uomo con cappello di paglia a tesa larga con toppa con logo all&#039;aperto\" width=\"500\" height=\"500\" srcset=\"https:\/\/jointophat.com\/wp-content\/uploads\/2024\/11\/Man-in-wide-brim-straw-hat-with-logo-patch-outdoors.webp 1000w, https:\/\/jointophat.com\/wp-content\/uploads\/2024\/11\/Man-in-wide-brim-straw-hat-with-logo-patch-outdoors-300x300.webp 300w, https:\/\/jointophat.com\/wp-content\/uploads\/2024\/11\/Man-in-wide-brim-straw-hat-with-logo-patch-outdoors-150x150.webp 150w, https:\/\/jointophat.com\/wp-content\/uploads\/2024\/11\/Man-in-wide-brim-straw-hat-with-logo-patch-outdoors-768x768.webp 768w, https:\/\/jointophat.com\/wp-content\/uploads\/2024\/11\/Man-in-wide-brim-straw-hat-with-logo-patch-outdoors-12x12.webp 12w\" sizes=\"(max-width: 500px) 100vw, 500px\" \/><\/p><p>Indossa abiti estivi, pantaloncini o tailleur in lino per un look semplice e senza tempo. Prenditene cura per mantenerne forma e colore.<\/p><p>Queste sono solo alcune delle tante opzioni di cappelli estivi. Considera il tuo stile, il livello di protezione solare e l&#039;occasione quando scegli il cappello perfetto per il tuo guardaroba estivo.<\/p><h2>Cosa considerare quando si sceglie un cappello estivo?<\/h2><p>La forma e la dimensione della testa sono fondamentali per una vestibilit\u00e0 comoda. Un cappello troppo stretto ti dar\u00e0 mal di testa e fastidio.<\/p><p>Un cappello troppo largo non ti dar\u00e0 abbastanza ombra o non rimarr\u00e0 sulla testa. Considera la circonferenza della tua testa e prova diverse taglie\/stili per trovare la vestibilit\u00e0 perfetta. Anche la forma del tuo viso influenzer\u00e0 lo stile di cappello pi\u00f9 lusinghiero.\u00a0<\/p><p>Una tesa larga bilancia un viso rotondo; un cappello fedora si adatta a un viso ovale. Il tuo stile personale \u00e8 la chiave per scegliere un cappello che rifletta te e il tuo guardaroba. Considera i tuoi soliti outfit, le occasioni in cui indosserai il cappello e il look generale che vuoi ottenere.\u00a0<\/p><p><img loading=\"lazy\" decoding=\"async\" class=\"aligncenter wp-image-3536\" title=\"Uomo sorridente con un cappello di feltro beige e una camicia a fantasia chiara\" src=\"https:\/\/jointophat.com\/wp-content\/uploads\/2024\/10\/Smiling-man-in-a-beige-fedora-and-light-patterned-shirt.webp\" alt=\"Uomo sorridente con un cappello di feltro beige e una camicia a fantasia chiara\" width=\"500\" height=\"500\" srcset=\"https:\/\/jointophat.com\/wp-content\/uploads\/2024\/10\/Smiling-man-in-a-beige-fedora-and-light-patterned-shirt.webp 1280w, https:\/\/jointophat.com\/wp-content\/uploads\/2024\/10\/Smiling-man-in-a-beige-fedora-and-light-patterned-shirt-300x300.webp 300w, https:\/\/jointophat.com\/wp-content\/uploads\/2024\/10\/Smiling-man-in-a-beige-fedora-and-light-patterned-shirt-1024x1024.webp 1024w, https:\/\/jointophat.com\/wp-content\/uploads\/2024\/10\/Smiling-man-in-a-beige-fedora-and-light-patterned-shirt-150x150.webp 150w, https:\/\/jointophat.com\/wp-content\/uploads\/2024\/10\/Smiling-man-in-a-beige-fedora-and-light-patterned-shirt-768x768.webp 768w, https:\/\/jointophat.com\/wp-content\/uploads\/2024\/10\/Smiling-man-in-a-beige-fedora-and-light-patterned-shirt-12x12.webp 12w\" sizes=\"(max-width: 500px) 100vw, 500px\" \/><\/p><p>Un cappello dovrebbe sempre adattarsi al tuo look e stile. Dipende da te se vuoi che abbia un aspetto elegante o moderno.<\/p><p>Materiale e traspirabilit\u00e0 sono essenziali per il comfort quando fa caldo. Scegli tessuti leggeri e traspiranti come cotone, lino o paglia. Questi permettono all&#039;aria di circolare e prevengono surriscaldamento e disagio.\u00a0<\/p><p>E considera il fattore di protezione solare del cappello (<a href=\"https:\/\/www.skincancer.org\/skin-cancer-prevention\/sun-protection\/sun-protective-clothing\/\" target=\"_blank\" rel=\"noopener\">Protezione solare UPF<\/a>). Un UPF pi\u00f9 alto significa una migliore protezione dai raggi UV. Alcuni cappelli hanno classificazioni UPF, per una maggiore sicurezza dal sole.<\/p><p>E poi ci sono gli aspetti pratici come la larghezza della falda, la regolabilit\u00e0 e la comprimibilit\u00e0 che possono influire sul comfort e sulla praticit\u00e0. Una falda pi\u00f9 ampia offre una maggiore protezione solare per viso e collo, e un cinturino regolabile significa una vestibilit\u00e0 sicura. Considera il tuo stile di vita e le tue attivit\u00e0 quando scegli un cappello adatto alle tue esigenze.<\/p><p>Concentrandoti su tutti questi fattori, puoi scegliere un cappello estivo che sia allo stesso tempo elegante, comodo e con protezione solare.<\/p><h2>Consigli di stile per i cappelli estivi da uomo<\/h2><p>Per aggiungere di pi\u00f9 al tuo look, ci sono vari modi in cui puoi rendere il tuo cappello pi\u00f9 vivace. Puoi variare dall&#039;abbinarlo al tuo outfit, all&#039;uso di accessori o all&#039;esaltare con un po&#039; di sicurezza in pi\u00f9. Ecco alcuni modi fantastici per dare stile al tuo cappello estivo:<\/p><h2>Abbina il tuo cappello al tuo outfit<\/h2><p>Abbinare il cappello ai vestiti crea un look completo. Considera di abbinare colori, fantasie o texture. Un cappello neutro \u00e8 versatile e pu\u00f2 essere indossato con molti outfit.<\/p><p><img loading=\"lazy\" decoding=\"async\" class=\"aligncenter wp-image-3256\" title=\"Uomo con occhiali da sole e berretto nero che indossa una camicia scura e catene\" src=\"https:\/\/jointophat.com\/wp-content\/uploads\/2024\/10\/Man-in-sunglasses-and-black-cap_-wearing-dark-shirt-and-chains.webp\" alt=\"Uomo con occhiali da sole e berretto nero che indossa una camicia scura e catene\" width=\"500\" height=\"250\" srcset=\"https:\/\/jointophat.com\/wp-content\/uploads\/2024\/10\/Man-in-sunglasses-and-black-cap_-wearing-dark-shirt-and-chains.webp 1200w, https:\/\/jointophat.com\/wp-content\/uploads\/2024\/10\/Man-in-sunglasses-and-black-cap_-wearing-dark-shirt-and-chains-300x150.webp 300w, https:\/\/jointophat.com\/wp-content\/uploads\/2024\/10\/Man-in-sunglasses-and-black-cap_-wearing-dark-shirt-and-chains-1024x512.webp 1024w, https:\/\/jointophat.com\/wp-content\/uploads\/2024\/10\/Man-in-sunglasses-and-black-cap_-wearing-dark-shirt-and-chains-768x384.webp 768w, https:\/\/jointophat.com\/wp-content\/uploads\/2024\/10\/Man-in-sunglasses-and-black-cap_-wearing-dark-shirt-and-chains-18x9.webp 18w\" sizes=\"(max-width: 500px) 100vw, 500px\" \/><\/p><p>Per un look pi\u00f9 audace, scegli un cappello con un colore o un motivo contrastante per il tuo look generale. Scegliere il colore giusto pu\u00f2 cambiare il tuo look completo. Prova diverse combinazioni per trovare la tua preferita.<\/p><h3>Prova stili diversi<\/h3><p>A volte la sperimentazione ti d\u00e0 il meglio. Non aver paura di uscire dalla tua zona di comfort e provare cappelli e abbinamenti di outfit diversi. Un berretto da baseball con un blazer \u00e8 una combinazione sorprendente ma stilosa.\u00a0<\/p><p>Un cappello fedora con un outfit casual aggiunge raffinatezza e un cappello da pescatore con un outfit streetwear esalta. Cogli l&#039;occasione per sperimentare e trovare il tuo stile.<\/p><h3>Accessoriare<\/h3><p>Aggiungi al tuo look generale accessori complementari. Occhiali da sole, sciarpe o un orologio possono valorizzare il tuo cappello e il tuo outfit. Considera il look generale che vuoi ottenere e scegli accessori che si abbinino al tuo cappello e ai tuoi vestiti.\u00a0<\/p><p>Ad esempio, un cappello di feltro con occhiali da sole e un abito su misura sono un look sofisticato, mentre un cappello da pescatore con occhiali da sole e una maglietta sono un look casual.<\/p><h3>Forma del viso<\/h3><p>Scegli un cappello che si adatti alla forma del tuo viso e sarai fantastico. Un cappello a tesa larga bilancia un viso rotondo, un fedora si adatta a un viso ovale. Invece di concentrarti sulle opinioni degli altri, vai su <a href=\"https:\/\/jointophat.com\/it\/\" target=\"_blank\" rel=\"noopener\">Unisciti a Top<\/a> e trova il cappello pi\u00f9 adatto a te.<\/p><p><img loading=\"lazy\" decoding=\"async\" class=\"aligncenter wp-image-3694 size-full\" title=\"Guida illustrata di sei diverse forme del visojpg\" src=\"https:\/\/jointophat.com\/wp-content\/uploads\/2024\/11\/Illustrated-guide-of-six-different-face-shapesjpg.webp\" alt=\"Guida illustrata di sei diverse forme del visojpg\" width=\"460\" height=\"345\" srcset=\"https:\/\/jointophat.com\/wp-content\/uploads\/2024\/11\/Illustrated-guide-of-six-different-face-shapesjpg.webp 460w, https:\/\/jointophat.com\/wp-content\/uploads\/2024\/11\/Illustrated-guide-of-six-different-face-shapesjpg-300x225.webp 300w, https:\/\/jointophat.com\/wp-content\/uploads\/2024\/11\/Illustrated-guide-of-six-different-face-shapesjpg-16x12.webp 16w\" sizes=\"(max-width: 460px) 100vw, 460px\" \/><\/p><p>Forse un cappello che ti sta benissimo, potrebbe stare bene o meno su qualcun altro. Prova cappelli diversi per trovare quello che si adatta alla forma del tuo viso.<\/p><h3>La fiducia \u00e8 tutto<\/h3><p>La sicurezza \u00e8 considerata l&#039;arma principale se vuoi distinguerti tra tutti. Indossa il tuo cappello con sicurezza e lascia che la tua personalit\u00e0 si mostri. La sicurezza pu\u00f2 far brillare anche l&#039;outfit pi\u00f9 semplice.\u00a0<\/p><p>Ricorda che lo stile \u00e8 personale, quindi sii te stesso e prova cappelli diversi per trovare quello che ti fa sentire sicuro e a tuo agio.<\/p><h3>Di pi\u00f9<\/h3><ul><li aria-level=\"1\">Proporzioni: assicurati che il cappello si adatti alla tua corporatura. Un cappello grande sommerger\u00e0 una corporatura minuta, mentre un cappello piccolo si perder\u00e0 su una persona alta.<\/li><li aria-level=\"1\">Occasione: scegli un cappello per l&#039;occasione. Un evento formale richiede un fedora, una giornata informale richiede un berretto da baseball o un cappello da pescatore.<\/li><li aria-level=\"1\">Prenditi cura del tuo cappello: una cura adeguata prolungher\u00e0 la vita del tuo cappello. Conservalo in un luogo fresco e asciutto e non esporlo a troppa umidit\u00e0 o calore.<\/li><\/ul><p>Ora puoi indossare il tuo cappello estivo con sicurezza e avere un aspetto fantastico in ogni occasione.<\/p><h2>Riepilogo<\/h2><p>Scegliere il cappello estivo giusto \u00e8 importante per lo stile e la protezione solare. Considera la forma del tuo viso e il tuo stile per trovare un cappello che si abbini al tuo look e ti protegga dal sole. Prova cappelli e outfit diversi per trovare il tuo preferito.<\/p><p><img loading=\"lazy\" decoding=\"async\" class=\"aligncenter wp-image-2473\" title=\"Unisciti a Top Partners 3\" src=\"https:\/\/jointophat.com\/wp-content\/uploads\/2024\/09\/JoinTop-Partners-3.webp\" alt=\"Unisciti a Top Partners 3\" width=\"500\" height=\"375\" srcset=\"https:\/\/jointophat.com\/wp-content\/uploads\/2024\/09\/JoinTop-Partners-3.webp 1440w, https:\/\/jointophat.com\/wp-content\/uploads\/2024\/09\/JoinTop-Partners-3-300x225.webp 300w, https:\/\/jointophat.com\/wp-content\/uploads\/2024\/09\/JoinTop-Partners-3-1024x768.webp 1024w, https:\/\/jointophat.com\/wp-content\/uploads\/2024\/09\/JoinTop-Partners-3-768x576.webp 768w\" sizes=\"(max-width: 500px) 100vw, 500px\" \/><\/p><p>La sicurezza \u00e8 la chiave quando si indossa un cappello estivo, quindi assicurati di portarlo con te. Con il cappello giusto, puoi migliorare il tuo stile, stare al fresco e goderti l&#039;estate. Trova il tuo cappello estivo perfetto e fai una dichiarazione ovunque tu vada.<\/p><p><a href=\"https:\/\/jointophat.com\/it\/produttore-di-tappi\/\" target=\"_blank\" rel=\"noopener\">Unisciti a Top Hat<\/a> ha molti cappelli estivi eleganti e funzionali per uomo. Dai un&#039;occhiata alla nostra collezione e trova il tuo copricapo preferito.<\/p>\t\t\t\t\t\t\t\t<\/div>\n\t\t\t\t<\/div>\n\t\t\t\t\t<\/div>\n\t\t\t\t<\/div>\n\t\t\t\t<\/div>","protected":false},"excerpt":{"rendered":"<p>Scopri i migliori cappelli estivi da uomo del 2024. Trova cappelli eleganti, comodi e che proteggono dal sole, dai fedora ai cappelli Panama, perfetti per ogni occasione.<\/p>","protected":false},"author":3,"featured_media":3896,"comment_status":"open","ping_status":"open","sticky":false,"template":"","format":"standard","meta":{"_monsterinsights_skip_tracking":false,"_monsterinsights_sitenote_active":false,"_monsterinsights_sitenote_note":"","_monsterinsights_sitenote_category":0,"footnotes":""},"categories":[14],"tags":[24],"class_list":["post-3900","post","type-post","status-publish","format-standard","has-post-thumbnail","hentry","category-blog","tag-hats"],"_links":{"self":[{"href":"https:\/\/jointophat.com\/it\/wp-json\/wp\/v2\/posts\/3900","targetHints":{"allow":["GET"]}}],"collection":[{"href":"https:\/\/jointophat.com\/it\/wp-json\/wp\/v2\/posts"}],"about":[{"href":"https:\/\/jointophat.com\/it\/wp-json\/wp\/v2\/types\/post"}],"author":[{"embeddable":true,"href":"https:\/\/jointophat.com\/it\/wp-json\/wp\/v2\/users\/3"}],"replies":[{"embeddable":true,"href":"https:\/\/jointophat.com\/it\/wp-json\/wp\/v2\/comments?post=3900"}],"version-history":[{"count":39,"href":"https:\/\/jointophat.com\/it\/wp-json\/wp\/v2\/posts\/3900\/revisions"}],"predecessor-version":[{"id":3966,"href":"https:\/\/jointophat.com\/it\/wp-json\/wp\/v2\/posts\/3900\/revisions\/3966"}],"wp:featuredmedia":[{"embeddable":true,"href":"https:\/\/jointophat.com\/it\/wp-json\/wp\/v2\/media\/3896"}],"wp:attachment":[{"href":"https:\/\/jointophat.com\/it\/wp-json\/wp\/v2\/media?parent=3900"}],"wp:term":[{"taxonomy":"category","embeddable":true,"href":"https:\/\/jointophat.com\/it\/wp-json\/wp\/v2\/categories?post=3900"},{"taxonomy":"post_tag","embeddable":true,"href":"https:\/\/jointophat.com\/it\/wp-json\/wp\/v2\/tags?post=3900"}],"curies":[{"name":"scrivere","href":"https:\/\/api.w.org\/{rel}","templated":true}]}}