{"id":4058,"date":"2024-11-20T06:54:30","date_gmt":"2024-11-20T06:54:30","guid":{"rendered":"https:\/\/jointophat.com\/?p=4058"},"modified":"2025-09-26T08:22:38","modified_gmt":"2025-09-26T08:22:38","slug":"cappelli-strutturati-vs-non-strutturati","status":"publish","type":"post","link":"https:\/\/jointophat.com\/it\/blog\/cappelli-strutturati-vs-non-strutturati\/","title":{"rendered":"Cappelli strutturati vs. non strutturati: guida chiara"},"content":{"rendered":"<div data-elementor-type=\"wp-post\" data-elementor-id=\"4058\" class=\"elementor elementor-4058\" data-elementor-post-type=\"post\">\n\t\t\t\t<div class=\"elementor-element elementor-element-9fd1eda e-flex e-con-boxed e-con e-parent\" data-id=\"9fd1eda\" data-element_type=\"container\">\n\t\t\t\t\t<div class=\"e-con-inner\">\n\t\t\t\t<div class=\"elementor-element elementor-element-c230fe7 elementor-widget elementor-widget-text-editor\" data-id=\"c230fe7\" data-element_type=\"widget\" data-widget_type=\"text-editor.default\">\n\t\t\t\t<div class=\"elementor-widget-container\">\n\t\t\t\t\t\t\t\t\t<p>Scegliere tra un cappello strutturato e uno non strutturato pu\u00f2 cambiare l&#039;aspetto, la vestibilit\u00e0 e l&#039;adattamento al tuo stile. La scelta giusta migliora il comfort, si adatta al tuo stile e pu\u00f2 valorizzare il tuo brand.<\/p><p><img fetchpriority=\"high\" decoding=\"async\" class=\"aligncenter wp-image-10985\" title=\"Un cappello strutturato grigio e un cappello non strutturato blu\" src=\"https:\/\/jointophat.com\/wp-content\/uploads\/2025\/08\/A-gray-structured-hat-and-a-blue-unstructured-hat.webp\" alt=\"Un cappello strutturato grigio e un cappello non strutturato blu\" width=\"500\" height=\"281\" srcset=\"https:\/\/jointophat.com\/wp-content\/uploads\/2025\/08\/A-gray-structured-hat-and-a-blue-unstructured-hat.webp 1280w, https:\/\/jointophat.com\/wp-content\/uploads\/2025\/08\/A-gray-structured-hat-and-a-blue-unstructured-hat-300x169.webp 300w, https:\/\/jointophat.com\/wp-content\/uploads\/2025\/08\/A-gray-structured-hat-and-a-blue-unstructured-hat-1024x576.webp 1024w, https:\/\/jointophat.com\/wp-content\/uploads\/2025\/08\/A-gray-structured-hat-and-a-blue-unstructured-hat-768x432.webp 768w, https:\/\/jointophat.com\/wp-content\/uploads\/2025\/08\/A-gray-structured-hat-and-a-blue-unstructured-hat-18x10.webp 18w\" sizes=\"(max-width: 500px) 100vw, 500px\" \/><\/p><p>Che si tratti di un cappello da indossare tutti i giorni, di una squadra o di un articolo promozionale, conoscere la differenza ti aiuter\u00e0 a scegliere un cappello che soddisfi le tue esigenze sia in termini di stile che di funzionalit\u00e0.<\/p><h2>Definizioni e differenze fondamentali<\/h2><p><img decoding=\"async\" class=\"aligncenter wp-image-10986\" title=\"Un cappello blu strutturato e un cappello marrone chiaro non strutturato\" src=\"https:\/\/jointophat.com\/wp-content\/uploads\/2025\/08\/A-structured-blue-hat-and-unstructured-tan-hat.webp\" alt=\"Un cappello blu strutturato e un cappello marrone chiaro non strutturato\" width=\"500\" height=\"244\" srcset=\"https:\/\/jointophat.com\/wp-content\/uploads\/2025\/08\/A-structured-blue-hat-and-unstructured-tan-hat.webp 700w, https:\/\/jointophat.com\/wp-content\/uploads\/2025\/08\/A-structured-blue-hat-and-unstructured-tan-hat-300x146.webp 300w, https:\/\/jointophat.com\/wp-content\/uploads\/2025\/08\/A-structured-blue-hat-and-unstructured-tan-hat-18x9.webp 18w\" sizes=\"(max-width: 500px) 100vw, 500px\" \/><\/p><p>Quando si tratta di <a href=\"https:\/\/jointophat.com\/it\/produttore-di-tappi\/\"><strong>cappelli strutturati<\/strong><\/a>La caratteristica principale \u00e8 il rinforzo nei pannelli frontali, spesso realizzati in tela o schiuma. Questo mantiene la corona dritta, conferendo al cappello un aspetto fresco e atletico che mantiene la sua forma anche quando non lo si indossa.<\/p><p>Al contrario, <strong>cappelli destrutturati<\/strong> salta il rinforzo, cos\u00ec la corona collassa naturalmente. Questo crea una vestibilit\u00e0 rilassata e un &quot;<a href=\"https:\/\/jointophat.com\/it\/produttore-di-tappi\/cappelli-da-papa\/\">cappello da pap\u00e0<\/a>&quot;stile che si adatta alla tua testa nel tempo. <strong>Semi-strutturato<\/strong> i cappelli si trovano nel mezzo, offrendo una sensazione pi\u00f9 morbida con un leggero supporto della forma.<\/p><p><strong>Breve riepilogo:<\/strong><\/p><ul><li><strong>Strutturato:<\/strong> Solido, mantiene la forma, stile pi\u00f9 sportivo.<\/li><li><strong>Non strutturato:<\/strong> Morbido, pieghevole, dall&#039;aspetto casual.<\/li><li><strong>Semi-strutturato:<\/strong> Equilibrio tra comfort e struttura leggera.<\/li><\/ul><h2>Design e vestibilit\u00e0<\/h2><p><img decoding=\"async\" class=\"aligncenter wp-image-10987\" title=\"Un cappello bianco strutturato e un cappello verde non strutturato uno accanto all&#039;altro\" src=\"https:\/\/jointophat.com\/wp-content\/uploads\/2025\/08\/A-structured-white-hat-and-unstructured-green-hat-side-by-side.webp\" alt=\"Un cappello bianco strutturato e un cappello verde non strutturato uno accanto all&#039;altro\" width=\"500\" height=\"333\" srcset=\"https:\/\/jointophat.com\/wp-content\/uploads\/2025\/08\/A-structured-white-hat-and-unstructured-green-hat-side-by-side.webp 1024w, https:\/\/jointophat.com\/wp-content\/uploads\/2025\/08\/A-structured-white-hat-and-unstructured-green-hat-side-by-side-300x200.webp 300w, https:\/\/jointophat.com\/wp-content\/uploads\/2025\/08\/A-structured-white-hat-and-unstructured-green-hat-side-by-side-768x512.webp 768w, https:\/\/jointophat.com\/wp-content\/uploads\/2025\/08\/A-structured-white-hat-and-unstructured-green-hat-side-by-side-18x12.webp 18w\" sizes=\"(max-width: 500px) 100vw, 500px\" \/><\/p><p>Il modo in cui un cappello \u00e8 costruito influenza direttamente il modo in cui si adatta alla testa. Corone rinforzate in <strong>cappelli strutturati<\/strong> spesso creano un profilo pi\u00f9 alto e una silhouette decisa, facendoli sembrare pi\u00f9 prominenti. Senza rinforzo, <strong>cappelli destrutturati<\/strong> tendono ad avere un profilo pi\u00f9 basso e morbido che segue la forma della testa.<\/p><p><strong>Abbinamenti tipici:<\/strong><\/p><ul><li><strong><a href=\"https:\/\/jointophat.com\/it\/blog\/cose-un-cappello-basso\/\">Basso profilo<\/a>, non strutturato:<\/strong> Comune nei cappelli da pap\u00e0 per un tocco rilassato e casual.<\/li><li><strong>Di medio\/alto profilo, strutturato:<\/strong> Molto diffuso nei cappellini e nelle uniformi sportive, dona un look audace e distintivo.<\/li><\/ul><h2>Stile, branding e decorazione<\/h2><p><img loading=\"lazy\" decoding=\"async\" class=\"aligncenter wp-image-10989\" title=\"Parte anteriore e posteriore di un semplice cappello da baseball bianco\" src=\"https:\/\/jointophat.com\/wp-content\/uploads\/2025\/08\/Front-and-back-of-a-plain-white-baseball-hat.webp\" alt=\"Parte anteriore e posteriore di un semplice cappello da baseball bianco\" width=\"500\" height=\"250\" srcset=\"https:\/\/jointophat.com\/wp-content\/uploads\/2025\/08\/Front-and-back-of-a-plain-white-baseball-hat.webp 1200w, https:\/\/jointophat.com\/wp-content\/uploads\/2025\/08\/Front-and-back-of-a-plain-white-baseball-hat-300x150.webp 300w, https:\/\/jointophat.com\/wp-content\/uploads\/2025\/08\/Front-and-back-of-a-plain-white-baseball-hat-1024x512.webp 1024w, https:\/\/jointophat.com\/wp-content\/uploads\/2025\/08\/Front-and-back-of-a-plain-white-baseball-hat-768x384.webp 768w, https:\/\/jointophat.com\/wp-content\/uploads\/2025\/08\/Front-and-back-of-a-plain-white-baseball-hat-18x9.webp 18w\" sizes=\"(max-width: 500px) 100vw, 500px\" \/><\/p><p><strong>Cappelli strutturati<\/strong> ti danno linee nette e un pannello frontale solido, rendendoli ideali per ricami audaci, <a href=\"https:\/\/jointophat.com\/it\/personalizzazione\/\">Sbuffo 3D<\/a> disegni o grandi toppe. La forma aiuta i loghi a risaltare e a rimanere visibili da lontano.<\/p><p><strong>Cappelli destrutturati<\/strong> Orientati verso uno stile pi\u00f9 morbido e minimalista. Sono perfetti per marchi discreti, piccoli loghi o design pensati per integrarsi naturalmente con il cappello. Questo stile \u00e8 perfetto per i marchi lifestyle, <a href=\"https:\/\/jointophat.com\/it\/produttore-di-tappi\/cappello-impermeabile\/\">attrezzatura per esterni<\/a>e articoli casual.<\/p><h2>Comfort, durata e comprimibilit\u00e0<\/h2><p><img loading=\"lazy\" decoding=\"async\" class=\"aligncenter wp-image-10990\" title=\"Uomo che indossa un cappello strutturato contro donna con un cappello non strutturato\" src=\"https:\/\/jointophat.com\/wp-content\/uploads\/2025\/08\/Man-wearing-a-structured-hat-vs-woman-in-an-unstructured-hat.webp\" alt=\"Uomo che indossa un cappello strutturato contro donna con un cappello non strutturato\" width=\"500\" height=\"334\" srcset=\"https:\/\/jointophat.com\/wp-content\/uploads\/2025\/08\/Man-wearing-a-structured-hat-vs-woman-in-an-unstructured-hat.webp 400w, https:\/\/jointophat.com\/wp-content\/uploads\/2025\/08\/Man-wearing-a-structured-hat-vs-woman-in-an-unstructured-hat-300x200.webp 300w, https:\/\/jointophat.com\/wp-content\/uploads\/2025\/08\/Man-wearing-a-structured-hat-vs-woman-in-an-unstructured-hat-18x12.webp 18w\" sizes=\"(max-width: 500px) 100vw, 500px\" \/><\/p><p><strong>Cappelli destrutturati<\/strong> di solito si sentono morbidi e <a href=\"https:\/\/jointophat.com\/it\/blog\/come-rodare-un-cappello-nuovo\/\">rodato<\/a> subito, rendendoli comodi da indossare tutto il giorno. Si piegano e si ripongono facilmente senza preoccuparsi di danneggiare la forma della corona.<\/p><p><strong>Cappelli strutturati<\/strong> Mantengono la loro forma pi\u00f9 a lungo, anche dopo un uso intenso, il che pu\u00f2 farli sembrare nuovi nel tempo. Tuttavia, la parte anteriore rinforzata pu\u00f2 sembrare pi\u00f9 rigida, soprattutto quando sono nuovi di zecca. \u00c8 meglio conservarli con cura per mantenerne l&#039;aspetto impeccabile.<\/p><h2>Confronto<\/h2><p><img loading=\"lazy\" decoding=\"async\" class=\"aligncenter wp-image-10991\" title=\"Cappelli blu navy strutturati e non strutturati uno accanto all&#039;altro\" src=\"https:\/\/jointophat.com\/wp-content\/uploads\/2025\/08\/Side-by-side-of-structured-and-unstructured-navy-hats.webp\" alt=\"Cappelli blu navy strutturati e non strutturati uno accanto all&#039;altro\" width=\"500\" height=\"284\" srcset=\"https:\/\/jointophat.com\/wp-content\/uploads\/2025\/08\/Side-by-side-of-structured-and-unstructured-navy-hats.webp 564w, https:\/\/jointophat.com\/wp-content\/uploads\/2025\/08\/Side-by-side-of-structured-and-unstructured-navy-hats-300x170.webp 300w, https:\/\/jointophat.com\/wp-content\/uploads\/2025\/08\/Side-by-side-of-structured-and-unstructured-navy-hats-18x10.webp 18w\" sizes=\"(max-width: 500px) 100vw, 500px\" \/><\/p><div style=\"max-height: 500px;border: 1px solid #e5e7eb;border-radius: 8px\"><table style=\"width: 100%;min-width: 720px;border-collapse: collapse;font-family: Arial, Helvetica, sans-serif;font-size: 14px\"><caption style=\"caption-side: top;text-align: left;padding: 12px 16px;font-weight: 600\">Cappelli strutturati vs. non strutturati: confronto<\/caption><thead><tr style=\"background: #f7f7f8\"><th style=\"text-align: left;padding: 12px 16px;border-bottom: 1px solid #e5e7eb\">Caratteristica<\/th><th style=\"text-align: left;padding: 12px 16px;border-bottom: 1px solid #e5e7eb\">Cappelli strutturati<\/th><th style=\"text-align: left;padding: 12px 16px;border-bottom: 1px solid #e5e7eb\">Cappelli non strutturati<\/th><\/tr><\/thead><tbody><tr><td style=\"padding: 12px 16px;border-bottom: 1px solid #f0f0f1\">Supporto della Corona<\/td><td style=\"padding: 12px 16px;border-bottom: 1px solid #f0f0f1\">Rinforzato con tela o schiuma per mantenere la forma<\/td><td style=\"padding: 12px 16px;border-bottom: 1px solid #f0f0f1\">Nessun rinforzo; la corona crolla quando non viene indossata<\/td><\/tr><tr><td style=\"padding: 12px 16px;border-bottom: 1px solid #f0f0f1\">Aspetto<\/td><td style=\"padding: 12px 16px;border-bottom: 1px solid #f0f0f1\">Aspetto fresco, sodo e atletico<\/td><td style=\"padding: 12px 16px;border-bottom: 1px solid #f0f0f1\">Stile rilassato e casual, &quot;cappello da pap\u00e0&quot;<\/td><\/tr><tr><td style=\"padding: 12px 16px;border-bottom: 1px solid #f0f0f1\">Opzioni del profilo<\/td><td style=\"padding: 12px 16px;border-bottom: 1px solid #f0f0f1\">Spesso di medio o alto profilo<\/td><td style=\"padding: 12px 16px;border-bottom: 1px solid #f0f0f1\">Di solito basso profilo<\/td><\/tr><tr><td style=\"padding: 12px 16px;border-bottom: 1px solid #f0f0f1\">Spazio di branding<\/td><td style=\"padding: 12px 16px;border-bottom: 1px solid #f0f0f1\">Parte anteriore piatta e solida, ideale per ricami o toppe audaci<\/td><td style=\"padding: 12px 16px;border-bottom: 1px solid #f0f0f1\">Parte anteriore pi\u00f9 morbida adatta per loghi sottili o piccoli<\/td><\/tr><tr><td style=\"padding: 12px 16px;border-bottom: 1px solid #f0f0f1\">Comfort<\/td><td style=\"padding: 12px 16px;border-bottom: 1px solid #f0f0f1\">Sensazione pi\u00f9 solida nella parte anteriore, potrebbe essere necessario un rodaggio<\/td><td style=\"padding: 12px 16px;border-bottom: 1px solid #f0f0f1\">Morbido e confortevole fin dal primo giorno<\/td><\/tr><tr><td style=\"padding: 12px 16px;border-bottom: 1px solid #f0f0f1\">Durata della forma<\/td><td style=\"padding: 12px 16px;border-bottom: 1px solid #f0f0f1\">Mantiene bene la forma nel tempo<\/td><td style=\"padding: 12px 16px;border-bottom: 1px solid #f0f0f1\">Si adatta alla forma della testa, pu\u00f2 cambiare forma con l&#039;uso<\/td><\/tr><tr><td style=\"padding: 12px 16px;border-bottom: 1px solid #f0f0f1\">Confezionabilit\u00e0<\/td><td style=\"padding: 12px 16px;border-bottom: 1px solid #f0f0f1\">Meno flessibile, richiede una conservazione attenta<\/td><td style=\"padding: 12px 16px;border-bottom: 1px solid #f0f0f1\">Facile da piegare o imballare senza danni<\/td><\/tr><tr><td style=\"padding: 12px 16px\">Il migliore per<\/td><td style=\"padding: 12px 16px\">Squadre sportive, uniformi, branding al dettaglio<\/td><td style=\"padding: 12px 16px\">Abbigliamento lifestyle, viaggi, design all&#039;insegna del comfort<\/td><\/tr><\/tbody><\/table><\/div><h2>Quando scegliere quale<\/h2><p><img loading=\"lazy\" decoding=\"async\" class=\"aligncenter wp-image-10992\" title=\"Parte inferiore dei cappelli strutturati e non strutturati\" src=\"https:\/\/jointophat.com\/wp-content\/uploads\/2025\/08\/Underside-of-structured-and-unstructured-hats.webp\" alt=\"Parte inferiore dei cappelli strutturati e non strutturati\" width=\"500\" height=\"318\" srcset=\"https:\/\/jointophat.com\/wp-content\/uploads\/2025\/08\/Underside-of-structured-and-unstructured-hats.webp 400w, https:\/\/jointophat.com\/wp-content\/uploads\/2025\/08\/Underside-of-structured-and-unstructured-hats-300x191.webp 300w, https:\/\/jointophat.com\/wp-content\/uploads\/2025\/08\/Underside-of-structured-and-unstructured-hats-18x12.webp 18w\" sizes=\"(max-width: 500px) 100vw, 500px\" \/><\/p><p>Scegli un <strong>cappello strutturato<\/strong> quando hai bisogno di un look curato e professionale. Sono ideali per:<\/p><ul><li>Divise delle squadre ed eventi sportivi<\/li><li>Abbigliamento per la vendita al dettaglio o per il personale<\/li><li>Branding audace e coerente nelle foto e nelle promozioni<\/li><\/ul><p>Vai per un <strong>cappello destrutturato<\/strong> se desideri uno stile rilassato e disinvolto. Sono perfetti per:<\/p><ul><li>Abbigliamento quotidiano<\/li><li>Viaggi e avventure all&#039;aria aperta<\/li><li>Design incentrati sul comfort con una sensazione pi\u00f9 morbida<\/li><\/ul><h2>Conclusione<\/h2><p><img loading=\"lazy\" decoding=\"async\" class=\"aligncenter wp-image-10988\" title=\"Un&#039;infografica che confronta cappelli strutturati e non strutturati\" src=\"https:\/\/jointophat.com\/wp-content\/uploads\/2025\/08\/An-infographic-comparing-structured-and-unstructured-hats.webp\" alt=\"Un&#039;infografica che confronta cappelli strutturati e non strutturati\" width=\"500\" height=\"333\" srcset=\"https:\/\/jointophat.com\/wp-content\/uploads\/2025\/08\/An-infographic-comparing-structured-and-unstructured-hats.webp 1536w, https:\/\/jointophat.com\/wp-content\/uploads\/2025\/08\/An-infographic-comparing-structured-and-unstructured-hats-300x200.webp 300w, https:\/\/jointophat.com\/wp-content\/uploads\/2025\/08\/An-infographic-comparing-structured-and-unstructured-hats-1024x683.webp 1024w, https:\/\/jointophat.com\/wp-content\/uploads\/2025\/08\/An-infographic-comparing-structured-and-unstructured-hats-768x512.webp 768w, https:\/\/jointophat.com\/wp-content\/uploads\/2025\/08\/An-infographic-comparing-structured-and-unstructured-hats-18x12.webp 18w\" sizes=\"(max-width: 500px) 100vw, 500px\" \/><\/p><p>La scelta tra un cappello strutturato e uno non strutturato dipende dal tuo stile, dalla tua comodit\u00e0 e dal tuo scopo. I cappelli strutturati offrono un look deciso e audace, ideale per il branding, mentre i cappelli non strutturati offrono una vestibilit\u00e0 comoda e rilassata per un abbigliamento casual.<\/p><p>Se sei pronto a trovare il cappello perfetto per il tuo marchio, la tua squadra o il tuo stile personale, possiamo aiutarti. <a href=\"https:\/\/jointophat.com\/it\/contattaci\/\">Contatta il nostro team<\/a> oggi per esplorare <strong>cappelli personalizzati strutturati e non strutturati<\/strong> progettato per adattarsi alla tua visione.<\/p>\t\t\t\t\t\t\t\t<\/div>\n\t\t\t\t<\/div>\n\t\t\t\t<div class=\"elementor-element elementor-element-42fe41a elementor-widget elementor-widget-heading\" data-id=\"42fe41a\" data-element_type=\"widget\" data-widget_type=\"heading.default\">\n\t\t\t\t<div class=\"elementor-widget-container\">\n\t\t\t\t\t<h2 class=\"elementor-heading-title elementor-size-default\">Domande frequenti<\/h2>\t\t\t\t<\/div>\n\t\t\t\t<\/div>\n\t\t\t\t<div class=\"elementor-element elementor-element-edfbba9 elementor-widget elementor-widget-n-accordion\" data-id=\"edfbba9\" data-element_type=\"widget\" data-settings=\"{&quot;default_state&quot;:&quot;expanded&quot;,&quot;max_items_expended&quot;:&quot;one&quot;,&quot;n_accordion_animation_duration&quot;:{&quot;unit&quot;:&quot;ms&quot;,&quot;size&quot;:400,&quot;sizes&quot;:[]}}\" data-widget_type=\"nested-accordion.default\">\n\t\t\t\t<div class=\"elementor-widget-container\">\n\t\t\t\t\t\t\t<div class=\"e-n-accordion\" aria-label=\"Fisarmonica. Apri i link con Invio o Spazio, chiudi con Esc e naviga con i tasti freccia\">\n\t\t\t\t\t\t<details id=\"e-n-accordion-item-2490\" class=\"e-n-accordion-item\" open>\n\t\t\t\t<summary class=\"e-n-accordion-item-title\" data-accordion-index=\"1\" tabindex=\"0\" aria-expanded=\"true\" aria-controls=\"e-n-accordion-item-2490\" >\n\t\t\t\t\t<span class='e-n-accordion-item-title-header'><div class=\"e-n-accordion-item-title-text\"> I cappelli strutturati possono essere realizzati con gli stessi materiali dei cappelli non strutturati? <\/div><\/span>\n\t\t\t\t\t\t\t<span class='e-n-accordion-item-title-icon'>\n\t\t\t<span class='e-opened' ><svg aria-hidden=\"true\" class=\"e-font-icon-svg e-fas-minus\" viewbox=\"0 0 448 512\" xmlns=\"http:\/\/www.w3.org\/2000\/svg\"><path d=\"M416 208H32c-17.67 0-32 14.33-32 32v32c0 17.67 14.33 32 32 32h384c17.67 0 32-14.33 32-32v-32c0-17.67-14.33-32-32-32z\"><\/path><\/svg><\/span>\n\t\t\t<span class='e-closed'><svg aria-hidden=\"true\" class=\"e-font-icon-svg e-fas-plus\" viewbox=\"0 0 448 512\" xmlns=\"http:\/\/www.w3.org\/2000\/svg\"><path d=\"M416 208H272V64c0-17.67-14.33-32-32-32h-32c-17.67 0-32 14.33-32 32v144H32c-17.67 0-32 14.33-32 32v32c0 17.67 14.33 32 32 32h144v144c0 17.67 14.33 32 32 32h32c17.67 0 32-14.33 32-32V304h144c17.67 0 32-14.33 32-32v-32c0-17.67-14.33-32-32-32z\"><\/path><\/svg><\/span>\n\t\t<\/span>\n\n\t\t\t\t\t\t<\/summary>\n\t\t\t\t<div role=\"region\" aria-labelledby=\"e-n-accordion-item-2490\" class=\"elementor-element elementor-element-55ac56b e-con-full e-flex e-con e-child\" data-id=\"55ac56b\" data-element_type=\"container\">\n\t\t\t\t<div class=\"elementor-element elementor-element-eeae0a6 elementor-widget elementor-widget-text-editor\" data-id=\"eeae0a6\" data-element_type=\"widget\" data-widget_type=\"text-editor.default\">\n\t\t\t\t<div class=\"elementor-widget-container\">\n\t\t\t\t\t\t\t\t\t<p>S\u00ec. Entrambi gli stili possono essere realizzati in tessuti come twill di cotone, poliestere o misti. La differenza sta nel supporto della corona, non nel tessuto in s\u00e9.<\/p>\t\t\t\t\t\t\t\t<\/div>\n\t\t\t\t<\/div>\n\t\t\t\t<\/div>\n\t\t\t\t\t<\/details>\n\t\t\t\t\t\t<details id=\"e-n-accordion-item-2491\" class=\"e-n-accordion-item\" >\n\t\t\t\t<summary class=\"e-n-accordion-item-title\" data-accordion-index=\"2\" tabindex=\"-1\" aria-expanded=\"false\" aria-controls=\"e-n-accordion-item-2491\" >\n\t\t\t\t\t<span class='e-n-accordion-item-title-header'><div class=\"e-n-accordion-item-title-text\"> I cappelli non strutturati sono pi\u00f9 adatti per la stagione calda? <\/div><\/span>\n\t\t\t\t\t\t\t<span class='e-n-accordion-item-title-icon'>\n\t\t\t<span class='e-opened' ><svg aria-hidden=\"true\" class=\"e-font-icon-svg e-fas-minus\" viewbox=\"0 0 448 512\" xmlns=\"http:\/\/www.w3.org\/2000\/svg\"><path d=\"M416 208H32c-17.67 0-32 14.33-32 32v32c0 17.67 14.33 32 32 32h384c17.67 0 32-14.33 32-32v-32c0-17.67-14.33-32-32-32z\"><\/path><\/svg><\/span>\n\t\t\t<span class='e-closed'><svg aria-hidden=\"true\" class=\"e-font-icon-svg e-fas-plus\" viewbox=\"0 0 448 512\" xmlns=\"http:\/\/www.w3.org\/2000\/svg\"><path d=\"M416 208H272V64c0-17.67-14.33-32-32-32h-32c-17.67 0-32 14.33-32 32v144H32c-17.67 0-32 14.33-32 32v32c0 17.67 14.33 32 32 32h144v144c0 17.67 14.33 32 32 32h32c17.67 0 32-14.33 32-32V304h144c17.67 0 32-14.33 32-32v-32c0-17.67-14.33-32-32-32z\"><\/path><\/svg><\/span>\n\t\t<\/span>\n\n\t\t\t\t\t\t<\/summary>\n\t\t\t\t<div role=\"region\" aria-labelledby=\"e-n-accordion-item-2491\" class=\"elementor-element elementor-element-93d07e5 e-con-full e-flex e-con e-child\" data-id=\"93d07e5\" data-element_type=\"container\">\n\t\t\t\t<div class=\"elementor-element elementor-element-d032f60 elementor-widget elementor-widget-text-editor\" data-id=\"d032f60\" data-element_type=\"widget\" data-widget_type=\"text-editor.default\">\n\t\t\t\t<div class=\"elementor-widget-container\">\n\t\t\t\t\t\t\t\t\t<p>Spesso s\u00ec. Senza un pannello frontale rigido, i cappelli non strutturati possono risultare pi\u00f9 freschi e consentire una migliore circolazione dell&#039;aria, risultando pi\u00f9 comodi quando fa caldo.<\/p>\t\t\t\t\t\t\t\t<\/div>\n\t\t\t\t<\/div>\n\t\t\t\t<\/div>\n\t\t\t\t\t<\/details>\n\t\t\t\t\t\t<details id=\"e-n-accordion-item-2492\" class=\"e-n-accordion-item\" >\n\t\t\t\t<summary class=\"e-n-accordion-item-title\" data-accordion-index=\"3\" tabindex=\"-1\" aria-expanded=\"false\" aria-controls=\"e-n-accordion-item-2492\" >\n\t\t\t\t\t<span class='e-n-accordion-item-title-header'><div class=\"e-n-accordion-item-title-text\"> I cappelli strutturati vestono pi\u00f9 larghi rispetto a quelli non strutturati? <\/div><\/span>\n\t\t\t\t\t\t\t<span class='e-n-accordion-item-title-icon'>\n\t\t\t<span class='e-opened' ><svg aria-hidden=\"true\" class=\"e-font-icon-svg e-fas-minus\" viewbox=\"0 0 448 512\" xmlns=\"http:\/\/www.w3.org\/2000\/svg\"><path d=\"M416 208H32c-17.67 0-32 14.33-32 32v32c0 17.67 14.33 32 32 32h384c17.67 0 32-14.33 32-32v-32c0-17.67-14.33-32-32-32z\"><\/path><\/svg><\/span>\n\t\t\t<span class='e-closed'><svg aria-hidden=\"true\" class=\"e-font-icon-svg e-fas-plus\" viewbox=\"0 0 448 512\" xmlns=\"http:\/\/www.w3.org\/2000\/svg\"><path d=\"M416 208H272V64c0-17.67-14.33-32-32-32h-32c-17.67 0-32 14.33-32 32v144H32c-17.67 0-32 14.33-32 32v32c0 17.67 14.33 32 32 32h144v144c0 17.67 14.33 32 32 32h32c17.67 0 32-14.33 32-32V304h144c17.67 0 32-14.33 32-32v-32c0-17.67-14.33-32-32-32z\"><\/path><\/svg><\/span>\n\t\t<\/span>\n\n\t\t\t\t\t\t<\/summary>\n\t\t\t\t<div role=\"region\" aria-labelledby=\"e-n-accordion-item-2492\" class=\"elementor-element elementor-element-160ac3a e-con-full e-flex e-con e-child\" data-id=\"160ac3a\" data-element_type=\"container\">\n\t\t\t\t<div class=\"elementor-element elementor-element-a389dfe elementor-widget elementor-widget-text-editor\" data-id=\"a389dfe\" data-element_type=\"widget\" data-widget_type=\"text-editor.default\">\n\t\t\t\t<div class=\"elementor-widget-container\">\n\t\t\t\t\t\t\t\t\t<p>Non necessariamente. La vestibilit\u00e0 dipende dal profilo e dalla taglia del cappello, ma le corone strutturate potrebbero risultare leggermente pi\u00f9 ampie nella parte anteriore a causa del rinforzo.<\/p>\t\t\t\t\t\t\t\t<\/div>\n\t\t\t\t<\/div>\n\t\t\t\t<\/div>\n\t\t\t\t\t<\/details>\n\t\t\t\t\t\t<details id=\"e-n-accordion-item-2493\" class=\"e-n-accordion-item\" >\n\t\t\t\t<summary class=\"e-n-accordion-item-title\" data-accordion-index=\"4\" tabindex=\"-1\" aria-expanded=\"false\" aria-controls=\"e-n-accordion-item-2493\" >\n\t\t\t\t\t<span class='e-n-accordion-item-title-header'><div class=\"e-n-accordion-item-title-text\"> Posso lavare un cappello strutturato in lavatrice? <\/div><\/span>\n\t\t\t\t\t\t\t<span class='e-n-accordion-item-title-icon'>\n\t\t\t<span class='e-opened' ><svg aria-hidden=\"true\" class=\"e-font-icon-svg e-fas-minus\" viewbox=\"0 0 448 512\" xmlns=\"http:\/\/www.w3.org\/2000\/svg\"><path d=\"M416 208H32c-17.67 0-32 14.33-32 32v32c0 17.67 14.33 32 32 32h384c17.67 0 32-14.33 32-32v-32c0-17.67-14.33-32-32-32z\"><\/path><\/svg><\/span>\n\t\t\t<span class='e-closed'><svg aria-hidden=\"true\" class=\"e-font-icon-svg e-fas-plus\" viewbox=\"0 0 448 512\" xmlns=\"http:\/\/www.w3.org\/2000\/svg\"><path d=\"M416 208H272V64c0-17.67-14.33-32-32-32h-32c-17.67 0-32 14.33-32 32v144H32c-17.67 0-32 14.33-32 32v32c0 17.67 14.33 32 32 32h144v144c0 17.67 14.33 32 32 32h32c17.67 0 32-14.33 32-32V304h144c17.67 0 32-14.33 32-32v-32c0-17.67-14.33-32-32-32z\"><\/path><\/svg><\/span>\n\t\t<\/span>\n\n\t\t\t\t\t\t<\/summary>\n\t\t\t\t<div role=\"region\" aria-labelledby=\"e-n-accordion-item-2493\" class=\"elementor-element elementor-element-fc0169a e-flex e-con-boxed e-con e-child\" data-id=\"fc0169a\" data-element_type=\"container\">\n\t\t\t\t\t<div class=\"e-con-inner\">\n\t\t\t\t<div class=\"elementor-element elementor-element-ea972c9 elementor-widget elementor-widget-text-editor\" data-id=\"ea972c9\" data-element_type=\"widget\" data-widget_type=\"text-editor.default\">\n\t\t\t\t<div class=\"elementor-widget-container\">\n\t\t\t\t\t\t\t\t\t<p>Non \u00e8 consigliato. Il lavaggio in lavatrice pu\u00f2 deformare la corona. Il lavaggio a mano con un sapone delicato e l&#039;asciugatura all&#039;aria sono le soluzioni migliori per entrambi i tipi.<\/p>\t\t\t\t\t\t\t\t<\/div>\n\t\t\t\t<\/div>\n\t\t\t\t\t<\/div>\n\t\t\t\t<\/div>\n\t\t\t\t\t<\/details>\n\t\t\t\t\t\t<details id=\"e-n-accordion-item-2494\" class=\"e-n-accordion-item\" >\n\t\t\t\t<summary class=\"e-n-accordion-item-title\" data-accordion-index=\"5\" tabindex=\"-1\" aria-expanded=\"false\" aria-controls=\"e-n-accordion-item-2494\" >\n\t\t\t\t\t<span class='e-n-accordion-item-title-header'><div class=\"e-n-accordion-item-title-text\"> I cappelli semi-strutturati sono comuni sul mercato? <\/div><\/span>\n\t\t\t\t\t\t\t<span class='e-n-accordion-item-title-icon'>\n\t\t\t<span class='e-opened' ><svg aria-hidden=\"true\" class=\"e-font-icon-svg e-fas-minus\" viewbox=\"0 0 448 512\" xmlns=\"http:\/\/www.w3.org\/2000\/svg\"><path d=\"M416 208H32c-17.67 0-32 14.33-32 32v32c0 17.67 14.33 32 32 32h384c17.67 0 32-14.33 32-32v-32c0-17.67-14.33-32-32-32z\"><\/path><\/svg><\/span>\n\t\t\t<span class='e-closed'><svg aria-hidden=\"true\" class=\"e-font-icon-svg e-fas-plus\" viewbox=\"0 0 448 512\" xmlns=\"http:\/\/www.w3.org\/2000\/svg\"><path d=\"M416 208H272V64c0-17.67-14.33-32-32-32h-32c-17.67 0-32 14.33-32 32v144H32c-17.67 0-32 14.33-32 32v32c0 17.67 14.33 32 32 32h144v144c0 17.67 14.33 32 32 32h32c17.67 0 32-14.33 32-32V304h144c17.67 0 32-14.33 32-32v-32c0-17.67-14.33-32-32-32z\"><\/path><\/svg><\/span>\n\t\t<\/span>\n\n\t\t\t\t\t\t<\/summary>\n\t\t\t\t<div role=\"region\" aria-labelledby=\"e-n-accordion-item-2494\" class=\"elementor-element elementor-element-a313fde e-flex e-con-boxed e-con e-child\" data-id=\"a313fde\" data-element_type=\"container\">\n\t\t\t\t\t<div class=\"e-con-inner\">\n\t\t\t\t<div class=\"elementor-element elementor-element-cce638e elementor-widget elementor-widget-text-editor\" data-id=\"cce638e\" data-element_type=\"widget\" data-widget_type=\"text-editor.default\">\n\t\t\t\t<div class=\"elementor-widget-container\">\n\t\t\t\t\t\t\t\t\t<p>S\u00ec. I cappelli semi-strutturati sono ampiamente disponibili e offrono un equilibrio tra fermezza e comfort, rendendoli un&#039;opzione versatile per molti utenti.<\/p>\t\t\t\t\t\t\t\t<\/div>\n\t\t\t\t<\/div>\n\t\t\t\t\t<\/div>\n\t\t\t\t<\/div>\n\t\t\t\t\t<\/details>\n\t\t\t\t\t<\/div>\n\t\t\t\t\t\t<\/div>\n\t\t\t\t<\/div>\n\t\t\t\t\t<\/div>\n\t\t\t\t<\/div>\n\t\t\t\t<\/div>","protected":false},"excerpt":{"rendered":"<p>Scopri le principali differenze tra cappelli strutturati e non strutturati (vestibilit\u00e0, corona, profilo, spazio per il marchio, comfort e utilizzi migliori) per scegliere il berretto giusto.<\/p>","protected":false},"author":2,"featured_media":10985,"comment_status":"open","ping_status":"open","sticky":false,"template":"","format":"standard","meta":{"_monsterinsights_skip_tracking":false,"_monsterinsights_sitenote_active":false,"_monsterinsights_sitenote_note":"","_monsterinsights_sitenote_category":0,"footnotes":""},"categories":[14],"tags":[24],"class_list":["post-4058","post","type-post","status-publish","format-standard","has-post-thumbnail","hentry","category-blog","tag-hats"],"_links":{"self":[{"href":"https:\/\/jointophat.com\/it\/wp-json\/wp\/v2\/posts\/4058","targetHints":{"allow":["GET"]}}],"collection":[{"href":"https:\/\/jointophat.com\/it\/wp-json\/wp\/v2\/posts"}],"about":[{"href":"https:\/\/jointophat.com\/it\/wp-json\/wp\/v2\/types\/post"}],"author":[{"embeddable":true,"href":"https:\/\/jointophat.com\/it\/wp-json\/wp\/v2\/users\/2"}],"replies":[{"embeddable":true,"href":"https:\/\/jointophat.com\/it\/wp-json\/wp\/v2\/comments?post=4058"}],"version-history":[{"count":42,"href":"https:\/\/jointophat.com\/it\/wp-json\/wp\/v2\/posts\/4058\/revisions"}],"predecessor-version":[{"id":12272,"href":"https:\/\/jointophat.com\/it\/wp-json\/wp\/v2\/posts\/4058\/revisions\/12272"}],"wp:featuredmedia":[{"embeddable":true,"href":"https:\/\/jointophat.com\/it\/wp-json\/wp\/v2\/media\/10985"}],"wp:attachment":[{"href":"https:\/\/jointophat.com\/it\/wp-json\/wp\/v2\/media?parent=4058"}],"wp:term":[{"taxonomy":"category","embeddable":true,"href":"https:\/\/jointophat.com\/it\/wp-json\/wp\/v2\/categories?post=4058"},{"taxonomy":"post_tag","embeddable":true,"href":"https:\/\/jointophat.com\/it\/wp-json\/wp\/v2\/tags?post=4058"}],"curies":[{"name":"scrivere","href":"https:\/\/api.w.org\/{rel}","templated":true}]}}