{"id":9531,"date":"2025-05-13T15:47:42","date_gmt":"2025-05-13T15:47:42","guid":{"rendered":"https:\/\/jointophat.com\/?p=9531"},"modified":"2025-05-15T07:41:31","modified_gmt":"2025-05-15T07:41:31","slug":"i-migliori-cappelli-per-ogni-stagione","status":"publish","type":"post","link":"https:\/\/jointophat.com\/it\/blog\/i-migliori-cappelli-per-ogni-stagione\/","title":{"rendered":"I migliori cappelli per ogni stagione: consigli di stile per tutto l&#039;anno"},"content":{"rendered":"<div data-elementor-type=\"wp-post\" data-elementor-id=\"9531\" class=\"elementor elementor-9531\" data-elementor-post-type=\"post\">\n\t\t\t\t<div class=\"elementor-element elementor-element-d324dcc e-flex e-con-boxed e-con e-parent\" data-id=\"d324dcc\" data-element_type=\"container\">\n\t\t\t\t\t<div class=\"e-con-inner\">\n\t\t\t\t<div class=\"elementor-element elementor-element-b21e2f2 elementor-widget elementor-widget-text-editor\" data-id=\"b21e2f2\" data-element_type=\"widget\" data-widget_type=\"text-editor.default\">\n\t\t\t\t<div class=\"elementor-widget-container\">\n\t\t\t\t\t\t\t\t\t<p><a href=\"https:\/\/jointophat.com\/it\/\">Un buon cappello<\/a> Non si limita a completare il tuo outfit: ti protegge dal sole, dal vento e dal freddo, aggiungendo un tocco di stile. Che tu stia cercando il sole d&#039;estate o indossando strati di vestiti in inverno, c&#039;\u00e8 un cappello perfetto per ogni stagione.<\/p>\n<p>Questa guida illustra i migliori modelli di cappelli per primavera, estate, autunno e inverno, oltre a come indossarli con disinvoltura. Se desideri rinnovare il tuo guardaroba e sentirti comoda tutto l&#039;anno, sei nel posto giusto.<\/p>\n<h2>Come scegliere il cappello giusto per la stagione<\/h2>\n<h3>Abbina i cappelli alla forma del viso e alle dimensioni della testa<\/h3>\n<p>Il cappello giusto dovrebbe valorizzare i tuoi lineamenti. Hai un viso tondo? Le tese strutturate sono perfette. Hai un viso lungo? Scegline una pi\u00f9 ampia. E non dimenticare la vestibilit\u00e0: un cappello della misura giusta \u00e8 pi\u00f9 comodo e ha un aspetto pi\u00f9 elegante.<\/p>\n<p><img fetchpriority=\"high\" decoding=\"async\" class=\"aligncenter wp-image-9741\" title=\"ragazzo giovane e attraente che pensa, berretto con le cuffie, isolato su sfondo blu compresso\" src=\"https:\/\/jointophat.com\/wp-content\/uploads\/2025\/05\/thinking-young-handsome-guy-cap-wearing-headphones-isolated-blue-background_compressed-scaled.webp\" alt=\"ragazzo giovane e attraente che pensa, berretto con le cuffie, isolato su sfondo blu compresso\" width=\"500\" height=\"333\" srcset=\"https:\/\/jointophat.com\/wp-content\/uploads\/2025\/05\/thinking-young-handsome-guy-cap-wearing-headphones-isolated-blue-background_compressed-scaled.webp 2560w, https:\/\/jointophat.com\/wp-content\/uploads\/2025\/05\/thinking-young-handsome-guy-cap-wearing-headphones-isolated-blue-background_compressed-300x200.webp 300w, https:\/\/jointophat.com\/wp-content\/uploads\/2025\/05\/thinking-young-handsome-guy-cap-wearing-headphones-isolated-blue-background_compressed-1024x683.webp 1024w, https:\/\/jointophat.com\/wp-content\/uploads\/2025\/05\/thinking-young-handsome-guy-cap-wearing-headphones-isolated-blue-background_compressed-768x512.webp 768w, https:\/\/jointophat.com\/wp-content\/uploads\/2025\/05\/thinking-young-handsome-guy-cap-wearing-headphones-isolated-blue-background_compressed-1536x1024.webp 1536w, https:\/\/jointophat.com\/wp-content\/uploads\/2025\/05\/thinking-young-handsome-guy-cap-wearing-headphones-isolated-blue-background_compressed-2048x1365.webp 2048w, https:\/\/jointophat.com\/wp-content\/uploads\/2025\/05\/thinking-young-handsome-guy-cap-wearing-headphones-isolated-blue-background_compressed-18x12.webp 18w\" sizes=\"(max-width: 500px) 100vw, 500px\" \/><\/p>\n<h3>Il materiale conta: scegli tessuti adatti al meteo<\/h3>\n<p>Scegli materiali traspiranti come <strong>cotone<\/strong>, <strong>biancheria<\/strong>, O <strong>paglia<\/strong> per le stagioni pi\u00f9 calde. Questi tessuti consentono il passaggio dell&#039;aria e aiutano a ridurre l&#039;accumulo di calore. Per le giornate fredde, scegli opzioni isolanti come <strong>lana<\/strong>, <strong>pile<\/strong>, O <strong>sentito<\/strong> per trattenere il calore.<\/p>\n<h3>Considera stile e funzionalit\u00e0<\/h3>\n<p>Il tuo cappello dovrebbe fare pi\u00f9 che semplicemente apparire bello. Quando fa caldo, concentrati su <strong>Protezione UV<\/strong> e ventilazione. Per l&#039;inverno, scegli cappelli con isolamento termico o con paraorecchie per proteggere dal vento e dal freddo.<\/p>\n<h2>Stili di cappelli per tutte le stagioni che vale la pena possedere<\/h2>\n<p><img decoding=\"async\" class=\"aligncenter wp-image-9740\" title=\"immagine laterale di un giovane uomo caucasico attraente e alla moda con la barba lunga che indossa un elegante snapback\" src=\"https:\/\/jointophat.com\/wp-content\/uploads\/2025\/05\/sideways-image-attractive-trendy-young-caucasian-unshaven-male-wearing-stylish-snapback-scaled.webp\" alt=\"immagine laterale di un giovane uomo caucasico attraente e alla moda con la barba lunga che indossa un elegante snapback\" width=\"500\" height=\"333\" srcset=\"https:\/\/jointophat.com\/wp-content\/uploads\/2025\/05\/sideways-image-attractive-trendy-young-caucasian-unshaven-male-wearing-stylish-snapback-scaled.webp 2560w, https:\/\/jointophat.com\/wp-content\/uploads\/2025\/05\/sideways-image-attractive-trendy-young-caucasian-unshaven-male-wearing-stylish-snapback-300x200.webp 300w, https:\/\/jointophat.com\/wp-content\/uploads\/2025\/05\/sideways-image-attractive-trendy-young-caucasian-unshaven-male-wearing-stylish-snapback-1024x683.webp 1024w, https:\/\/jointophat.com\/wp-content\/uploads\/2025\/05\/sideways-image-attractive-trendy-young-caucasian-unshaven-male-wearing-stylish-snapback-768x512.webp 768w, https:\/\/jointophat.com\/wp-content\/uploads\/2025\/05\/sideways-image-attractive-trendy-young-caucasian-unshaven-male-wearing-stylish-snapback-1536x1024.webp 1536w, https:\/\/jointophat.com\/wp-content\/uploads\/2025\/05\/sideways-image-attractive-trendy-young-caucasian-unshaven-male-wearing-stylish-snapback-2048x1366.webp 2048w, https:\/\/jointophat.com\/wp-content\/uploads\/2025\/05\/sideways-image-attractive-trendy-young-caucasian-unshaven-male-wearing-stylish-snapback-18x12.webp 18w\" sizes=\"(max-width: 500px) 100vw, 500px\" \/><\/p>\n<h3>Cappellini da baseball<\/h3>\n<p>Un capo perfetto per l&#039;abbigliamento casual.\u00a0<\/p>\n<h3>Cappelli Panama<\/h3>\n<p>Realizzato in tessuto a trama fitta <strong>paglia toquilla<\/strong>I cappelli Panama sono eleganti, traspiranti e ideali dalla primavera all&#039;autunno.<\/p>\n<h3>Come adattarli durante tutto l&#039;anno<\/h3>\n<p>Cambia materiali o colori a seconda della stagione. Prova <strong>tessuti leggeri<\/strong> in estate e <strong>miscele di lana<\/strong> oppure tonalit\u00e0 pi\u00f9 scure in autunno e inverno per mantenere il look fresco e adatto alla stagione.<\/p>\n<h2>I migliori cappelli primaverili e consigli di stile<\/h2>\n<h3>Cappelli a secchiello<\/h3>\n<p>Leggeri e alla moda, i cappelli a secchiello sono ideali per le fresche giornate primaverili. Per maggiore comfort ed ecosostenibilit\u00e0, scegli un <strong>cappello di paglia<\/strong>, che si abbina perfettamente alle giacche di jeans o alle camicie casual.<\/p>\n<h3>Cappelli a tesa larga<\/h3>\n<p><img decoding=\"async\" class=\"aligncenter wp-image-9739\" title=\"uomo in posa nel deserto con cappello da camionista compresso\" src=\"https:\/\/jointophat.com\/wp-content\/uploads\/2025\/05\/medium-shot-man-desert-with-trucker-hat_compressed-scaled.webp\" alt=\"uomo in posa nel deserto con cappello da camionista compresso\" width=\"500\" height=\"333\" srcset=\"https:\/\/jointophat.com\/wp-content\/uploads\/2025\/05\/medium-shot-man-desert-with-trucker-hat_compressed-scaled.webp 2560w, https:\/\/jointophat.com\/wp-content\/uploads\/2025\/05\/medium-shot-man-desert-with-trucker-hat_compressed-300x200.webp 300w, https:\/\/jointophat.com\/wp-content\/uploads\/2025\/05\/medium-shot-man-desert-with-trucker-hat_compressed-1024x683.webp 1024w, https:\/\/jointophat.com\/wp-content\/uploads\/2025\/05\/medium-shot-man-desert-with-trucker-hat_compressed-768x512.webp 768w, https:\/\/jointophat.com\/wp-content\/uploads\/2025\/05\/medium-shot-man-desert-with-trucker-hat_compressed-1536x1024.webp 1536w, https:\/\/jointophat.com\/wp-content\/uploads\/2025\/05\/medium-shot-man-desert-with-trucker-hat_compressed-2048x1365.webp 2048w, https:\/\/jointophat.com\/wp-content\/uploads\/2025\/05\/medium-shot-man-desert-with-trucker-hat_compressed-18x12.webp 18w\" sizes=\"(max-width: 500px) 100vw, 500px\" \/><\/p>\n<p>Questi cappelli offrono eleganza e funzionalit\u00e0 <strong>protezione solare<\/strong>Scegli stili dai colori chiari per riflettere la luce del sole e abbinarli ai toni primaverili.<\/p>\n<h3>Cappelli Fedora primaverili<\/h3>\n<p>Scegli materiali traspiranti come <strong>cotone<\/strong> O <strong>feltro leggero<\/strong> e indossateli con top svolazzanti o blazer primaverili per un look raffinato.<\/p>\n<h2>I migliori cappelli estivi per protezione solare e stile<\/h2>\n<h3>Cappelli di paglia e stili da bagnino<\/h3>\n<p>A tesa larga <strong>cappelli da spiaggia in paglia<\/strong> O <strong>cappelli da bagnino<\/strong> offrono ombra e ventilazione eccellenti, rendendole ideali per le giornate in spiaggia o per gli eventi all&#039;aperto.<\/p>\n<h3>Cappelli da sole ripiegabili<\/h3>\n<p><img loading=\"lazy\" decoding=\"async\" class=\"aligncenter wp-image-9687\" title=\"bella ragazza sportiva al parco estivo\" src=\"https:\/\/jointophat.com\/wp-content\/uploads\/2025\/05\/beautiful-sports-girl-summer-park-scaled.webp\" alt=\"bella ragazza sportiva al parco estivo\" width=\"500\" height=\"333\" srcset=\"https:\/\/jointophat.com\/wp-content\/uploads\/2025\/05\/beautiful-sports-girl-summer-park-scaled.webp 2560w, https:\/\/jointophat.com\/wp-content\/uploads\/2025\/05\/beautiful-sports-girl-summer-park-300x200.webp 300w, https:\/\/jointophat.com\/wp-content\/uploads\/2025\/05\/beautiful-sports-girl-summer-park-1024x683.webp 1024w, https:\/\/jointophat.com\/wp-content\/uploads\/2025\/05\/beautiful-sports-girl-summer-park-768x512.webp 768w, https:\/\/jointophat.com\/wp-content\/uploads\/2025\/05\/beautiful-sports-girl-summer-park-1536x1024.webp 1536w, https:\/\/jointophat.com\/wp-content\/uploads\/2025\/05\/beautiful-sports-girl-summer-park-2048x1365.webp 2048w, https:\/\/jointophat.com\/wp-content\/uploads\/2025\/05\/beautiful-sports-girl-summer-park-18x12.webp 18w\" sizes=\"(max-width: 500px) 100vw, 500px\" \/><\/p>\n<p>Comodo da portare con s\u00e9 per gli amanti dei viaggi. Questi cappelli sono leggeri, resistenti agli urti e perfetti per le vacanze o i viaggi su strada.<\/p>\n<h3>Cappellini da baseball con protezione UV<\/h3>\n<p data-pm-slice=\"1 1 []\">Per un look estivo pi\u00f9 sportivo, scegli un cappello tecnico o un cappellino da baseball in tessuto traspirante.<\/p>\n<p>Per un look estivo pi\u00f9 sportivo, scegli un <strong>berretto da baseball<\/strong> Realizzato in tessuto tecnico traspirante. Mantiene il viso protetto e la testa fresca.<\/p>\n<h2>I migliori cappelli autunnali per completare i look a strati<\/h2>\n<p><img loading=\"lazy\" decoding=\"async\" class=\"aligncenter wp-image-5363\" title=\"Due cappelli JoinTop mimetici su una roccia vicino alle foglie autunnali cadute\" src=\"https:\/\/jointophat.com\/wp-content\/uploads\/2024\/12\/Two-camo-JoinTop-caps-on-a-rock-near-fallen-autumn-leaves.webp\" alt=\"Due cappelli JoinTop mimetici su una roccia vicino alle foglie autunnali cadute\" width=\"500\" height=\"375\" srcset=\"https:\/\/jointophat.com\/wp-content\/uploads\/2024\/12\/Two-camo-JoinTop-caps-on-a-rock-near-fallen-autumn-leaves.webp 960w, https:\/\/jointophat.com\/wp-content\/uploads\/2024\/12\/Two-camo-JoinTop-caps-on-a-rock-near-fallen-autumn-leaves-300x225.webp 300w, https:\/\/jointophat.com\/wp-content\/uploads\/2024\/12\/Two-camo-JoinTop-caps-on-a-rock-near-fallen-autumn-leaves-768x576.webp 768w, https:\/\/jointophat.com\/wp-content\/uploads\/2024\/12\/Two-camo-JoinTop-caps-on-a-rock-near-fallen-autumn-leaves-16x12.webp 16w\" sizes=\"(max-width: 500px) 100vw, 500px\" \/><\/p>\n<h3>Feltro Fedora<\/h3>\n<p>Un capo essenziale dell&#039;autunno, i fedora realizzati in <strong>feltro di lana<\/strong> Aggiungi struttura e calore. Abbinalo a maglioni, sciarpe e stivaletti.<\/p>\n<h3>Berretti da strillone<\/h3>\n<p>Strutturati e di ispirazione vintage, i cappellini da giornalaio sono perfetti con abiti in flanella e strati di vestiti. Offrono un look autunnale casual ma elegante.<\/p>\n<h3>Berretti<\/h3>\n<p>Aggiungi un tocco parigino con un tocco morbido <strong>berretto di lana<\/strong> Nei toni della terra come ruggine, oliva o cammello. Si abbinano ad abiti, cappotti o cardigan.<\/p>\n<h2>I migliori cappelli invernali per stare al caldo ed essere alla moda<\/h2>\n<p><img loading=\"lazy\" decoding=\"async\" class=\"aligncenter wp-image-7009\" title=\"cappelli invernali da pescatore\" src=\"https:\/\/jointophat.com\/wp-content\/uploads\/2025\/02\/winter-bucket-hats.webp\" alt=\"cappelli invernali da pescatore\" width=\"500\" height=\"281\" srcset=\"https:\/\/jointophat.com\/wp-content\/uploads\/2025\/02\/winter-bucket-hats.webp 1280w, https:\/\/jointophat.com\/wp-content\/uploads\/2025\/02\/winter-bucket-hats-300x169.webp 300w, https:\/\/jointophat.com\/wp-content\/uploads\/2025\/02\/winter-bucket-hats-1024x576.webp 1024w, https:\/\/jointophat.com\/wp-content\/uploads\/2025\/02\/winter-bucket-hats-768x432.webp 768w, https:\/\/jointophat.com\/wp-content\/uploads\/2025\/02\/winter-bucket-hats-18x10.webp 18w\" sizes=\"(max-width: 500px) 100vw, 500px\" \/><\/p>\n<h3>Berretti lavorati a maglia<\/h3>\n<p data-pm-slice=\"1 1 []\">Dai un&#039;occhiata al nostro <a href=\"https:\/\/jointophat.com\/it\/produttore-di-berretti\/\"><strong>collezione di berretti<\/strong><\/a> per opzioni calde ed eleganti realizzate da <strong>lana <\/strong>O <strong>miscele acriliche<\/strong>.<\/p>\n<p>I berretti sono un must have. Scegliete quelli in lana o misto acrilico per morbidezza e isolamento termico. Ideali per un abbigliamento casual invernale.<\/p>\n<h3>Cappelli da cacciatore<\/h3>\n<p>Scegli i cappelli da cacciatore con <strong>fodera in pelliccia sintetica<\/strong> e paraorecchie. Offrono una copertura completa e sono ideali per le giornate sulla neve o le avventure all&#039;aria aperta.<\/p>\n<h3>Cappelli a cloche<\/h3>\n<p>Fatto da <strong>feltro o lana<\/strong>I cappelli a cloche avvolgono la testa e offrono un look invernale d&#039;ispirazione vintage. Perfetti con cappotti e guanti.<\/p>\n<h2>Consigli per la cura dei cappelli: come mantenere i cappelli come nuovi<\/h2>\n<p data-pm-slice=\"1 1 []\">Per suggerimenti generali sulla cura, puoi anche fare riferimento a <a href=\"https:\/\/en.wikipedia.org\/wiki\/Hat\">l&#039;articolo sui cappelli<\/a> per informazioni di contesto e storico.<\/p>\n<p><img loading=\"lazy\" decoding=\"async\" class=\"aligncenter wp-image-9369\" title=\"cappello grigio traspirante natura morta rosa\" src=\"https:\/\/jointophat.com\/wp-content\/uploads\/2025\/04\/gray-Moisture-Wicking-hat-still-life-pink-scaled.webp\" alt=\"cappello grigio traspirante natura morta rosa\" width=\"500\" height=\"333\" srcset=\"https:\/\/jointophat.com\/wp-content\/uploads\/2025\/04\/gray-Moisture-Wicking-hat-still-life-pink-scaled.webp 2560w, https:\/\/jointophat.com\/wp-content\/uploads\/2025\/04\/gray-Moisture-Wicking-hat-still-life-pink-300x200.webp 300w, https:\/\/jointophat.com\/wp-content\/uploads\/2025\/04\/gray-Moisture-Wicking-hat-still-life-pink-1024x683.webp 1024w, https:\/\/jointophat.com\/wp-content\/uploads\/2025\/04\/gray-Moisture-Wicking-hat-still-life-pink-768x512.webp 768w, https:\/\/jointophat.com\/wp-content\/uploads\/2025\/04\/gray-Moisture-Wicking-hat-still-life-pink-1536x1024.webp 1536w, https:\/\/jointophat.com\/wp-content\/uploads\/2025\/04\/gray-Moisture-Wicking-hat-still-life-pink-2048x1365.webp 2048w, https:\/\/jointophat.com\/wp-content\/uploads\/2025\/04\/gray-Moisture-Wicking-hat-still-life-pink-18x12.webp 18w\" sizes=\"(max-width: 500px) 100vw, 500px\" \/><\/p>\n<h3>Suggerimenti per l&#039;archiviazione<\/h3>\n<p data-pm-slice=\"1 1 []\">Usate dei porta-cappelli o riempite la calotta con carta velina per mantenerne la forma. Conservate i cappelli in un luogo asciutto e ombreggiato per evitare umidit\u00e0 e scolorimento. <a href=\"https:\/\/jointophat.com\/it\/blog\/come-rimodellare-e-restaurare-il-tuo-berretto-da-baseball\/\">Ecco altri suggerimenti per riporre i cappelli<\/a>.<\/p>\n<h3>Pulizia per materiale<\/h3>\n<ul>\n<li>\n<p><strong>Paglia<\/strong>: Pulire con un panno leggermente umido; evitare di ammollarlo.<\/p>\n<\/li>\n<li>\n<p><strong>Cotone\/Poliestere<\/strong>: Se necessario, lavare a mano con un sapone delicato.<\/p>\n<\/li>\n<li>\n<p><strong>Lana\/Feltro<\/strong>: Utilizzare un rullo levapelucchi o una spazzola morbida per pulire delicatamente.<\/p>\n<\/li>\n<\/ul>\n<h3>Come evitare i danni del sudore e del sole<\/h3>\n<p>Arieggiate i cappelli dopo averli indossati, soprattutto in caso di clima umido. Potete anche applicare uno spray protettivo per tessuti per respingere il sudore e i danni dei raggi UV.<\/p>\n<h2>Conclusione<\/h2>\n<p><img loading=\"lazy\" decoding=\"async\" class=\"aligncenter wp-image-9400\" title=\"giovane ragazza hipster con berretto, jeans strappati, maglietta bianca seduta sullo skatepark con tavola da longboard compressa\" src=\"https:\/\/jointophat.com\/wp-content\/uploads\/2025\/04\/young-hipster-girl-cap-dressed-ripped-jeans-white-shirt-sitting-longboard-skatepark_compressed-scaled.webp\" alt=\"giovane ragazza hipster con berretto, jeans strappati, maglietta bianca seduta sullo skatepark con tavola da longboard compressa\" width=\"500\" height=\"333\" srcset=\"https:\/\/jointophat.com\/wp-content\/uploads\/2025\/04\/young-hipster-girl-cap-dressed-ripped-jeans-white-shirt-sitting-longboard-skatepark_compressed-scaled.webp 2560w, https:\/\/jointophat.com\/wp-content\/uploads\/2025\/04\/young-hipster-girl-cap-dressed-ripped-jeans-white-shirt-sitting-longboard-skatepark_compressed-300x200.webp 300w, https:\/\/jointophat.com\/wp-content\/uploads\/2025\/04\/young-hipster-girl-cap-dressed-ripped-jeans-white-shirt-sitting-longboard-skatepark_compressed-1024x683.webp 1024w, https:\/\/jointophat.com\/wp-content\/uploads\/2025\/04\/young-hipster-girl-cap-dressed-ripped-jeans-white-shirt-sitting-longboard-skatepark_compressed-768x512.webp 768w, https:\/\/jointophat.com\/wp-content\/uploads\/2025\/04\/young-hipster-girl-cap-dressed-ripped-jeans-white-shirt-sitting-longboard-skatepark_compressed-1536x1024.webp 1536w, https:\/\/jointophat.com\/wp-content\/uploads\/2025\/04\/young-hipster-girl-cap-dressed-ripped-jeans-white-shirt-sitting-longboard-skatepark_compressed-2048x1365.webp 2048w, https:\/\/jointophat.com\/wp-content\/uploads\/2025\/04\/young-hipster-girl-cap-dressed-ripped-jeans-white-shirt-sitting-longboard-skatepark_compressed-18x12.webp 18w\" sizes=\"(max-width: 500px) 100vw, 500px\" \/><\/p>\n<p>Un cappello ben scelto coniuga stile e funzionalit\u00e0 in ogni stagione. Dai modelli primaverili leggeri ai caldi capi essenziali invernali, c&#039;\u00e8 un capo perfetto per ogni outfit e occasione. Scegliere il materiale, la vestibilit\u00e0 e lo stile giusti ti garantir\u00e0 un look impeccabile e il massimo comfort tutto l&#039;anno.<\/p>\n<p>Vuoi trovare i tuoi stili preferiti per ogni stagione? Visita <a href=\"https:\/\/jointophat.com\/it\/produttore-di-tappi\/\">Unisciti a Top<\/a>\u00a0per scoprire cappelli di alta qualit\u00e0 realizzati per garantire comfort, stile e per essere indossati tutto il giorno.<\/p>\t\t\t\t\t\t\t\t<\/div>\n\t\t\t\t<\/div>\n\t\t\t\t<div class=\"elementor-element elementor-element-079e1b0 elementor-widget elementor-widget-heading\" data-id=\"079e1b0\" data-element_type=\"widget\" data-widget_type=\"heading.default\">\n\t\t\t\t<div class=\"elementor-widget-container\">\n\t\t\t\t\t<h2 class=\"elementor-heading-title elementor-size-default\">Domande frequenti<\/h2>\t\t\t\t<\/div>\n\t\t\t\t<\/div>\n\t\t\t\t<div class=\"elementor-element elementor-element-8c34e64 elementor-widget elementor-widget-n-accordion\" data-id=\"8c34e64\" data-element_type=\"widget\" data-settings=\"{&quot;default_state&quot;:&quot;expanded&quot;,&quot;max_items_expended&quot;:&quot;one&quot;,&quot;n_accordion_animation_duration&quot;:{&quot;unit&quot;:&quot;ms&quot;,&quot;size&quot;:400,&quot;sizes&quot;:[]}}\" data-widget_type=\"nested-accordion.default\">\n\t\t\t\t<div class=\"elementor-widget-container\">\n\t\t\t\t\t\t\t<div class=\"e-n-accordion\" aria-label=\"Fisarmonica. Apri i link con Invio o Spazio, chiudi con Esc e naviga con i tasti freccia\">\n\t\t\t\t\t\t<details id=\"e-n-accordion-item-1470\" class=\"e-n-accordion-item\" open>\n\t\t\t\t<summary class=\"e-n-accordion-item-title\" data-accordion-index=\"1\" tabindex=\"0\" aria-expanded=\"true\" aria-controls=\"e-n-accordion-item-1470\" >\n\t\t\t\t\t<span class='e-n-accordion-item-title-header'><div class=\"e-n-accordion-item-title-text\"> Qual \u00e8 il cappello migliore per proteggersi dal sole? <\/div><\/span>\n\t\t\t\t\t\t\t<span class='e-n-accordion-item-title-icon'>\n\t\t\t<span class='e-opened' ><svg aria-hidden=\"true\" class=\"e-font-icon-svg e-fas-minus\" viewbox=\"0 0 448 512\" xmlns=\"http:\/\/www.w3.org\/2000\/svg\"><path d=\"M416 208H32c-17.67 0-32 14.33-32 32v32c0 17.67 14.33 32 32 32h384c17.67 0 32-14.33 32-32v-32c0-17.67-14.33-32-32-32z\"><\/path><\/svg><\/span>\n\t\t\t<span class='e-closed'><svg aria-hidden=\"true\" class=\"e-font-icon-svg e-fas-plus\" viewbox=\"0 0 448 512\" xmlns=\"http:\/\/www.w3.org\/2000\/svg\"><path d=\"M416 208H272V64c0-17.67-14.33-32-32-32h-32c-17.67 0-32 14.33-32 32v144H32c-17.67 0-32 14.33-32 32v32c0 17.67 14.33 32 32 32h144v144c0 17.67 14.33 32 32 32h32c17.67 0 32-14.33 32-32V304h144c17.67 0 32-14.33 32-32v-32c0-17.67-14.33-32-32-32z\"><\/path><\/svg><\/span>\n\t\t<\/span>\n\n\t\t\t\t\t\t<\/summary>\n\t\t\t\t<div role=\"region\" aria-labelledby=\"e-n-accordion-item-1470\" class=\"elementor-element elementor-element-c1e16bc e-con-full e-flex e-con e-child\" data-id=\"c1e16bc\" data-element_type=\"container\">\n\t\t\t\t<div class=\"elementor-element elementor-element-b14186b elementor-widget elementor-widget-text-editor\" data-id=\"b14186b\" data-element_type=\"widget\" data-widget_type=\"text-editor.default\">\n\t\t\t\t<div class=\"elementor-widget-container\">\n\t\t\t\t\t\t\t\t\t<p data-pm-slice=\"1 1 []\">Cappelli a tesa larga come <strong>cappelli da spiaggia in paglia<\/strong>, <strong>cappelli da bagnino<\/strong>, E <strong>cappelli da sole ripiegabili<\/strong> offrono la massima copertura e sono ideali per le giornate di sole.<\/p>\t\t\t\t\t\t\t\t<\/div>\n\t\t\t\t<\/div>\n\t\t\t\t<\/div>\n\t\t\t\t\t<\/details>\n\t\t\t\t\t\t<details id=\"e-n-accordion-item-1471\" class=\"e-n-accordion-item\" >\n\t\t\t\t<summary class=\"e-n-accordion-item-title\" data-accordion-index=\"2\" tabindex=\"-1\" aria-expanded=\"false\" aria-controls=\"e-n-accordion-item-1471\" >\n\t\t\t\t\t<span class='e-n-accordion-item-title-header'><div class=\"e-n-accordion-item-title-text\"> Quali sono i modelli di cappello pi\u00f9 adatti per viaggiare? <\/div><\/span>\n\t\t\t\t\t\t\t<span class='e-n-accordion-item-title-icon'>\n\t\t\t<span class='e-opened' ><svg aria-hidden=\"true\" class=\"e-font-icon-svg e-fas-minus\" viewbox=\"0 0 448 512\" xmlns=\"http:\/\/www.w3.org\/2000\/svg\"><path d=\"M416 208H32c-17.67 0-32 14.33-32 32v32c0 17.67 14.33 32 32 32h384c17.67 0 32-14.33 32-32v-32c0-17.67-14.33-32-32-32z\"><\/path><\/svg><\/span>\n\t\t\t<span class='e-closed'><svg aria-hidden=\"true\" class=\"e-font-icon-svg e-fas-plus\" viewbox=\"0 0 448 512\" xmlns=\"http:\/\/www.w3.org\/2000\/svg\"><path d=\"M416 208H272V64c0-17.67-14.33-32-32-32h-32c-17.67 0-32 14.33-32 32v144H32c-17.67 0-32 14.33-32 32v32c0 17.67 14.33 32 32 32h144v144c0 17.67 14.33 32 32 32h32c17.67 0 32-14.33 32-32V304h144c17.67 0 32-14.33 32-32v-32c0-17.67-14.33-32-32-32z\"><\/path><\/svg><\/span>\n\t\t<\/span>\n\n\t\t\t\t\t\t<\/summary>\n\t\t\t\t<div role=\"region\" aria-labelledby=\"e-n-accordion-item-1471\" class=\"elementor-element elementor-element-18dce6a e-con-full e-flex e-con e-child\" data-id=\"18dce6a\" data-element_type=\"container\">\n\t\t\t\t<div class=\"elementor-element elementor-element-cee2701 elementor-widget elementor-widget-text-editor\" data-id=\"cee2701\" data-element_type=\"widget\" data-widget_type=\"text-editor.default\">\n\t\t\t\t<div class=\"elementor-widget-container\">\n\t\t\t\t\t\t\t\t\t<p data-pm-slice=\"1 1 []\"><strong>Cappelli da sole ripiegabili<\/strong>, <strong>cappellini da baseball<\/strong>, E <strong>cappelli a secchiello<\/strong> sono leggeri e facili da piegare, il che li rende perfetti per i viaggi e le avventure in movimento.<\/p>\t\t\t\t\t\t\t\t<\/div>\n\t\t\t\t<\/div>\n\t\t\t\t<\/div>\n\t\t\t\t\t<\/details>\n\t\t\t\t\t\t<details id=\"e-n-accordion-item-1472\" class=\"e-n-accordion-item\" >\n\t\t\t\t<summary class=\"e-n-accordion-item-title\" data-accordion-index=\"3\" tabindex=\"-1\" aria-expanded=\"false\" aria-controls=\"e-n-accordion-item-1472\" >\n\t\t\t\t\t<span class='e-n-accordion-item-title-header'><div class=\"e-n-accordion-item-title-text\"> Come faccio a scegliere un cappello adatto alla forma del mio viso? <\/div><\/span>\n\t\t\t\t\t\t\t<span class='e-n-accordion-item-title-icon'>\n\t\t\t<span class='e-opened' ><svg aria-hidden=\"true\" class=\"e-font-icon-svg e-fas-minus\" viewbox=\"0 0 448 512\" xmlns=\"http:\/\/www.w3.org\/2000\/svg\"><path d=\"M416 208H32c-17.67 0-32 14.33-32 32v32c0 17.67 14.33 32 32 32h384c17.67 0 32-14.33 32-32v-32c0-17.67-14.33-32-32-32z\"><\/path><\/svg><\/span>\n\t\t\t<span class='e-closed'><svg aria-hidden=\"true\" class=\"e-font-icon-svg e-fas-plus\" viewbox=\"0 0 448 512\" xmlns=\"http:\/\/www.w3.org\/2000\/svg\"><path d=\"M416 208H272V64c0-17.67-14.33-32-32-32h-32c-17.67 0-32 14.33-32 32v144H32c-17.67 0-32 14.33-32 32v32c0 17.67 14.33 32 32 32h144v144c0 17.67 14.33 32 32 32h32c17.67 0 32-14.33 32-32V304h144c17.67 0 32-14.33 32-32v-32c0-17.67-14.33-32-32-32z\"><\/path><\/svg><\/span>\n\t\t<\/span>\n\n\t\t\t\t\t\t<\/summary>\n\t\t\t\t<div role=\"region\" aria-labelledby=\"e-n-accordion-item-1472\" class=\"elementor-element elementor-element-ded31a0 e-con-full e-flex e-con e-child\" data-id=\"ded31a0\" data-element_type=\"container\">\n\t\t\t\t<div class=\"elementor-element elementor-element-9992bdb elementor-widget elementor-widget-text-editor\" data-id=\"9992bdb\" data-element_type=\"widget\" data-widget_type=\"text-editor.default\">\n\t\t\t\t<div class=\"elementor-widget-container\">\n\t\t\t\t\t\t\t\t\t<p data-pm-slice=\"1 1 []\">Cappelli strutturati come <strong>cappelli di feltro<\/strong> O <strong>cappellini snapback<\/strong> funzionano bene per i volti rotondi, mentre gli stili a tesa larga bilanciano le forme del viso pi\u00f9 lunghe. Cappelli regolabili come <strong>cappelli da pap\u00e0<\/strong> offrono un fascino universale.<\/p>\t\t\t\t\t\t\t\t<\/div>\n\t\t\t\t<\/div>\n\t\t\t\t<\/div>\n\t\t\t\t\t<\/details>\n\t\t\t\t\t\t<details id=\"e-n-accordion-item-1473\" class=\"e-n-accordion-item\" >\n\t\t\t\t<summary class=\"e-n-accordion-item-title\" data-accordion-index=\"4\" tabindex=\"-1\" aria-expanded=\"false\" aria-controls=\"e-n-accordion-item-1473\" >\n\t\t\t\t\t<span class='e-n-accordion-item-title-header'><div class=\"e-n-accordion-item-title-text\"> Posso indossare lo stesso stile di cappello in stagioni diverse? <\/div><\/span>\n\t\t\t\t\t\t\t<span class='e-n-accordion-item-title-icon'>\n\t\t\t<span class='e-opened' ><svg aria-hidden=\"true\" class=\"e-font-icon-svg e-fas-minus\" viewbox=\"0 0 448 512\" xmlns=\"http:\/\/www.w3.org\/2000\/svg\"><path d=\"M416 208H32c-17.67 0-32 14.33-32 32v32c0 17.67 14.33 32 32 32h384c17.67 0 32-14.33 32-32v-32c0-17.67-14.33-32-32-32z\"><\/path><\/svg><\/span>\n\t\t\t<span class='e-closed'><svg aria-hidden=\"true\" class=\"e-font-icon-svg e-fas-plus\" viewbox=\"0 0 448 512\" xmlns=\"http:\/\/www.w3.org\/2000\/svg\"><path d=\"M416 208H272V64c0-17.67-14.33-32-32-32h-32c-17.67 0-32 14.33-32 32v144H32c-17.67 0-32 14.33-32 32v32c0 17.67 14.33 32 32 32h144v144c0 17.67 14.33 32 32 32h32c17.67 0 32-14.33 32-32V304h144c17.67 0 32-14.33 32-32v-32c0-17.67-14.33-32-32-32z\"><\/path><\/svg><\/span>\n\t\t<\/span>\n\n\t\t\t\t\t\t<\/summary>\n\t\t\t\t<div role=\"region\" aria-labelledby=\"e-n-accordion-item-1473\" class=\"elementor-element elementor-element-b8f9786 e-flex e-con-boxed e-con e-child\" data-id=\"b8f9786\" data-element_type=\"container\">\n\t\t\t\t\t<div class=\"e-con-inner\">\n\t\t\t\t<div class=\"elementor-element elementor-element-31d28bc elementor-widget elementor-widget-text-editor\" data-id=\"31d28bc\" data-element_type=\"widget\" data-widget_type=\"text-editor.default\">\n\t\t\t\t<div class=\"elementor-widget-container\">\n\t\t\t\t\t\t\t\t\t<p data-pm-slice=\"1 1 []\">S\u00ec. Cappelli versatili come <strong>cappellini da baseball<\/strong> E <strong>cappelli Panama<\/strong> pu\u00f2 funzionare tutto l&#039;anno cambiando i materiali: scegli <strong>maglia<\/strong> O <strong>paglia<\/strong> in estate e <strong>cotone<\/strong> O <strong>lana<\/strong> nei mesi pi\u00f9 freddi.<\/p>\t\t\t\t\t\t\t\t<\/div>\n\t\t\t\t<\/div>\n\t\t\t\t\t<\/div>\n\t\t\t\t<\/div>\n\t\t\t\t\t<\/details>\n\t\t\t\t\t\t<details id=\"e-n-accordion-item-1474\" class=\"e-n-accordion-item\" >\n\t\t\t\t<summary class=\"e-n-accordion-item-title\" data-accordion-index=\"5\" tabindex=\"-1\" aria-expanded=\"false\" aria-controls=\"e-n-accordion-item-1474\" >\n\t\t\t\t\t<span class='e-n-accordion-item-title-header'><div class=\"e-n-accordion-item-title-text\"> Come posso pulire e conservare correttamente i miei cappelli? <\/div><\/span>\n\t\t\t\t\t\t\t<span class='e-n-accordion-item-title-icon'>\n\t\t\t<span class='e-opened' ><svg aria-hidden=\"true\" class=\"e-font-icon-svg e-fas-minus\" viewbox=\"0 0 448 512\" xmlns=\"http:\/\/www.w3.org\/2000\/svg\"><path d=\"M416 208H32c-17.67 0-32 14.33-32 32v32c0 17.67 14.33 32 32 32h384c17.67 0 32-14.33 32-32v-32c0-17.67-14.33-32-32-32z\"><\/path><\/svg><\/span>\n\t\t\t<span class='e-closed'><svg aria-hidden=\"true\" class=\"e-font-icon-svg e-fas-plus\" viewbox=\"0 0 448 512\" xmlns=\"http:\/\/www.w3.org\/2000\/svg\"><path d=\"M416 208H272V64c0-17.67-14.33-32-32-32h-32c-17.67 0-32 14.33-32 32v144H32c-17.67 0-32 14.33-32 32v32c0 17.67 14.33 32 32 32h144v144c0 17.67 14.33 32 32 32h32c17.67 0 32-14.33 32-32V304h144c17.67 0 32-14.33 32-32v-32c0-17.67-14.33-32-32-32z\"><\/path><\/svg><\/span>\n\t\t<\/span>\n\n\t\t\t\t\t\t<\/summary>\n\t\t\t\t<div role=\"region\" aria-labelledby=\"e-n-accordion-item-1474\" class=\"elementor-element elementor-element-2529ca2 e-flex e-con-boxed e-con e-child\" data-id=\"2529ca2\" data-element_type=\"container\">\n\t\t\t\t\t<div class=\"e-con-inner\">\n\t\t\t\t<div class=\"elementor-element elementor-element-e5fd3df elementor-widget elementor-widget-text-editor\" data-id=\"e5fd3df\" data-element_type=\"widget\" data-widget_type=\"text-editor.default\">\n\t\t\t\t<div class=\"elementor-widget-container\">\n\t\t\t\t\t\t\t\t\t<p data-pm-slice=\"1 1 []\">Pulire in base al materiale (ad esempio, panno umido per la paglia, spazzola per la lana). Conservare i cappelli su supporti o riempirli di carta per mantenerne la forma, lontano dalla luce solare diretta.<\/p>\t\t\t\t\t\t\t\t<\/div>\n\t\t\t\t<\/div>\n\t\t\t\t\t<\/div>\n\t\t\t\t<\/div>\n\t\t\t\t\t<\/details>\n\t\t\t\t\t<\/div>\n\t\t\t\t\t\t<\/div>\n\t\t\t\t<\/div>\n\t\t\t\t\t<\/div>\n\t\t\t\t<\/div>\n\t\t\t\t<\/div>","protected":false},"excerpt":{"rendered":"<p>Scopri i migliori modelli di cappelli per primavera, estate, autunno e inverno. Rimani alla moda, al riparo dal sole e al caldo tutto l&#039;anno con questa guida ai cappelli stagionali.<\/p>","protected":false},"author":3,"featured_media":9738,"comment_status":"open","ping_status":"open","sticky":false,"template":"","format":"standard","meta":{"_monsterinsights_skip_tracking":false,"_monsterinsights_sitenote_active":false,"_monsterinsights_sitenote_note":"","_monsterinsights_sitenote_category":0,"footnotes":""},"categories":[14],"tags":[23,24,48],"class_list":["post-9531","post","type-post","status-publish","format-standard","has-post-thumbnail","hentry","category-blog","tag-caps","tag-hats","tag-seasons"],"_links":{"self":[{"href":"https:\/\/jointophat.com\/it\/wp-json\/wp\/v2\/posts\/9531","targetHints":{"allow":["GET"]}}],"collection":[{"href":"https:\/\/jointophat.com\/it\/wp-json\/wp\/v2\/posts"}],"about":[{"href":"https:\/\/jointophat.com\/it\/wp-json\/wp\/v2\/types\/post"}],"author":[{"embeddable":true,"href":"https:\/\/jointophat.com\/it\/wp-json\/wp\/v2\/users\/3"}],"replies":[{"embeddable":true,"href":"https:\/\/jointophat.com\/it\/wp-json\/wp\/v2\/comments?post=9531"}],"version-history":[{"count":71,"href":"https:\/\/jointophat.com\/it\/wp-json\/wp\/v2\/posts\/9531\/revisions"}],"predecessor-version":[{"id":9907,"href":"https:\/\/jointophat.com\/it\/wp-json\/wp\/v2\/posts\/9531\/revisions\/9907"}],"wp:featuredmedia":[{"embeddable":true,"href":"https:\/\/jointophat.com\/it\/wp-json\/wp\/v2\/media\/9738"}],"wp:attachment":[{"href":"https:\/\/jointophat.com\/it\/wp-json\/wp\/v2\/media?parent=9531"}],"wp:term":[{"taxonomy":"category","embeddable":true,"href":"https:\/\/jointophat.com\/it\/wp-json\/wp\/v2\/categories?post=9531"},{"taxonomy":"post_tag","embeddable":true,"href":"https:\/\/jointophat.com\/it\/wp-json\/wp\/v2\/tags?post=9531"}],"curies":[{"name":"scrivere","href":"https:\/\/api.w.org\/{rel}","templated":true}]}}